{"id":74165,"date":"2020-01-25T07:35:41","date_gmt":"2020-01-25T12:35:41","guid":{"rendered":"https:\/\/linitiative.ca\/International\/47-candidatures-seulement-pour-70-places-de-traducteurs-interpretes-dans-la-fonction-publique\/"},"modified":"2020-01-25T07:35:41","modified_gmt":"2020-01-25T12:35:41","slug":"47-candidatures-seulement-pour-70-places-de-traducteurs-interpretes-dans-la-fonction-publique","status":"publish","type":"post","link":"https:\/\/linitiative.ca\/International\/47-candidatures-seulement-pour-70-places-de-traducteurs-interpretes-dans-la-fonction-publique\/","title":{"rendered":"47 candidatures seulement pour 70 places de traducteurs-interpr\u00e8tes dans la Fonction publique"},"content":{"rendered":"<div class=\"featured-area featured-area-inner\"><img loading=\"lazy\" decoding=\"async\" width=\"780\" height=\"405\" src=\"https:\/\/i1.wp.com\/ecomatin.net\/wp-content\/uploads\/2020\/01\/Captureopuscule.png?resize=780%2C405&#038;ssl=1&#038;is-pending-load=1\" class=\"attachment-jannah-image-post size-jannah-image-post wp-post-image jetpack-lazy-image\" alt=\"\" srcset=\"data:image\/gif;base64,R0lGODlhAQABAIAAAAAAAP\/\/\/yH5BAEAAAAALAAAAAABAAEAAAIBRAA7\"\/><\/div>\n<div class=\"entry-content entry clearfix\" readability=\"58.6349009901\">\n<p>Pour permettre \u00e0 plus d\u2019individus de candidater au recrutement sp\u00e9cial<br \/>d\u2019interpr\u00e8tes et de traducteurs, le ministre de la Fonction publique, Joseph Le<br \/>proroge le d\u00e9lai de d\u00e9p\u00f4t de dossier et \u00e9tend \u00e0 40 ans l\u2019\u00e2ge limite.<br \/>Le d\u00e9lai de d\u00e9p\u00f4t de dossiers pour le recrutement sp\u00e9cial pour l\u2019ann\u00e9e 2020<br \/>initialement fix\u00e9 au 31 janvier est report\u00e9 au 28 f\u00e9vrier prochain. D\u00e9cision prise<br \/>au terme de la r\u00e9union du Comit\u00e9 interminist\u00e9riel charg\u00e9 de ce processus,<br \/>pr\u00e9sid\u00e9e par le ministre de la Fonction publique et de la R\u00e9forme<br \/>administrative (Minfopra), le 22 janvier.<br \/>Le ministre explique qu\u2019\u00ab \u00e0 peine 47 dossiers de candidatures ont \u00e9t\u00e9<br \/>enregistr\u00e9s dans les services comp\u00e9tents depuis le 3 janvier, date d\u2019ouverture<br \/>de l\u2019op\u00e9ration \u00bb. Or le recrutement sp\u00e9cial de 500 personnels dans le corps des<br \/>fonctionnaires des services de traduction et d\u2019interpr\u00e9tation instruit par le chef<br \/>de l\u2019Etat suite aux recommandations du Grand Dialogue National, s\u2019\u00e9tale sur<br \/>cinq ans, \u00e0 raison de 100 personnels par an.<br \/>La premi\u00e8re vague de recrutement de ces agents publics est r\u00e9partie en quatre<br \/>cat\u00e9gories : 70 places pour les traducteurs principaux, cat\u00e9gorie A, 2 e grade,<br \/>soit 45 places pour les candidats ayant l\u2019anglais comme premi\u00e8re langue et 25<br \/>places pour ceux ayant le fran\u00e7ais comme premi\u00e8re langue. 10 places sont<br \/>ensuite r\u00e9serv\u00e9es aux traducteurs cat\u00e9gorie A, 1 er grade de la Fonction publique<br \/>(six places pour la langue anglaise et quatre pour le fran\u00e7ais). Enfin 10 places<br \/>sont r\u00e9serv\u00e9es aux traducteurs interpr\u00e8tes principaux cat\u00e9gorie A, 2 \u00e8me grade et<\/p>\n<p>10 places pour ceux du 1 er grade. Exceptionnellement, a relev\u00e9 Joseph Le, ce<br \/>concours d\u2019entr\u00e9e \u00e0 la Fonction publique est \u00e9galement ouvert aux candidats<br \/>de 40 ans au maximum, au lieu de 35 ans. Les \u00e9preuves \u00e9crites se d\u00e9rouleront<br \/>du samedi 14 au dimanche 15 mars 2020 dans les quatre centres d\u2019examen que<br \/>sont Bamenda, Buea, Garoua et Yaound\u00e9 \u00bb a indiqu\u00e9 le ministre. Les frais de<br \/>dossiers sont fix\u00e9s \u00e0 15 000 FCFA.<br \/>Ferdinand Ngoh Ngoh, secr\u00e9taire g\u00e9n\u00e9ral de la pr\u00e9sidence de la R\u00e9publique du<br \/>Cameroun, a sign\u00e9 le 20 novembre 2019 une correspondance r\u00e9percutant les<br \/>instructions demandant au gouvernement de proc\u00e9der au recrutement de<br \/>traducteurs et traducteurs-interpr\u00e8tes au sein de l\u2019administration publique<br \/>camerounaise.<\/p>\n<div class=\"sharedaddy sd-sharing-enabled robots-nocontent sd-block sd-social sd-social-icon-text sd-sharing\">\n<h3 class=\"sd-title\">Partager\u00a0:<\/h3>\n<\/div>\n<p><h3 class=\"jp-relatedposts-headline\"><em>Articles similaires<\/em><\/h3>\n<\/p>\n<div class=\"stream-item stream-item-below-post-content\"><a href=\"https:\/\/www.facebook.com\/canalpluscmr\/\" title=\"\" target=\"_blank\" rel=\"noopener noreferrer\"><img loading=\"lazy\" decoding=\"async\" src=\"https:\/\/ecomatin.net\/wp-content\/uploads\/2020\/01\/ecomatin-H1260-xL-6222-px.png\" alt=\"\" width=\"728\" height=\"90\"\/><\/a><\/div>\n<\/div>\n<div class=\"toggle-post-content clearfix\"><a id=\"toggle-post-button\" class=\"button\" href=\"#\">Afficher plus <\/a><\/div>\n<p>Auteur: Nasser Ngoume<br \/>\n<a href=\"https:\/\/ecomatin.net\/47-candidatures-seulement-pour-70-places-de-traducteurs-interpretes-dans-la-fonction-publique\/\">Cliquez ici pour lire l&rsquo;article depuis sa source.<\/a><\/p>\n","protected":false},"excerpt":{"rendered":"<p>Pour permettre \u00e0 plus d\u2019individus de candidater au recrutement sp\u00e9ciald\u2019interpr\u00e8tes et de traducteurs, le ministre de la Fonction publique, Joseph Leproroge le d\u00e9lai de d\u00e9p\u00f4t de dossier et \u00e9tend \u00e0 40 ans l\u2019\u00e2ge limite.Le d\u00e9lai de d\u00e9p\u00f4t de dossiers pour le recrutement sp\u00e9cial pour l\u2019ann\u00e9e 2020initialement fix\u00e9 au 31 janvier est report\u00e9 au 28 f\u00e9vrier [&hellip;]<\/p>\n","protected":false},"author":1969,"featured_media":0,"comment_status":"closed","ping_status":"closed","sticky":false,"template":"","format":"standard","meta":{"fifu_image_url":"","fifu_image_alt":"","footnotes":""},"categories":[82,78],"tags":[],"class_list":["post-74165","post","type-post","status-publish","format-standard","hentry","category-cameroun","category-economie"],"_links":{"self":[{"href":"https:\/\/linitiative.ca\/International\/wp-json\/wp\/v2\/posts\/74165","targetHints":{"allow":["GET"]}}],"collection":[{"href":"https:\/\/linitiative.ca\/International\/wp-json\/wp\/v2\/posts"}],"about":[{"href":"https:\/\/linitiative.ca\/International\/wp-json\/wp\/v2\/types\/post"}],"author":[{"embeddable":true,"href":"https:\/\/linitiative.ca\/International\/wp-json\/wp\/v2\/users\/1969"}],"replies":[{"embeddable":true,"href":"https:\/\/linitiative.ca\/International\/wp-json\/wp\/v2\/comments?post=74165"}],"version-history":[{"count":0,"href":"https:\/\/linitiative.ca\/International\/wp-json\/wp\/v2\/posts\/74165\/revisions"}],"wp:attachment":[{"href":"https:\/\/linitiative.ca\/International\/wp-json\/wp\/v2\/media?parent=74165"}],"wp:term":[{"taxonomy":"category","embeddable":true,"href":"https:\/\/linitiative.ca\/International\/wp-json\/wp\/v2\/categories?post=74165"},{"taxonomy":"post_tag","embeddable":true,"href":"https:\/\/linitiative.ca\/International\/wp-json\/wp\/v2\/tags?post=74165"}],"curies":[{"name":"wp","href":"https:\/\/api.w.org\/{rel}","templated":true}]}}