{"id":74167,"date":"2020-01-25T07:43:46","date_gmt":"2020-01-25T12:43:46","guid":{"rendered":"https:\/\/linitiative.ca\/International\/11327-milliards-de-fcfa-pour-limplementation-du-plan-strategique-national-de-sante-numerique\/"},"modified":"2020-01-25T07:43:46","modified_gmt":"2020-01-25T12:43:46","slug":"11327-milliards-de-fcfa-pour-limplementation-du-plan-strategique-national-de-sante-numerique","status":"publish","type":"post","link":"https:\/\/linitiative.ca\/International\/11327-milliards-de-fcfa-pour-limplementation-du-plan-strategique-national-de-sante-numerique\/","title":{"rendered":"11,327 milliards de FCFA pour l\u2019impl\u00e9mentation du Plan strat\u00e9gique national de sant\u00e9 num\u00e9rique"},"content":{"rendered":"<div class=\"featured-area featured-area-inner\"><img loading=\"lazy\" decoding=\"async\" width=\"200\" height=\"175\" src=\"https:\/\/i0.wp.com\/ecomatin.net\/wp-content\/uploads\/2020\/01\/1540796020_Cameroun_Offres_emplois-Recrutement_MINSANTE-YAOUNDE-DOUALA.jpeg?resize=200%2C175&#038;ssl=1&#038;is-pending-load=1\" class=\"attachment-jannah-image-post size-jannah-image-post wp-post-image jetpack-lazy-image\" alt=\"\" srcset=\"data:image\/gif;base64,R0lGODlhAQABAIAAAAAAAP\/\/\/yH5BAEAAAAALAAAAAABAAEAAAIBRAA7\"\/><\/div>\n<div class=\"entry-content entry clearfix\" readability=\"51.6180215475\">\n<p>L\u2019initiative lanc\u00e9e le 16 janvier par le ministre de la Sant\u00e9 publique Manaouda<br \/>Malachie, va s\u2019\u00e9tendre sur cinq ans. Elle vise \u00e0 r\u00e9pondre aux besoins de sant\u00e9 de<br \/>la population et \u00e0 l\u2019am\u00e9lioration des conditions de vie par l\u2019acc\u00e8s aux meilleurs<br \/>soins de sant\u00e9.<br \/>Le syst\u00e8me de sant\u00e9 camerounais qui n\u2019a cess\u00e9 de se d\u00e9marquer par ses<br \/>multiples scandales s\u2019enrichit du Plan strat\u00e9gique national de sant\u00e9 num\u00e9rique.<\/p>\n<p>Il vise \u00e0 am\u00e9liorer l\u2019accessibilit\u00e9 et la qualit\u00e9 des soins et services de sant\u00e9 \u00e0<br \/>travers le recours aux technologies num\u00e9riques qui favorisent l\u2019innovation, la<br \/>d\u00e9mat\u00e9rialisation, l\u2019interconnexion et la c\u00e9l\u00e9rit\u00e9.<br \/>Pour le ministre de la Sant\u00e9 publique (Minsant\u00e9), Manaouda Malachie, \u00ab ce<br \/>plan se propose d\u2019apporter une r\u00e9ponse efficace aux principales difficult\u00e9s<br \/>auxquelles nous faisons face. Notamment la couverture g\u00e9ographique encore<br \/>insuffisante de l\u2019offre des soins \u00bb.<br \/>Par ailleurs, \u00ab c\u2019est aussi une r\u00e9ponse au difficile acc\u00e8s aux soins et services de<br \/>sant\u00e9, le faible respect des protocoles de prise en charge. L\u2019insuffisant<br \/>renforcement des capacit\u00e9s des personnels. La disparit\u00e9 des co\u00fbts de prise en<br \/>charge, la faible disponibilit\u00e9 des donn\u00e9es sanitaires de qualit\u00e9 pour la prise des<br \/>d\u00e9cisions \u00e9clair\u00e9es. Bien plus, la conversion num\u00e9rique de notre syst\u00e8me de<br \/>sant\u00e9 doit servir de base technique pour le d\u00e9ploiement efficace, op\u00e9rationnel<br \/>et le contr\u00f4le de la couverture sant\u00e9 universelle \u00bb.<br \/>La mise en \u0153uvre de ce projet est \u00e9valu\u00e9e \u00e0 environ 11,327 milliards de FCFA,<br \/>sur une dur\u00e9e de 5 ans. Son d\u00e9ploiement permettra au Cameroun de r\u00e9pondre<br \/>aux besoins de sant\u00e9 de la population et l\u2019am\u00e9lioration des conditions de vie<br \/>par l\u2019acc\u00e8s aux meilleurs soins de sant\u00e9. De garantir aux patients la prise de<br \/>bonnes d\u00e9cisions sur leur \u00e9tat de sant\u00e9 universelle qui va contribuer \u00e0 la<br \/>meilleure prise en charge des patients et une meilleure surveillance des<br \/>maladies \u00e9mergentes.<\/p>\n<div class=\"sharedaddy sd-sharing-enabled robots-nocontent sd-block sd-social sd-social-icon-text sd-sharing\">\n<h3 class=\"sd-title\">Partager\u00a0:<\/h3>\n<\/div>\n<p><h3 class=\"jp-relatedposts-headline\"><em>Articles similaires<\/em><\/h3>\n<\/p>\n<div class=\"stream-item stream-item-below-post-content\"><a href=\"https:\/\/www.facebook.com\/canalpluscmr\/\" title=\"\" target=\"_blank\" rel=\"noopener noreferrer\"><img loading=\"lazy\" decoding=\"async\" src=\"https:\/\/ecomatin.net\/wp-content\/uploads\/2020\/01\/ecomatin-H1260-xL-6222-px.png\" alt=\"\" width=\"728\" height=\"90\"\/><\/a><\/div>\n<\/div>\n<div class=\"toggle-post-content clearfix\"><a id=\"toggle-post-button\" class=\"button\" href=\"#\">Afficher plus <\/a><\/div>\n<p>Auteur: Nasser Ngoume<br \/>\n<a href=\"https:\/\/ecomatin.net\/11327-milliards-de-fcfa-pour-limplementation-du-plan-strategique-national-de-sante-numerique\/\">Cliquez ici pour lire l&rsquo;article depuis sa source.<\/a><\/p>\n","protected":false},"excerpt":{"rendered":"<p>L\u2019initiative lanc\u00e9e le 16 janvier par le ministre de la Sant\u00e9 publique ManaoudaMalachie, va s\u2019\u00e9tendre sur cinq ans. Elle vise \u00e0 r\u00e9pondre aux besoins de sant\u00e9 dela population et \u00e0 l\u2019am\u00e9lioration des conditions de vie par l\u2019acc\u00e8s aux meilleurssoins de sant\u00e9.Le syst\u00e8me de sant\u00e9 camerounais qui n\u2019a cess\u00e9 de se d\u00e9marquer par sesmultiples scandales s\u2019enrichit [&hellip;]<\/p>\n","protected":false},"author":1969,"featured_media":0,"comment_status":"closed","ping_status":"closed","sticky":false,"template":"","format":"standard","meta":{"fifu_image_url":"","fifu_image_alt":"","footnotes":""},"categories":[82,78],"tags":[],"class_list":["post-74167","post","type-post","status-publish","format-standard","hentry","category-cameroun","category-economie"],"_links":{"self":[{"href":"https:\/\/linitiative.ca\/International\/wp-json\/wp\/v2\/posts\/74167","targetHints":{"allow":["GET"]}}],"collection":[{"href":"https:\/\/linitiative.ca\/International\/wp-json\/wp\/v2\/posts"}],"about":[{"href":"https:\/\/linitiative.ca\/International\/wp-json\/wp\/v2\/types\/post"}],"author":[{"embeddable":true,"href":"https:\/\/linitiative.ca\/International\/wp-json\/wp\/v2\/users\/1969"}],"replies":[{"embeddable":true,"href":"https:\/\/linitiative.ca\/International\/wp-json\/wp\/v2\/comments?post=74167"}],"version-history":[{"count":0,"href":"https:\/\/linitiative.ca\/International\/wp-json\/wp\/v2\/posts\/74167\/revisions"}],"wp:attachment":[{"href":"https:\/\/linitiative.ca\/International\/wp-json\/wp\/v2\/media?parent=74167"}],"wp:term":[{"taxonomy":"category","embeddable":true,"href":"https:\/\/linitiative.ca\/International\/wp-json\/wp\/v2\/categories?post=74167"},{"taxonomy":"post_tag","embeddable":true,"href":"https:\/\/linitiative.ca\/International\/wp-json\/wp\/v2\/tags?post=74167"}],"curies":[{"name":"wp","href":"https:\/\/api.w.org\/{rel}","templated":true}]}}