{"id":74169,"date":"2020-01-25T08:43:16","date_gmt":"2020-01-25T13:43:16","guid":{"rendered":"https:\/\/linitiative.ca\/International\/la-mutuelle-nationale-des-impots-veut-creer-une-microfinance\/"},"modified":"2020-01-25T08:43:16","modified_gmt":"2020-01-25T13:43:16","slug":"la-mutuelle-nationale-des-impots-veut-creer-une-microfinance","status":"publish","type":"post","link":"https:\/\/linitiative.ca\/International\/la-mutuelle-nationale-des-impots-veut-creer-une-microfinance\/","title":{"rendered":"La\u00a0Mutuelle nationale des imp\u00f4ts veut cr\u00e9er une microfinance"},"content":{"rendered":"<div class=\"featured-area featured-area-inner\"><img loading=\"lazy\" decoding=\"async\" width=\"768\" height=\"405\" src=\"https:\/\/i1.wp.com\/ecomatin.net\/wp-content\/uploads\/2020\/01\/MutuelleImpots.jpg?resize=768%2C405&#038;ssl=1&#038;is-pending-load=1\" class=\"attachment-jannah-image-post size-jannah-image-post wp-post-image jetpack-lazy-image\" alt=\"\" srcset=\"data:image\/gif;base64,R0lGODlhAQABAIAAAAAAAP\/\/\/yH5BAEAAAAALAAAAAABAAEAAAIBRAA7\"\/><\/div>\n<div class=\"entry-content entry clearfix\" readability=\"60.5899665552\">\n<p class=\"yiv7475108173MsoNormal\">La Mutuelle nationale des imp\u00f4ts (<strong>Mundi<\/strong>) recrute un cabinet d\u2019expertise pour la cr\u00e9ation d\u2019un \u00e9tablissement de microfinance. La direction ne donne pas des pr\u00e9cisions sur ce projet qu\u2019elle nourrit.<\/p>\n<p class=\"yiv7475108173MsoNormal\">Cr\u00e9\u00e9e en le 10 juillet 1998, au terme d\u2019une assembl\u00e9e g\u00e9n\u00e9rale constitutive et \u00e9lective, cette mutuelle est une association \u00e0 but non lucratif qui r\u00e9unit tous les personnels de la direction g\u00e9n\u00e9rale des Imp\u00f4ts sans distinction d\u2019\u00e2ge, de grade, de statut, de sexe ou de religion. Elle est dirig\u00e9e par un conseil d\u2019administration et un bureau ex\u00e9cutif, et son si\u00e8ge est bas\u00e9 \u00e0 Yaound\u00e9.<\/p>\n<p class=\"yiv7475108173MsoNormal\">Selon son statut et le r\u00e9c\u00e9piss\u00e9 de d\u00e9claration du 03\/12\/1989 qui l\u00e9galise cette association, la Mundi assure la couverture maladie de ses membres et leurs famille. Elle apporte la caution solidaire de la mutuelle \u00e0 certaines cat\u00e9gories de pr\u00eats contract\u00e9s par les adh\u00e9rents, puis organise l\u2019entraide et la solidarit\u00e9 entre ses membres en vue de la facilitation du traitement de leurs divers probl\u00e8mes de vie.<\/p>\n<p class=\"yiv7475108173MsoNormal\">Sont d\u2019office membres actifs de la Mundi, les personnels fonctionnaires, contractuels et d\u00e9cisionnaires en activit\u00e9 dans les services centraux et ext\u00e9rieurs de la DGI et s\u2019acquittant de leurs cotisations statutaires.<\/p>\n<p class=\"yiv7475108173MsoNormal\">Peuvent aussi \u00eatre membres actifs, les retrait\u00e9s justifiant d\u2019au moins dix ann\u00e9es de cotisation et s\u2019acquittant de leurs cotisations statutaires.<\/p>\n<div class=\"sharedaddy sd-sharing-enabled robots-nocontent sd-block sd-social sd-social-icon-text sd-sharing\">\n<h3 class=\"sd-title\">Partager\u00a0:<\/h3>\n<\/div>\n<p><h3 class=\"jp-relatedposts-headline\"><em>Articles similaires<\/em><\/h3>\n<\/p>\n<div class=\"stream-item stream-item-below-post-content\"><a href=\"https:\/\/www.facebook.com\/canalpluscmr\/\" title=\"\" target=\"_blank\" rel=\"noopener noreferrer\"><img loading=\"lazy\" decoding=\"async\" src=\"https:\/\/ecomatin.net\/wp-content\/uploads\/2020\/01\/ecomatin-H1260-xL-6222-px.png\" alt=\"\" width=\"728\" height=\"90\"\/><\/a><\/div>\n<\/div>\n<div class=\"toggle-post-content clearfix\"><a id=\"toggle-post-button\" class=\"button\" href=\"#\">Afficher plus <\/a><\/div>\n<p>Auteur: Nasser Ngoume<br \/>\n<a href=\"https:\/\/ecomatin.net\/la-mutuelle-nationale-des-impots-veut-creer-une-microfinance\/\">Cliquez ici pour lire l&rsquo;article depuis sa source.<\/a><\/p>\n","protected":false},"excerpt":{"rendered":"<p>La Mutuelle nationale des imp\u00f4ts (Mundi) recrute un cabinet d\u2019expertise pour la cr\u00e9ation d\u2019un \u00e9tablissement de microfinance. La direction ne donne pas des pr\u00e9cisions sur ce projet qu\u2019elle nourrit. Cr\u00e9\u00e9e en le 10 juillet 1998, au terme d\u2019une assembl\u00e9e g\u00e9n\u00e9rale constitutive et \u00e9lective, cette mutuelle est une association \u00e0 but non lucratif qui r\u00e9unit tous [&hellip;]<\/p>\n","protected":false},"author":1969,"featured_media":0,"comment_status":"closed","ping_status":"closed","sticky":false,"template":"","format":"standard","meta":{"fifu_image_url":"","fifu_image_alt":"","footnotes":""},"categories":[82,78],"tags":[],"class_list":["post-74169","post","type-post","status-publish","format-standard","hentry","category-cameroun","category-economie"],"_links":{"self":[{"href":"https:\/\/linitiative.ca\/International\/wp-json\/wp\/v2\/posts\/74169","targetHints":{"allow":["GET"]}}],"collection":[{"href":"https:\/\/linitiative.ca\/International\/wp-json\/wp\/v2\/posts"}],"about":[{"href":"https:\/\/linitiative.ca\/International\/wp-json\/wp\/v2\/types\/post"}],"author":[{"embeddable":true,"href":"https:\/\/linitiative.ca\/International\/wp-json\/wp\/v2\/users\/1969"}],"replies":[{"embeddable":true,"href":"https:\/\/linitiative.ca\/International\/wp-json\/wp\/v2\/comments?post=74169"}],"version-history":[{"count":0,"href":"https:\/\/linitiative.ca\/International\/wp-json\/wp\/v2\/posts\/74169\/revisions"}],"wp:attachment":[{"href":"https:\/\/linitiative.ca\/International\/wp-json\/wp\/v2\/media?parent=74169"}],"wp:term":[{"taxonomy":"category","embeddable":true,"href":"https:\/\/linitiative.ca\/International\/wp-json\/wp\/v2\/categories?post=74169"},{"taxonomy":"post_tag","embeddable":true,"href":"https:\/\/linitiative.ca\/International\/wp-json\/wp\/v2\/tags?post=74169"}],"curies":[{"name":"wp","href":"https:\/\/api.w.org\/{rel}","templated":true}]}}