{"id":74171,"date":"2020-01-26T06:08:30","date_gmt":"2020-01-26T11:08:30","guid":{"rendered":"https:\/\/linitiative.ca\/International\/lambassade-du-maroc-a-pekin-rassure\/"},"modified":"2020-01-26T06:08:30","modified_gmt":"2020-01-26T11:08:30","slug":"lambassade-du-maroc-a-pekin-rassure","status":"publish","type":"post","link":"https:\/\/linitiative.ca\/International\/lambassade-du-maroc-a-pekin-rassure\/","title":{"rendered":"L\u2019ambassade du Maroc \u00e0 P\u00e9kin rassure"},"content":{"rendered":"<p class=\"has-text-color has-vivid-red-color c2\"><strong>Prolif\u00e9ration du coronavirus en Chine<\/strong><\/p>\n<p class=\"has-text-color c3\"><strong>Apr\u00e8s l\u2019apparition du nouveau coronavirus dans la ville de Wuhan (province Hubei) et dans d\u2019autres villes chinoises, l\u2019ambassade du Maroc \u00e0 P\u00e9kin est entr\u00e9e en contact permanent avec les autorit\u00e9s chinoises et avec la communaut\u00e9 marocaine \u00e9tablie en Chine pour suivre la situation, a d\u00e9clar\u00e9 Abdellah Achach, premier secr\u00e9taire de l\u2019ambassade du Maroc \u00e0 P\u00e9kin, dans une d\u00e9claration au site \u00abnafas.ma\u00bb.<\/strong><\/p>\n<p>Et de pr\u00e9ciser que la repr\u00e9sentation diplomatique du Maroc est entr\u00e9e en contact avec tous les Marocains qui ont laiss\u00e9 leurs coordonn\u00e9es aux services consulaires du pays et pris les dispositions n\u00e9cessaires afin de faciliter le retour au pays des \u00e9tudiants marocains dans la ville touch\u00e9e.<\/p>\n<p>D\u2019ailleurs, l\u2019ambassade du Maroc, a-t-il ajout\u00e9, a mis \u00e0 la disposition de la communaut\u00e9 marocaine des lignes t\u00e9l\u00e9phoniques et une adresse e-mail afin de suivre de pr\u00e8s la situation. En cas de besoin d\u2019assistance consulaire ou d\u2019informations suppl\u00e9mentaires, indique l\u2019ambassade du Maroc \u00e0 P\u00e9kin, \u00ables Marocains r\u00e9sidents en Chine sont invit\u00e9s \u00e0 contacter l\u2019Ambassade en communiquant par \u00e9mail (sifama.beiging@moroccoembassy.org.cn) leurs num\u00e9ros de t\u00e9l\u00e9phone, num\u00e9ros de passeports ainsi que leurs adresses de r\u00e9sidence, ou bien contacter l\u2019ambassade via les num\u00e9ros de t\u00e9l\u00e9phones suivants : 8618701156920 \u2013 8615652198381\u00bb. De m\u00eame, le communiqu\u00e9 de l\u2019ambassade a appel\u00e9 les membres de la communaut\u00e9 marocaine en Chine \u00e0 faire preuve de vigilance et \u00e0 suivre toutes les mesures de pr\u00e9vention pr\u00e9conis\u00e9es par les autorit\u00e9s chinoises, sachant que l\u2019Organisation mondiale de la Sant\u00e9 n\u2019a pas encore qualifi\u00e9 la situation comme \u00aburgence sanitaire\u00bb.<\/p>\n<p>Cependant, rapporte le site \u00abnafas.ma\u00bb, les \u00e9tudiants marocains dans la ville de Wuhan (province Hubei) seraient inquiets de leur situation sur place. Dans des posts sur les r\u00e9seaux sociaux, poursuit le site, ces \u00e9tudiants, au nombre d\u2019une centaine, appellent les autorit\u00e9s diplomatiques marocaines en Chine \u00e0 agir d\u2019urgence en vue de leur faciliter le voyage du retour au royaume. L\u2019inqui\u00e9tude des \u00e9tudiants marocains s\u2019est accentu\u00e9e par la fermeture de l\u2019a\u00e9roport de la ville et de ses restaurants. Les informations publi\u00e9es indiquent \u00e9galement qu\u2019\u00a0\u00abune interdiction g\u00e9n\u00e9rale d\u2019entr\u00e9e ou de sortie de la ville de Wuhan, berceau de l\u2019\u00e9pid\u00e9mie, a \u00e9t\u00e9 appliqu\u00e9e\u00bb, o\u00f9 l\u2019a\u00e9roport est ferm\u00e9, les transports publics ont \u00e9t\u00e9 suspendus et les routes ont \u00e9t\u00e9 coup\u00e9es.<\/p>\n<p>Du c\u00f4t\u00e9 de l\u2019ambassade du Maroc \u00e0 P\u00e9kin, on rassure, confirmant qu\u2019aucun Marocain n\u2019a \u00e9t\u00e9 contamin\u00e9 jusqu\u2019\u00e0 pr\u00e9sent par ce virus. Rappelons que ce virus, qui pr\u00e9sente des sympt\u00f4mes semblables \u00e0 ceux de la pneumonie, a provoqu\u00e9 des dizaines de morts, jusqu\u2019\u00e0 pr\u00e9sent, sur plus de 830 cas de contamination confirm\u00e9s, alors que le nombre de cas suspects d\u00e9passe le millier.<\/p>\n<p class=\"c4\"><strong>B.A<\/strong><\/p>\n<p>Auteur: M&rsquo;hammed rahal<br \/>\n<a href=\"http:\/\/albayane.press.ma\/lambassade-du-maroc-a-pekin-rassure.html\">Cliquez ici pour lire l&rsquo;article depuis sa source.<\/a><\/p>\n","protected":false},"excerpt":{"rendered":"<p>Prolif\u00e9ration du coronavirus en Chine Apr\u00e8s l\u2019apparition du nouveau coronavirus dans la ville de Wuhan (province Hubei) et dans d\u2019autres villes chinoises, l\u2019ambassade du Maroc \u00e0 P\u00e9kin est entr\u00e9e en contact permanent avec les autorit\u00e9s chinoises et avec la communaut\u00e9 marocaine \u00e9tablie en Chine pour suivre la situation, a d\u00e9clar\u00e9 Abdellah Achach, premier secr\u00e9taire de [&hellip;]<\/p>\n","protected":false},"author":1760,"featured_media":0,"comment_status":"closed","ping_status":"closed","sticky":false,"template":"","format":"standard","meta":{"fifu_image_url":"","fifu_image_alt":"","footnotes":""},"categories":[73,54],"tags":[],"class_list":["post-74171","post","type-post","status-publish","format-standard","hentry","category-actualite","category-maroc"],"_links":{"self":[{"href":"https:\/\/linitiative.ca\/International\/wp-json\/wp\/v2\/posts\/74171","targetHints":{"allow":["GET"]}}],"collection":[{"href":"https:\/\/linitiative.ca\/International\/wp-json\/wp\/v2\/posts"}],"about":[{"href":"https:\/\/linitiative.ca\/International\/wp-json\/wp\/v2\/types\/post"}],"author":[{"embeddable":true,"href":"https:\/\/linitiative.ca\/International\/wp-json\/wp\/v2\/users\/1760"}],"replies":[{"embeddable":true,"href":"https:\/\/linitiative.ca\/International\/wp-json\/wp\/v2\/comments?post=74171"}],"version-history":[{"count":0,"href":"https:\/\/linitiative.ca\/International\/wp-json\/wp\/v2\/posts\/74171\/revisions"}],"wp:attachment":[{"href":"https:\/\/linitiative.ca\/International\/wp-json\/wp\/v2\/media?parent=74171"}],"wp:term":[{"taxonomy":"category","embeddable":true,"href":"https:\/\/linitiative.ca\/International\/wp-json\/wp\/v2\/categories?post=74171"},{"taxonomy":"post_tag","embeddable":true,"href":"https:\/\/linitiative.ca\/International\/wp-json\/wp\/v2\/tags?post=74171"}],"curies":[{"name":"wp","href":"https:\/\/api.w.org\/{rel}","templated":true}]}}