{"id":74173,"date":"2020-01-26T06:37:22","date_gmt":"2020-01-26T11:37:22","guid":{"rendered":"https:\/\/linitiative.ca\/International\/litb-pointe-a-lhorizon\/"},"modified":"2020-01-26T06:37:22","modified_gmt":"2020-01-26T11:37:22","slug":"litb-pointe-a-lhorizon","status":"publish","type":"post","link":"https:\/\/linitiative.ca\/International\/litb-pointe-a-lhorizon\/","title":{"rendered":"L\u2019ITB pointe \u00e0 l\u2019horizon!"},"content":{"rendered":"<p class=\"has-text-color c2\"><strong>Dans un peu plus d\u2019un mois, l\u2019ITB de Berlin ouvrira ses portes aux divers m\u00e9tiers de la vocation des voyages, \u00e0 travers le monde.<\/strong><\/p>\n<p>Cette foire, la plus hupp\u00e9e d\u2019Europe, est en passe de rev\u00eatir sa parure pour drainer plus de 160 000 visiteurs dont plus de 10 000 professionnels, d\u2019environs 150 ministres et d\u00e9cideurs du secteur et d\u2019une dizaine de milliers d\u2019exposants, issus de pr\u00e8s de 190 pays des quatre coins du globe. Une \u00abpetite\u00bb Nation qu\u2019est le Maroc, mais combien \u00abgrande\u00bb, par son \u00e9norme potentiel quasiment non exploit\u00e9, prendra part, une fois n\u2019est pas coutume, \u00e0 cette g\u00e9ante messe de haute envergure.<\/p>\n<p>Durant un peu moins d\u2019une semaine, le salon berlinois se maintient en nombril du monde pour vanter ses biceps \u00e0 retenir le souffle, en termes de nouveaut\u00e9s du domaine. Avec plus de 80 millions de touristes par an, \u00e9parpill\u00e9s sur la plan\u00e8te, le march\u00e9 germanique est, de tout temps, fonci\u00e8rement attractif.<\/p>\n<p>D\u2019accoutum\u00e9e, la d\u00e9l\u00e9gation marocaine y prend place, non sans audace, pour se mesurer au challenge infernal qu\u2019exercent les t\u00e9nors du secteur. Celle du CRT d\u2019Agadir, p\u00e9trie d\u2019expertise et de plaisir, tiendra, encore une fois, le haut du pav\u00e9, de parle m\u00e9tier et la communion de ses op\u00e9rateurs.<\/p>\n<p>C\u2019est une occasion \u00e9galement de repenser les strat\u00e9gies \u00e0 adopter, au diapason des nouvelles inventions en mati\u00e8re du tourisme, repr\u00e9sentant toute une cha\u00eene de valeur de l\u2019industrie des voyages, \u00e0 une phase ou les budgets sont \u00e9triqu\u00e9s. La pr\u00e9sence des institutionnels aux c\u00f4t\u00e9s des professionnels permet, en fait, de discuter de la situation \u00e9conomique actuelle.<\/p>\n<p>Outre le large \u00e9ventail de l\u2019offre, l\u2019ITB Berlin est aussi le leader en tant que fournisseur de connaissances et de savoir. Il organise, \u00e0 cet effet, le plus important rassemblement du monde qui accueille des dizaines de milliers de congressistes en provenance de tous les continents. En fait, le congr\u00e8s ITB donne constamment la r\u00e9ponse aux questions les plus urgentes du secteur touristique et jette des \u00e9clairages sur ses situations, \u00e0 travers plus de 80 th\u00e9matiques toutes pertinentes les unes que les autres.<\/p>\n<p>A ce propos, la crise financi\u00e8re soul\u00e8ve maints questionnements. Les analyses des probl\u00e9matiques et des panac\u00e9es pour sortir de la crise du march\u00e9 des capitaux, dans la perspective des experts du march\u00e9 des finances, des h\u00f4teliers, des voyagistes., ainsi que les pr\u00e9visions sur les conduites en ce qui concerne les voyages dans le monde entier ou les tendances touristiques \u00e0 venir du point de vue des futurologues.<\/p>\n<p>On ne peut donc que saluer tr\u00e8s vivement ces professionnels qui m\u00e8nent un combat de titans pour l\u2019image de marque du produit Agadir et, partant, pour toute la nation au service d\u2019un Maroc engag\u00e9 sur la voie du d\u00e9veloppement pluriel et p\u00e9renne dont le tourisme constitue la cheville ouvri\u00e8re.<\/p>\n<p>Auteur: M&rsquo;hammed rahal<br \/>\n<a href=\"http:\/\/albayane.press.ma\/litb-pointe-a-lhorizon.html\">Cliquez ici pour lire l&rsquo;article depuis sa source.<\/a><\/p>\n","protected":false},"excerpt":{"rendered":"<p>Dans un peu plus d\u2019un mois, l\u2019ITB de Berlin ouvrira ses portes aux divers m\u00e9tiers de la vocation des voyages, \u00e0 travers le monde. Cette foire, la plus hupp\u00e9e d\u2019Europe, est en passe de rev\u00eatir sa parure pour drainer plus de 160 000 visiteurs dont plus de 10 000 professionnels, d\u2019environs 150 ministres et d\u00e9cideurs [&hellip;]<\/p>\n","protected":false},"author":1760,"featured_media":0,"comment_status":"closed","ping_status":"closed","sticky":false,"template":"","format":"standard","meta":{"fifu_image_url":"","fifu_image_alt":"","footnotes":""},"categories":[73,54],"tags":[],"class_list":["post-74173","post","type-post","status-publish","format-standard","hentry","category-actualite","category-maroc"],"_links":{"self":[{"href":"https:\/\/linitiative.ca\/International\/wp-json\/wp\/v2\/posts\/74173","targetHints":{"allow":["GET"]}}],"collection":[{"href":"https:\/\/linitiative.ca\/International\/wp-json\/wp\/v2\/posts"}],"about":[{"href":"https:\/\/linitiative.ca\/International\/wp-json\/wp\/v2\/types\/post"}],"author":[{"embeddable":true,"href":"https:\/\/linitiative.ca\/International\/wp-json\/wp\/v2\/users\/1760"}],"replies":[{"embeddable":true,"href":"https:\/\/linitiative.ca\/International\/wp-json\/wp\/v2\/comments?post=74173"}],"version-history":[{"count":0,"href":"https:\/\/linitiative.ca\/International\/wp-json\/wp\/v2\/posts\/74173\/revisions"}],"wp:attachment":[{"href":"https:\/\/linitiative.ca\/International\/wp-json\/wp\/v2\/media?parent=74173"}],"wp:term":[{"taxonomy":"category","embeddable":true,"href":"https:\/\/linitiative.ca\/International\/wp-json\/wp\/v2\/categories?post=74173"},{"taxonomy":"post_tag","embeddable":true,"href":"https:\/\/linitiative.ca\/International\/wp-json\/wp\/v2\/tags?post=74173"}],"curies":[{"name":"wp","href":"https:\/\/api.w.org\/{rel}","templated":true}]}}