{"id":74174,"date":"2020-01-26T06:43:24","date_gmt":"2020-01-26T11:43:24","guid":{"rendered":"https:\/\/linitiative.ca\/International\/ali-najab-les-tortionnaires-du-polisario-agissaient-sur-ordre-des-algeriens\/"},"modified":"2020-01-26T06:43:24","modified_gmt":"2020-01-26T11:43:24","slug":"ali-najab-les-tortionnaires-du-polisario-agissaient-sur-ordre-des-algeriens","status":"publish","type":"post","link":"https:\/\/linitiative.ca\/International\/ali-najab-les-tortionnaires-du-polisario-agissaient-sur-ordre-des-algeriens\/","title":{"rendered":"Ali Najab: \u00abLes tortionnaires du polisario agissaient sur ordre des Alg\u00e9riens\u00bb"},"content":{"rendered":"<p class=\"has-text-color c2\"><strong>Durant plus de 25 ans d\u2019emprisonnement dans les ge\u00f4les de la honte du polisario, Ali Najab, ancien pilote de chasse des Forces royales air (FRA), captur\u00e9 en 1978, a pu constater de visu que ses tortionnaires s\u00e9paratistes recevaient de toute \u00e9vidence leurs ordres des responsables alg\u00e9riens, ce qui d\u00e9note la mainmise sans ambages d\u2019Alger sur les marionnettes polisariennes.<\/strong><\/p>\n<p>D\u00e8s sa capture le 10 septembre 1978, apr\u00e8s que son Mirage F5 ait \u00e9t\u00e9 touch\u00e9 par un missile sol-air, Najab fut ramen\u00e9 dans le bureau de Mohammed Abdelaziz. Mais celui-ci n\u2019avait pas fini de poser deux questions \u00abque trois officiers alg\u00e9riens sont rentr\u00e9s dare-dare\u00bb pour prendre les choses en main et ordonner son transfert \u00e0 Tindouf, se rappelle cet ancien capitaine dans un entretien \u00e0 la MAP dans le cadre du concept \u00abFace \u00e0 la MAP\u00bb.<\/p>\n<p>Depuis 1976, les Alg\u00e9riens emmenaient des prisonniers marocains au nord de l\u2019Alg\u00e9rie, dans les centres de Blida, Chlef, Boufarik et autres, raconte celui qui vient de publier son ouvrage \u00ab25 ans dans les ge\u00f4les de Tindouf\u00bb, dans lequel il reprend en d\u00e9tail son calvaire et celui d\u2019autres aux mains des bourreaux s\u00e9paratistes.<\/p>\n<p>\u00abQuand de nouveaux prisonniers arrivaient \u00e0 Rabouni, les Alg\u00e9riens arrivaient imm\u00e9diatement pour les interrogatoires. Les Alg\u00e9riens quand ils d\u00e9barquaient \u00e0 Tindouf, c\u2019\u00e9tait pour donner des ordres, point barre. Cela est clair et net\u00bb, tranche M. Najab.<\/p>\n<p>Pour \u00e9tayer cette triste v\u00e9rit\u00e9 qui en dit long sur l\u2019assujettissement du polisario face \u00e0 l\u2019Alg\u00e9rie, le capitaine se rappelle que, lors d\u2019un meeting des responsables alg\u00e9riens auquel ont \u00e9t\u00e9 emmen\u00e9s les officiers marocains prisonniers, un lieutenant de l\u2019arm\u00e9e alg\u00e9rienne a apostroph\u00e9 le soi-disant premier ministre de la \u00abrasd\u00bb de l\u2019\u00e9poque, Mohamed Lamine Ahmed, et l\u2019a somm\u00e9 de fermer une fen\u00eatre que le vent avait ouverte.<\/p>\n<p>\u00abOn se rend vite compte \u00e0 quel point leur influence \u00e9tait consid\u00e9rable !\u00bb, assure-t-il. Interrog\u00e9 sur la r\u00e9action des tortionnaires aux d\u00e9fections r\u00e9p\u00e9t\u00e9es de leurs responsables vers le Maroc, dans le cadre de l\u2019appel de feu SM Hassan II \u00abla Patrie est cl\u00e9mente et mis\u00e9ricordieuse\u00bb, l\u2019ex-pilote de chasse souligne que les polisariens s\u2019imposaient un \u00abmutisme complet\u00bb.<\/p>\n<p>L\u2019effet de ses \u00e9vasions sur les s\u00e9paratistes n\u2019avait d\u2019\u00e9gal que leur stup\u00e9faction de voir le nombre et la qualit\u00e9 des dirigeants du monde qui ont pris part aux obs\u00e8ques de feu Hassan II. \u00abIls ne s\u2019attendaient pas \u00e0 ce que feu Hassan II ait une popularit\u00e9 aussi grande. C\u2019\u00e9tait une douche froide pour le polisario\u00bb, se souvient-il Revenant sur son ouvrage, M. Najab a soulign\u00e9 la n\u00e9cessit\u00e9 de l\u2019\u00e9criture en tant que devoir envers la Patrie et les g\u00e9n\u00e9rations futures, appelant les autres prisonniers de guerre marocains \u00e0 s\u2019y mettre \u00e9galement.\u00a0 Pour lui, \u00abchaque prisonnier est un livre\u00bb, en assurant que ces \u00e9crits vont servir aussi bien pour l\u2019arm\u00e9e que pour l\u2019histoire du Maroc. \u00abDix-huit ans de guerre p\u00e9nible, tr\u00e8s dure pour laquelle beaucoup de Marocains se sont sacrifi\u00e9s, doit \u00eatre connue dans l\u2019histoire du Maroc\u00bb.<\/p>\n<p class=\"c3\">Propos recueillis par <strong>Aziz Rami<\/strong> (MAP)<\/p>\n<p>Auteur: M&rsquo;hammed rahal<br \/>\n<a href=\"http:\/\/albayane.press.ma\/ali-najab-les-tortionnaires-du-polisario-agissaient-sur-ordre-des-algeriens.html\">Cliquez ici pour lire l&rsquo;article depuis sa source.<\/a><\/p>\n","protected":false},"excerpt":{"rendered":"<p>Durant plus de 25 ans d\u2019emprisonnement dans les ge\u00f4les de la honte du polisario, Ali Najab, ancien pilote de chasse des Forces royales air (FRA), captur\u00e9 en 1978, a pu constater de visu que ses tortionnaires s\u00e9paratistes recevaient de toute \u00e9vidence leurs ordres des responsables alg\u00e9riens, ce qui d\u00e9note la mainmise sans ambages d\u2019Alger sur [&hellip;]<\/p>\n","protected":false},"author":1760,"featured_media":0,"comment_status":"closed","ping_status":"closed","sticky":false,"template":"","format":"standard","meta":{"fifu_image_url":"","fifu_image_alt":"","footnotes":""},"categories":[73,54],"tags":[],"class_list":["post-74174","post","type-post","status-publish","format-standard","hentry","category-actualite","category-maroc"],"_links":{"self":[{"href":"https:\/\/linitiative.ca\/International\/wp-json\/wp\/v2\/posts\/74174","targetHints":{"allow":["GET"]}}],"collection":[{"href":"https:\/\/linitiative.ca\/International\/wp-json\/wp\/v2\/posts"}],"about":[{"href":"https:\/\/linitiative.ca\/International\/wp-json\/wp\/v2\/types\/post"}],"author":[{"embeddable":true,"href":"https:\/\/linitiative.ca\/International\/wp-json\/wp\/v2\/users\/1760"}],"replies":[{"embeddable":true,"href":"https:\/\/linitiative.ca\/International\/wp-json\/wp\/v2\/comments?post=74174"}],"version-history":[{"count":0,"href":"https:\/\/linitiative.ca\/International\/wp-json\/wp\/v2\/posts\/74174\/revisions"}],"wp:attachment":[{"href":"https:\/\/linitiative.ca\/International\/wp-json\/wp\/v2\/media?parent=74174"}],"wp:term":[{"taxonomy":"category","embeddable":true,"href":"https:\/\/linitiative.ca\/International\/wp-json\/wp\/v2\/categories?post=74174"},{"taxonomy":"post_tag","embeddable":true,"href":"https:\/\/linitiative.ca\/International\/wp-json\/wp\/v2\/tags?post=74174"}],"curies":[{"name":"wp","href":"https:\/\/api.w.org\/{rel}","templated":true}]}}