{"id":74175,"date":"2020-01-26T13:04:25","date_gmt":"2020-01-26T18:04:25","guid":{"rendered":"https:\/\/linitiative.ca\/International\/tiaret-presentation-de-la-generale-de-la-piece-madjanine-wa-laken\/"},"modified":"2020-01-26T13:04:25","modified_gmt":"2020-01-26T18:04:25","slug":"tiaret-presentation-de-la-generale-de-la-piece-madjanine-wa-laken","status":"publish","type":"post","link":"https:\/\/linitiative.ca\/International\/tiaret-presentation-de-la-generale-de-la-piece-madjanine-wa-laken\/","title":{"rendered":"Tiaret : pr\u00e9sentation de la g\u00e9n\u00e9rale de la pi\u00e8ce \u00ab\u00a0Madjanine wa laken\u00a0\u00bb"},"content":{"rendered":"<p><span class=\"sp-nh-title\">Alg\u00e9rie-Turquie: \u0153uvrer ensemble \u00e0 la concr\u00e9tisation des conclusions de la Conf\u00e9rence de Berlin sur la Libye<\/span> &#8211; <span class=\"sp-nh-date\">dimanche 26 janvier 2020 18:11<\/span><\/p>\n<p><span class=\"sp-nh-title\">Le Pr\u00e9sident Erdogan re\u00e7oit le pr\u00e9sident de l&rsquo;APN<\/span> &#8211; <span class=\"sp-nh-date\">dimanche 26 janvier 2020 18:05<\/span><\/p>\n<p><span class=\"sp-nh-title\">Plan de lutte contre le cancer: proposition d&rsquo;une feuille de route sur la strat\u00e9gie d&rsquo;avenir<\/span> &#8211; <span class=\"sp-nh-date\">dimanche 26 janvier 2020 17:55<\/span><\/p>\n<p><span class=\"sp-nh-title\">L&rsquo;Alg\u00e9rie condamne avec force l&rsquo;attaque terroriste contre le camp militaire de Sokolo au Mali<\/span> &#8211; <span class=\"sp-nh-date\">dimanche 26 janvier 2020 17:36<\/span><\/p>\n<p><span class=\"sp-nh-title\">Annaba : rencontre mardi sur la cr\u00e9ation de produits technologiques dans l\u2019\u00e9conomie num\u00e9rique<\/span> &#8211; <span class=\"sp-nh-date\">dimanche 26 janvier 2020 17:35<\/span><\/p>\n<p><span class=\"sp-nh-title\">Conseil de la nation : Une r\u00e9union consacr\u00e9e au r\u00f4le du Conseil durant la prochaine \u00e9tape<\/span> &#8211; <span class=\"sp-nh-date\">dimanche 26 janvier 2020 17:10<\/span><\/p>\n<p><span class=\"sp-nh-title\">Douanes alg\u00e9riennes : plus de 1000 milliards da de taxes et droits per\u00e7us en 2019<\/span> &#8211; <span class=\"sp-nh-date\">dimanche 26 janvier 2020 17:08<\/span><\/p>\n<p><span class=\"sp-nh-title\">Les \u00e9changes commerciaux entre l&rsquo;Alg\u00e9rie et la Turquie bient\u00f4t port\u00e9s \u00e0 5 milliards de dollars<\/span> &#8211; <span class=\"sp-nh-date\">dimanche 26 janvier 2020 17:03<\/span><\/p>\n<p><span class=\"sp-nh-title\">Sidi Bel-Abb\u00e8s: les services douaniers ont enregistr\u00e9 70 contraventions depuis le d\u00e9but de l\u2019ann\u00e9e en cours<\/span> &#8211; <span class=\"sp-nh-date\">dimanche 26 janvier 2020 17:01<\/span><\/p>\n<p><span class=\"sp-nh-title\">La premi\u00e8re Dame de Turquie inaugure un laboratoire informatique \u00e0 la Casbah<\/span> &#8211; <span class=\"sp-nh-date\">dimanche 26 janvier 2020 16:57<\/span><\/p>\n<p><span class=\"sp-nh-title\">Cyclisme\/Amissa-Bongo (derni\u00e8re \u00e9tape): 2e place pour Reguigui, le Fran\u00e7ais Levasseur maillot jaune<\/span> &#8211; <span class=\"sp-nh-date\">dimanche 26 janvier 2020 16:16<\/span><\/p>\n<p><span class=\"sp-nh-title\">Opportunit\u00e9s de partenariat et d&rsquo;investissement: une cinquantaine d&rsquo;hommes d&rsquo;affaires libyens attendus \u00e0 Alger<\/span> &#8211; <span class=\"sp-nh-date\">dimanche 26 janvier 2020 16:08<\/span><\/p>\n<p><span class=\"sp-nh-title\">Annaba : plus de 17.000 oiseaux migrateurs d\u00e9nombr\u00e9s<\/span> &#8211; <span class=\"sp-nh-date\">dimanche 26 janvier 2020 16:01<\/span><\/p>\n<p><span class=\"sp-nh-title\">Natation\/Championnat d&rsquo;Alg\u00e9rie hivernal: le DEN satisfait des r\u00e9sultats<\/span> &#8211; <span class=\"sp-nh-date\">dimanche 26 janvier 2020 15:57<\/span><\/p>\n<p><span class=\"sp-nh-title\">Alg\u00e9rie-Turquie: cr\u00e9ation d&rsquo;un Conseil de coop\u00e9ration de haut niveau<\/span> &#8211; <span class=\"sp-nh-date\">dimanche 26 janvier 2020 15:56<\/span><\/p>\n<p><span class=\"sp-nh-title\">Oran : projet de cr\u00e9ation d&rsquo;un service de g\u00e9riatrie \u00e0 titre exp\u00e9rimental<\/span> &#8211; <span class=\"sp-nh-date\">dimanche 26 janvier 2020 15:52<\/span><\/p>\n<p><span class=\"sp-nh-title\">Les entretiens Tebboune-Erdogan \u00e9largis aux membres des deux d\u00e9l\u00e9gations<\/span> &#8211; <span class=\"sp-nh-date\">dimanche 26 janvier 2020 15:32<\/span><\/p>\n<p><span class=\"sp-nh-title\">Une r\u00e9plique d&rsquo;une magnitude de 3,3 enregistr\u00e9e \u00e0 Jijel (CRAAG)<\/span> &#8211; <span class=\"sp-nh-date\">dimanche 26 janvier 2020 15:31<\/span><\/p>\n<p><span class=\"sp-nh-title\">Futsal \u00e0 La\u00e2youne occup\u00e9e: les Alg\u00e9riens dans les instances internationales s&rsquo;indignent contre la d\u00e9cision de la CAF<\/span> &#8211; <span class=\"sp-nh-date\">dimanche 26 janvier 2020 15:23<\/span><\/p>\n<p><span class=\"sp-nh-title\">Coronavirus : augmentation du bilan des morts en Chine et mesures de pr\u00e9vention dans le monde<\/span> &#8211; <span class=\"sp-nh-date\">dimanche 26 janvier 2020 15:08<\/span><\/p>\n<p>Auteur:<br \/>\n<a href=\"http:\/\/www.aps.dz\/culture\/100624-tiaret-presentation-de-la-generale-de-la-piece-madjanine-wa-laken\">Cliquez ici pour lire l&rsquo;article depuis sa source.<\/a><\/p>\n","protected":false},"excerpt":{"rendered":"<p>Alg\u00e9rie-Turquie: \u0153uvrer ensemble \u00e0 la concr\u00e9tisation des conclusions de la Conf\u00e9rence de Berlin sur la Libye &#8211; dimanche 26 janvier 2020 18:11 Le Pr\u00e9sident Erdogan re\u00e7oit le pr\u00e9sident de l&rsquo;APN &#8211; dimanche 26 janvier 2020 18:05 Plan de lutte contre le cancer: proposition d&rsquo;une feuille de route sur la strat\u00e9gie d&rsquo;avenir &#8211; dimanche 26 janvier [&hellip;]<\/p>\n","protected":false},"author":1790,"featured_media":0,"comment_status":"closed","ping_status":"closed","sticky":false,"template":"","format":"standard","meta":{"fifu_image_url":"","fifu_image_alt":"","footnotes":""},"categories":[53,79],"tags":[],"class_list":["post-74175","post","type-post","status-publish","format-standard","hentry","category-algerie","category-culture"],"_links":{"self":[{"href":"https:\/\/linitiative.ca\/International\/wp-json\/wp\/v2\/posts\/74175","targetHints":{"allow":["GET"]}}],"collection":[{"href":"https:\/\/linitiative.ca\/International\/wp-json\/wp\/v2\/posts"}],"about":[{"href":"https:\/\/linitiative.ca\/International\/wp-json\/wp\/v2\/types\/post"}],"author":[{"embeddable":true,"href":"https:\/\/linitiative.ca\/International\/wp-json\/wp\/v2\/users\/1790"}],"replies":[{"embeddable":true,"href":"https:\/\/linitiative.ca\/International\/wp-json\/wp\/v2\/comments?post=74175"}],"version-history":[{"count":0,"href":"https:\/\/linitiative.ca\/International\/wp-json\/wp\/v2\/posts\/74175\/revisions"}],"wp:attachment":[{"href":"https:\/\/linitiative.ca\/International\/wp-json\/wp\/v2\/media?parent=74175"}],"wp:term":[{"taxonomy":"category","embeddable":true,"href":"https:\/\/linitiative.ca\/International\/wp-json\/wp\/v2\/categories?post=74175"},{"taxonomy":"post_tag","embeddable":true,"href":"https:\/\/linitiative.ca\/International\/wp-json\/wp\/v2\/tags?post=74175"}],"curies":[{"name":"wp","href":"https:\/\/api.w.org\/{rel}","templated":true}]}}