{"id":74176,"date":"2020-01-26T13:04:29","date_gmt":"2020-01-26T18:04:29","guid":{"rendered":"https:\/\/linitiative.ca\/International\/noredine-chegrane-expose-son-hommage-au-jazz-a-alger\/"},"modified":"2020-01-26T13:04:29","modified_gmt":"2020-01-26T18:04:29","slug":"noredine-chegrane-expose-son-hommage-au-jazz-a-alger","status":"publish","type":"post","link":"https:\/\/linitiative.ca\/International\/noredine-chegrane-expose-son-hommage-au-jazz-a-alger\/","title":{"rendered":"Noredine Chegrane expose son \u00ab\u00a0Hommage au jazz\u00a0\u00bb \u00e0 Alger"},"content":{"rendered":"<div readability=\"34\">\n<p><strong>ALGER- Une exposition de peinture contemporaine c\u00e9l\u00e9brant le jazz et jetant des passerelles entre la musique et les arts visuels a \u00e9t\u00e9 inaugur\u00e9e samedi \u00e0 Alger par l&rsquo;artiste peintre Noredine Chegran sous le titre \u00ab\u00a0Hommage au jazz\u00a0\u00bb.<\/strong><\/p>\n<\/div>\n<div readability=\"92.2876254181\">\n<p>Organis\u00e9e par l&rsquo;Agence alg\u00e9rienne pour le rayonnement culturel (Aarc) \u00e0 la villa Dar Abdeltif, cette exposition c\u00e9l\u00e8bre le jazz par la libert\u00e9 qu&rsquo;il exprime, la fusion et l&rsquo;importante place qu&rsquo;occupe l&rsquo;improvisation.Dans une premi\u00e8re collection Noredine Chegrane rend hommage \u00e0 de grands noms du jazz am\u00e9ricain comme Ella Fitzgerald, Louis Armstrong, Duke Ellington, ou encore Miles Davis par des toiles reproduisant de nombreux instruments (guitare, saxophone, batterie, piano,&#8230;) et portent ces noms comme des graffitis.<\/p>\n<blockquote readability=\"6\">\n<p><em><strong>l&rsquo;artiste pr\u00e9cise qu&rsquo;il ne pr\u00e9tend pas reproduire les instruments de musique \u00e0 l&rsquo;identique mais \u00ab\u00a0tel que je les per\u00e7ois dans un symbolique de cr\u00e9ation\u00a0\u00bb.<\/strong><\/em><\/p>\n<\/blockquote>\n<p>Une seconde collection est d\u00e9di\u00e9e aux origines africaines du jazz et des instruments de musique. Des musiciens, des instruments traditionnels et des danseurs du continent sont repr\u00e9sent\u00e9s avec une palette plus riche et plus chaude, portant une infinit\u00e9 de symboles de la culture et des noms de jazzmen afro-am\u00e9ricains.<\/p>\n<p>Noredine Chegrane, qui a aussi \u00e9t\u00e9 musicien de jazz dans sa jeunesse, explore la fusion musicale \u00e0 travers les toiles \u00ab\u00a0Jazz in Algeria\u00a0\u00bb, \u00ab\u00a0Afro-Jazz\u00a0\u00bb et \u00ab\u00a0Jazz Gnawa\u00a0\u00bb.<\/p>\n<p>Dans ces \u0153uvres, le bendir, le ney, le goumbri ou encore le tbel sont int\u00e9gr\u00e9s pour composer, avec des couleurs et des traits, une m\u00e9lodie aussi harmonieuse que la fusion de styles musicaux.<\/p>\n<hr\/>\n<h3>Lire aussi: <a href=\"http:\/\/www.aps.dz\/culture\/97471-le-jazz-manouche-a-l-honneur-a-la-2e-soiree-du-dimajazz-2019\" target=\"_blank\" rel=\"noopener noreferrer\">Le Jazz Manouche \u00e0 l&rsquo;honneur \u00e0 la 2e soir\u00e9e du Dimajazz 2019<\/a><\/h3>\n<hr\/>\n<p>R\u00e9put\u00e9 pour son utilisation du symbole berb\u00e8re et nord-africain dans ses \u0153uvres, le peintre revisite le costume traditionnel, la tapisserie et les tatouages dans certains de ses travaux.<\/p>\n<p>Comme dans ces pr\u00e9c\u00e9dentes expositions, Noredine Chegrane sort du conformisme du support et propose des toiles rondes et triangulaires.<\/p>\n<p>L&rsquo;artiste, pour qui le jazz et la peinture sont \u00ab\u00a0similaires du point de vue de la cr\u00e9ation et de l&rsquo;improvisation\u00a0\u00bb, tente de restituer visuellement l&rsquo;harmonie exprim\u00e9e par cette musique avec le m\u00eame processus de cr\u00e9ation.<\/p>\n<p>N\u00e9 en 1942 Noredine Chegrane a \u00e9tudi\u00e9 \u00e0 l&rsquo;\u00e9cole d&rsquo;Architecture et des Beaux-arts d&rsquo;Alger aupr\u00e8s de M&rsquo;hamed Issiakhem. Il appartient au groupe \u00ab\u00a0Aoucham\u00a0\u00bb (Taouage),\u00a0 un courant artistique c\u00e9l\u00e9brant le patrimoine culturel alg\u00e9rien et nord-africain.<\/p>\n<p>Il a expos\u00e9 dans de nombreuses villes du monde. Son \u00ab\u00a0Hommage au jazz\u00a0\u00bb est visible jusqu&rsquo;au 7 f\u00e9vrier prochain.<\/p>\n<\/div>\n<p>Auteur:<br \/>\n<a href=\"http:\/\/www.aps.dz\/culture\/100626-noredine-chegrane-expose-son-hommage-au-jazz-a-alger\">Cliquez ici pour lire l&rsquo;article depuis sa source.<\/a><\/p>\n","protected":false},"excerpt":{"rendered":"<p>ALGER- Une exposition de peinture contemporaine c\u00e9l\u00e9brant le jazz et jetant des passerelles entre la musique et les arts visuels a \u00e9t\u00e9 inaugur\u00e9e samedi \u00e0 Alger par l&rsquo;artiste peintre Noredine Chegran sous le titre \u00ab\u00a0Hommage au jazz\u00a0\u00bb. Organis\u00e9e par l&rsquo;Agence alg\u00e9rienne pour le rayonnement culturel (Aarc) \u00e0 la villa Dar Abdeltif, cette exposition c\u00e9l\u00e8bre le [&hellip;]<\/p>\n","protected":false},"author":1790,"featured_media":0,"comment_status":"closed","ping_status":"closed","sticky":false,"template":"","format":"standard","meta":{"fifu_image_url":"","fifu_image_alt":"","footnotes":""},"categories":[53,79],"tags":[],"class_list":["post-74176","post","type-post","status-publish","format-standard","hentry","category-algerie","category-culture"],"_links":{"self":[{"href":"https:\/\/linitiative.ca\/International\/wp-json\/wp\/v2\/posts\/74176","targetHints":{"allow":["GET"]}}],"collection":[{"href":"https:\/\/linitiative.ca\/International\/wp-json\/wp\/v2\/posts"}],"about":[{"href":"https:\/\/linitiative.ca\/International\/wp-json\/wp\/v2\/types\/post"}],"author":[{"embeddable":true,"href":"https:\/\/linitiative.ca\/International\/wp-json\/wp\/v2\/users\/1790"}],"replies":[{"embeddable":true,"href":"https:\/\/linitiative.ca\/International\/wp-json\/wp\/v2\/comments?post=74176"}],"version-history":[{"count":0,"href":"https:\/\/linitiative.ca\/International\/wp-json\/wp\/v2\/posts\/74176\/revisions"}],"wp:attachment":[{"href":"https:\/\/linitiative.ca\/International\/wp-json\/wp\/v2\/media?parent=74176"}],"wp:term":[{"taxonomy":"category","embeddable":true,"href":"https:\/\/linitiative.ca\/International\/wp-json\/wp\/v2\/categories?post=74176"},{"taxonomy":"post_tag","embeddable":true,"href":"https:\/\/linitiative.ca\/International\/wp-json\/wp\/v2\/tags?post=74176"}],"curies":[{"name":"wp","href":"https:\/\/api.w.org\/{rel}","templated":true}]}}