{"id":74180,"date":"2020-01-26T08:19:00","date_gmt":"2020-01-26T13:19:00","guid":{"rendered":"https:\/\/linitiative.ca\/International\/le-dossier-de-karim-tabbou-transfere-au-tribunal-correctionnel\/"},"modified":"2020-01-26T08:19:00","modified_gmt":"2020-01-26T13:19:00","slug":"le-dossier-de-karim-tabbou-transfere-au-tribunal-correctionnel","status":"publish","type":"post","link":"https:\/\/linitiative.ca\/International\/le-dossier-de-karim-tabbou-transfere-au-tribunal-correctionnel\/","title":{"rendered":"Le dossier de Karim Tabbou transf\u00e9r\u00e9 au tribunal correctionnel"},"content":{"rendered":"<div id=\"originalText\" readability=\"48\">\n<p>Le dossier de l\u2019instruction de Karim Tabbou et d\u2019autres d\u00e9tenus d\u2019opinion a \u00e9t\u00e9 transf\u00e9r\u00e9 au juge d\u2019instruction de la chambre correctionnelle du Tribunal de Sidi M\u2019hamed, \u00e0 Alger, annonce le Comit\u00e9 national pour la d\u00e9fense des d\u00e9tenus d\u2019opinions.<\/p>\n<p>\u00ab\u00a0Le juge d&rsquo;instruction de la 10 \u00e8me chambre du tribunal de Sidi M&rsquo;hamed a transmis le dossier de mon fr\u00e8re Karim Tabbou au correctionnel, alors que le procureur du m\u00eame tribunal vient de faire appel\u00a0\u00bb, a \u00e9crit Djaffar Tabbou, le fr\u00e8re du d\u00e9tenu sur sa page Facebook.<\/p>\n<p>La chambre\u00a0d\u2019accusation de la Cour d\u2019Alger a refus\u00e9, r\u00e9cemment, de lib\u00e9rer Karim Tabbou en attendant son proc\u00e8s. Il est donc maintenu en d\u00e9tention \u00e0 la prison de Kol\u00e9a.<\/p>\n<p class=\"c6\"><strong>Ali B.<\/strong><\/p>\n<\/div>\n<div id=\"text_core\" readability=\"48\">\n<p>Le dossier de l\u2019instruction de Karim Tabbou et d\u2019autres d\u00e9tenus d\u2019opinion a \u00e9t\u00e9 transf\u00e9r\u00e9 au juge d\u2019instruction de la chambre correctionnelle du Tribunal de Sidi M\u2019hamed, \u00e0 Alger, annonce le Comit\u00e9 national pour la d\u00e9fense des d\u00e9tenus d\u2019opinions.<\/p>\n<p>\u00ab\u00a0Le juge d&rsquo;instruction de la 10 \u00e8me chambre du tribunal de Sidi M&rsquo;hamed a transmis le dossier de mon fr\u00e8re Karim Tabbou au correctionnel, alors que le procureur du m\u00eame tribunal vient de faire appel\u00a0\u00bb, a \u00e9crit Djaffar Tabbou, le fr\u00e8re du d\u00e9tenu sur sa page Facebook.<\/p>\n<p>La chambre\u00a0d\u2019accusation de la Cour d\u2019Alger a refus\u00e9, r\u00e9cemment, de lib\u00e9rer Karim Tabbou en attendant son proc\u00e8s. Il est donc maintenu en d\u00e9tention \u00e0 la prison de Kol\u00e9a.<\/p>\n<p class=\"c6\"><strong>Ali B.<\/strong><\/p>\n<\/div>\n<p>Auteur:<br \/>\n<a href=\"https:\/\/www.liberte-algerie.com\/actualite\/le-dossier-de-karim-tabbou-transfere-au-tribunal-correctionnel-332683\">Cliquez ici pour lire l&rsquo;article depuis sa source.<\/a><\/p>\n","protected":false},"excerpt":{"rendered":"<p>Le dossier de l\u2019instruction de Karim Tabbou et d\u2019autres d\u00e9tenus d\u2019opinion a \u00e9t\u00e9 transf\u00e9r\u00e9 au juge d\u2019instruction de la chambre correctionnelle du Tribunal de Sidi M\u2019hamed, \u00e0 Alger, annonce le Comit\u00e9 national pour la d\u00e9fense des d\u00e9tenus d\u2019opinions. \u00ab\u00a0Le juge d&rsquo;instruction de la 10 \u00e8me chambre du tribunal de Sidi M&rsquo;hamed a transmis le dossier [&hellip;]<\/p>\n","protected":false},"author":1742,"featured_media":0,"comment_status":"closed","ping_status":"closed","sticky":false,"template":"","format":"standard","meta":{"fifu_image_url":"","fifu_image_alt":"","footnotes":""},"categories":[73,53],"tags":[],"class_list":["post-74180","post","type-post","status-publish","format-standard","hentry","category-actualite","category-algerie"],"_links":{"self":[{"href":"https:\/\/linitiative.ca\/International\/wp-json\/wp\/v2\/posts\/74180","targetHints":{"allow":["GET"]}}],"collection":[{"href":"https:\/\/linitiative.ca\/International\/wp-json\/wp\/v2\/posts"}],"about":[{"href":"https:\/\/linitiative.ca\/International\/wp-json\/wp\/v2\/types\/post"}],"author":[{"embeddable":true,"href":"https:\/\/linitiative.ca\/International\/wp-json\/wp\/v2\/users\/1742"}],"replies":[{"embeddable":true,"href":"https:\/\/linitiative.ca\/International\/wp-json\/wp\/v2\/comments?post=74180"}],"version-history":[{"count":0,"href":"https:\/\/linitiative.ca\/International\/wp-json\/wp\/v2\/posts\/74180\/revisions"}],"wp:attachment":[{"href":"https:\/\/linitiative.ca\/International\/wp-json\/wp\/v2\/media?parent=74180"}],"wp:term":[{"taxonomy":"category","embeddable":true,"href":"https:\/\/linitiative.ca\/International\/wp-json\/wp\/v2\/categories?post=74180"},{"taxonomy":"post_tag","embeddable":true,"href":"https:\/\/linitiative.ca\/International\/wp-json\/wp\/v2\/tags?post=74180"}],"curies":[{"name":"wp","href":"https:\/\/api.w.org\/{rel}","templated":true}]}}