{"id":74181,"date":"2020-01-25T15:53:01","date_gmt":"2020-01-25T20:53:01","guid":{"rendered":"https:\/\/linitiative.ca\/International\/malika-assimi-presente-a-marrakech-son-dernier-ouvrage\/"},"modified":"2020-01-25T15:53:01","modified_gmt":"2020-01-25T20:53:01","slug":"malika-assimi-presente-a-marrakech-son-dernier-ouvrage","status":"publish","type":"post","link":"https:\/\/linitiative.ca\/International\/malika-assimi-presente-a-marrakech-son-dernier-ouvrage\/","title":{"rendered":"Malika Assimi pr\u00e9sente \u00e0 Marrakech son dernier ouvrage"},"content":{"rendered":"<div readability=\"40\">\n<p>Marrakech \u2013 L\u2019\u00e9crivaine et po\u00e9tesse marocaine, Malika Assimi a pr\u00e9sent\u00e9 vendredi soir, \u00e0 Marrakech, son dernier ouvrage \u00ab\u00a0Encyclop\u00e9die de la civilisation de Marrakech entre deux temps\u00a0\u00bb en pr\u00e9sence d\u2019une pl\u00e9iade de chercheurs, de critiques litt\u00e9raires, d\u2019\u00e9crivains et d\u2019intellectuels.<\/p>\n<\/div>\n<div readability=\"164\">\n<p>Cet ouvrage paru aux \u00e9ditions Dar Abi Rakrak et publi\u00e9 avec le soutien du minist\u00e8re de la culture et de la jeunesse et des sports-d\u00e9partement de la culture, explore la culture, la civilisation de Marrakech et les mutations urbanistiques survenues dans cette ville mill\u00e9naire.<\/p>\n<p>\u00ab\u00a0Cette publication vise \u00e0 transpercer, d\u00e9voiler et documenter les aspects artistiques, de cr\u00e9ativit\u00e9 et de beaut\u00e9, certaines valeurs culturelles et civilisationnelles disparus ou menac\u00e9s de disparition ainsi que les facteurs ayant pr\u00e9cipit\u00e9 cette disparition, mais aussi certains aspects positifs apport\u00e9s par la modernit\u00e9\u00a0\u00bb, a soulign\u00e9 l\u2019auteure de cette encyclop\u00e9die lors de cette rencontre initi\u00e9e par le Centre de d\u00e9veloppement de la r\u00e9gion du Tensift (CDRT) et anim\u00e9e en plus de Malika Assimi, par les professeurs Hamid Mansoum, Abdelaziz Ait Bensaleh et Mohamed Bouabd.<\/p>\n<p>\u00ab\u00a0Ce livre tente aussi de contribuer \u00e0 proposer des alternatives pour le traitement de certaines probl\u00e9matiques dont fait face la cit\u00e9 ocre\u00a0\u00bb, a-t-elle ajout\u00e9.<\/p>\n<p>\u00ab\u00a0Dans cet ouvrage, j\u2019ai voulu tir\u00e9 l\u2019attention sur la position strat\u00e9gique de la ville ocre et son ouverture sur les influences issues de plusieurs parties du monde (Europe, Afrique et l\u2019Orient) et l\u2019impact de ce facteur sur la culture et la vie des Marrakchis, tir\u00e9 l\u2019attention aussi sur le climat et son impact sur les habitants de cette ville et enfin sur les tr\u00e9sors dont regorge Marrakech \u00e0 tous les niveaux\u00a0\u00bb, a-t-elle insist\u00e9.<\/p>\n<p>Bref, \u00ab\u00a0cette publication est un ouvrage de recherche, de documentation, d\u2019exploration, de critique, de valorisation et de proposition\u00a0\u00bb, a estim\u00e9 Mme Assimi.<\/p>\n<p>Cette \u00ab\u00a0encyclop\u00e9die\u00a0\u00bb se compose de trois parties. La premi\u00e8re, consacr\u00e9e au climat et environnement de Marrakech, aborde les caract\u00e9ristiques environnementales et climatiques de cette ville, la question de l\u2019eau, les ressources hydriques et les sciences de l\u2019eau dans cette ville, les espaces verts (les jardins, les arsat, les jnane), ses r\u00e9coltes diverses, sa faune, sa flore et ses animaux domestiques et sauvages entre autres.<\/p>\n<p>Cette partie se termine sur une analyse de l\u2019impact de ce climat et environnement sur Marrakech et la psychologie et la personnalit\u00e9 de ses habitants ainsi que les caract\u00e9ristiques culturelles, artistiques et psychologiques des Marrakchis et leur penchant vers l\u2019humour et la gaiet\u00e9 (Bahja).<\/p>\n<p>La deuxi\u00e8me partie intitul\u00e9e \u00ab\u00a0nzaha\u00a0\u00bb (balade, excursion) aborde les impacts culturels et civilisationnels du climat de Marrakech et son environnement sur les habitants, notamment la tradition ancestrale de la \u00ab\u00a0nzaha\u00a0\u00bb.<\/p>\n<p>L\u2019auteure commence par r\u00e9pondre \u00e0 la question pourquoi cette tradition (nzaha) est ancr\u00e9e et largement en vogue \u00e0 Marrakech\u00a0?, expliquant les types de nzaha \u00e0 Marrakech, leurs rites, les caract\u00e9ristiques de cette tradition qui c\u00e9l\u00e8bre la nature, les mets accompagnant ces ballades, les activit\u00e9s pratiqu\u00e9es lors des nzahas (chansons, humour, jeux, sports d\u00e9di\u00e9es \u00e0 chaque cat\u00e9gorie\u00a0: femmes, enfants et hommes).<\/p>\n<p>Cette partie est agr\u00e9ment\u00e9e de magnifiques photos de Jemaa Fna et les figures de proue qui ont marqu\u00e9 cette mythique place, class\u00e9e patrimoine immat\u00e9riel de l\u2019humanit\u00e9.<\/p>\n<p>La troisi\u00e8me partie intitul\u00e9e \u00ab\u00a0les lois et r\u00e9glementations de l\u2019urbanisme et l\u2019am\u00e9nagement des territoires au Maroc au pass\u00e9 et au pr\u00e9sent\u00a0\u00bb, jette la lumi\u00e8re sur le plan d\u2019urbanisme et l\u2019architecture de Marrakech, les r\u00e9f\u00e9rences, lois et r\u00e9glementations promulgu\u00e9es par les Almoravides et les dynasties qui r\u00e9gn\u00e8rent apr\u00e8s cette dynastie fondatrice de la ville afin d\u2019organiser l\u2019urbanisme dans cette cit\u00e9.<\/p>\n<p>La partie analyse les dysfonctionnements survenus dans la gestion de cet urbanisme et leurs r\u00e9percussions sur le climat et l\u2019environnement et par ricochet, sur la culture et la civilisation de Marrakech.<\/p>\n<p>La partie insiste sur la n\u00e9cessit\u00e9 de moderniser l\u2019urbanisme dans le cadre du \u00ab\u00a0dialogue des civilisations\u00a0\u00bb ainsi que les exigences de la formation des ing\u00e9nieurs et architectes du Maroc afin de rationaliser leurs interventions dans ce domaine.<\/p>\n<p>Elle aborde aussi la question les lois promulgu\u00e9es par les autorit\u00e9s du Protectorat pour planifier et urbaniser Marrakech et met en exergue les aspects de la nouvelle anarchie dans le traitement de la croissance d\u00e9mographique et territoriale et le traitement du patrimoine.<\/p>\n<p>Il s\u2019agit de tirer l\u2019attention sur les infractions qu\u2019ont connues la m\u00e9dina, la nouvelle ville (Gu\u00e9liz) et l\u2019anarchie li\u00e9e \u00e0 l\u2019extension urbanistique.<\/p>\n<p>La partie propose un mod\u00e8le urbanistique et un projet d\u2019am\u00e9nagement du territoire au Maroc tout en pr\u00e9sentant l\u2019exp\u00e9rience d\u2019am\u00e9nagement du territoire dans le patrimoine marocain et l\u2019exp\u00e9rience des villes-satellites.<\/p>\n<p>Cette partie est \u00e9galement agr\u00e9ment\u00e9e de photos repr\u00e9sentatives de la th\u00e9matique trait\u00e9e par l\u2019auteure.<\/p>\n<p>A rappeler que le noyau de cette \u00e9tude a \u00e9t\u00e9 r\u00e9alis\u00e9 en 1980 et a \u00e9t\u00e9 publi\u00e9 par le quotidien \u00ab\u00a0Al Alam\u00a0\u00bb en juillet 1985.<\/p>\n<p>Malika Assimi est chercheuse \u00e0 l\u2019Institut Universitaire de la Recherche Scientifique (IURS) relevant de l\u2019Universit\u00e9 Mohammed V-Souissi de Rabat. Elle a occup\u00e9 plusieurs postes \u00e9ducatifs, politiques, sociaux, civiles et internationaux.<\/p>\n<p>Malika Assimi est \u00e9galement une militante et acteur dans les champs culturel, politique et social.<\/p>\n<p>Elle a publi\u00e9 plusieurs ouvrages dans les domaines politiques, \u00e9tudes f\u00e9minines et sociales, des \u00e9tudes anthropologiques et dans le domaine de la culture populaire.<\/p>\n<\/div>\n<p>Auteur: Meriem IGASS<br \/>\n<a href=\"http:\/\/www.mapmarrakech.ma\/fr\/malika-assimi-presente-a-marrakech-son-dernier-ouvrage\/\">Cliquez ici pour lire l&rsquo;article depuis sa source.<\/a><\/p>\n","protected":false},"excerpt":{"rendered":"<p>Marrakech \u2013 L\u2019\u00e9crivaine et po\u00e9tesse marocaine, Malika Assimi a pr\u00e9sent\u00e9 vendredi soir, \u00e0 Marrakech, son dernier ouvrage \u00ab\u00a0Encyclop\u00e9die de la civilisation de Marrakech entre deux temps\u00a0\u00bb en pr\u00e9sence d\u2019une pl\u00e9iade de chercheurs, de critiques litt\u00e9raires, d\u2019\u00e9crivains et d\u2019intellectuels. Cet ouvrage paru aux \u00e9ditions Dar Abi Rakrak et publi\u00e9 avec le soutien du minist\u00e8re de la [&hellip;]<\/p>\n","protected":false},"author":1788,"featured_media":0,"comment_status":"closed","ping_status":"closed","sticky":false,"template":"","format":"standard","meta":{"fifu_image_url":"","fifu_image_alt":"","footnotes":""},"categories":[54,76],"tags":[],"class_list":["post-74181","post","type-post","status-publish","format-standard","hentry","category-maroc","category-regions"],"_links":{"self":[{"href":"https:\/\/linitiative.ca\/International\/wp-json\/wp\/v2\/posts\/74181","targetHints":{"allow":["GET"]}}],"collection":[{"href":"https:\/\/linitiative.ca\/International\/wp-json\/wp\/v2\/posts"}],"about":[{"href":"https:\/\/linitiative.ca\/International\/wp-json\/wp\/v2\/types\/post"}],"author":[{"embeddable":true,"href":"https:\/\/linitiative.ca\/International\/wp-json\/wp\/v2\/users\/1788"}],"replies":[{"embeddable":true,"href":"https:\/\/linitiative.ca\/International\/wp-json\/wp\/v2\/comments?post=74181"}],"version-history":[{"count":0,"href":"https:\/\/linitiative.ca\/International\/wp-json\/wp\/v2\/posts\/74181\/revisions"}],"wp:attachment":[{"href":"https:\/\/linitiative.ca\/International\/wp-json\/wp\/v2\/media?parent=74181"}],"wp:term":[{"taxonomy":"category","embeddable":true,"href":"https:\/\/linitiative.ca\/International\/wp-json\/wp\/v2\/categories?post=74181"},{"taxonomy":"post_tag","embeddable":true,"href":"https:\/\/linitiative.ca\/International\/wp-json\/wp\/v2\/tags?post=74181"}],"curies":[{"name":"wp","href":"https:\/\/api.w.org\/{rel}","templated":true}]}}