{"id":74182,"date":"2020-01-25T16:56:54","date_gmt":"2020-01-25T21:56:54","guid":{"rendered":"https:\/\/linitiative.ca\/International\/lemsi-de-marrakech-accueille-la-caravane-nationale-de-lemploi\/"},"modified":"2020-01-25T16:56:54","modified_gmt":"2020-01-25T21:56:54","slug":"lemsi-de-marrakech-accueille-la-caravane-nationale-de-lemploi","status":"publish","type":"post","link":"https:\/\/linitiative.ca\/International\/lemsi-de-marrakech-accueille-la-caravane-nationale-de-lemploi\/","title":{"rendered":"L\u2019EMSI de Marrakech accueille la Caravane Nationale de l\u2019Emploi"},"content":{"rendered":"<div readability=\"35\">\n<p>Marrakech \u2013 L\u2019Ecole Marocaine des Sciences de l\u2019Ing\u00e9nieur (EMSI) de Marrakech a accueilli samedi la Caravane Nationale de l\u2019Emploi, un \u00e9v\u00e9nement plac\u00e9 autour du th\u00e8me \u00ab\u00a0l\u2019innovation au service des sciences de l\u2019ing\u00e9nierie\u00a0\u00bb.<\/p>\n<\/div>\n<div readability=\"95\">\n<p>\u00ab\u00a0Ce forum s\u2019inscrit dans le cadre de la 7\u00e8me \u00e9dition de la Caravane Nationale de l\u2019Emploi, dont le coup d\u2019envoi a \u00e9t\u00e9 donn\u00e9 sous l\u2019\u00e9gide du minist\u00e8re du travail et de l\u2019insertion professionnelle et qui vise essentiellement \u00e0 encourager la cr\u00e9ation des entreprises, l\u2019insertion des nouveaux laur\u00e9ats et la mobilisation des acteurs \u00e9conomiques et sociaux en vue de renforcer l\u2019esprit d\u2019initiative chez les jeunes et de cr\u00e9er des opportunit\u00e9s d\u2019emploi chez eux\u00a0\u00bb, a soulign\u00e9 la directrice de l\u2019EMSI-Marrakech, Nadia Kouicem.<\/p>\n<p>Cit\u00e9e dans un communiqu\u00e9 de l\u2019EMSI, Mme Kouicem a ajout\u00e9 que \u00ab\u00a0ce forum constitue une partie de la strat\u00e9gie d\u2019insertion professionnelle des laur\u00e9ats, dont le taux s\u2019\u00e9l\u00e8ve \u00e0 plus de 80% pour l\u2019EMSI et c\u2019est ce que nous ambitionnons \u00e0 travers ce genre de rencontres\u00a0\u00bb.<\/p>\n<p>Et de poursuivre que cette rencontre vise \u00e0 construire un pont entre le monde professionnel qui est celui des entreprises et le monde acad\u00e9mique qui est celui de l\u2019EMSI, notant que cet \u00e9v\u00e9nement repr\u00e9sente \u00e9galement une opportunit\u00e9 pour les entreprises qui auront la possibilit\u00e9 de se doter de ressources humaines de qualit\u00e9 sup\u00e9rieure, \u00e0 travers les rencontres avec les \u00e9tudiants et les ing\u00e9nieurs laur\u00e9ats.<\/p>\n<p>La 7\u00e8 \u00e9dition de la Caravane Nationale de l\u2019Emploi, qui a d\u00e9marr\u00e9 \u00e0 Casablanca sous l\u2019\u00e9gide du minist\u00e8re du travail et de l\u2019insertion professionnelle et en partenariat avec l\u2019Association Nationale des gestionnaires et formateurs des ressources humaines au Maroc (AGEF), se propose de contribuer \u00e0 l\u2019acc\u00e9l\u00e9ration du rythme de cr\u00e9ation des entreprises et \u00e0 promouvoir la culture de l\u2019entrepreneuriat chez les laur\u00e9ats de l\u2019Ecole \u00e0 travers des programmes d\u2019intervention couvrant les domaines de la formation et de l\u2019accompagnement au profit des jeunes entrepreneurs, selon une vision pr\u00f4nant l\u2019esprit d\u2019innovation et de cr\u00e9ativit\u00e9.<\/p>\n<p>Dans une allocution du conseiller du ministre du travail et de l\u2019insertion professionnelle, \u00e0 l\u2019occasion du lancement de la Caravane Nationale de l\u2019Emploi \u00e0 Casablanca, avant de faire escale \u00e0 Marrakech pour se diriger \u00e0 Rabat, l\u2019accent a \u00e9t\u00e9 mis sur l\u2019importance de cette initiative qui constitue l\u2019opportunit\u00e9 idoine pour engager la discussion et approfondir la r\u00e9flexion sur la relation entre l\u2019entreprise et les laur\u00e9ats des grandes \u00e9coles et universit\u00e9s, lit-on dans le communiqu\u00e9.<\/p>\n<p>Et d\u2019ajouter que cette rencontre d\u00e9di\u00e9e \u00e0 l\u2019emploi est \u00e0 m\u00eame de permettre \u00e0 nombre d\u2019entreprises d\u2019explorer des comp\u00e9tences qualifi\u00e9es parmi les \u00e9tudiants participants, ceux qui disposent de capacit\u00e9s en ad\u00e9quation avec leurs besoins en la mati\u00e8re.<\/p>\n<p>Le conseiller du ministre, cit\u00e9 dans le communiqu\u00e9, avait \u00e9galement relev\u00e9 que cette Caravane est \u00e0 m\u00eame de booster l\u2019esprit d\u2019initiative chez les jeunes laur\u00e9ats, \u00e0 travers leur incitation \u00e0 cr\u00e9er leurs propres entreprises innovantes en concertation avec l\u2019ensemble des parties intervenantes, estimant que les changements profonds et rapides que conna\u00eet l\u2019\u00e9conomie mondiale imposent au Maroc de s\u2019inscrire dans une dynamique efficace bas\u00e9e sur l\u2019innovation.<\/p>\n<p>Le choix de l\u2019innovation comme th\u00e8me de la 7\u00e8 \u00e9dition de la Caravane Nationale de l\u2019Emploi, selon les organisateurs, s\u2019est fait en raison de sa dimension nationale et internationale et qui traduit l\u2019orientation strat\u00e9gique de l\u2019EMSI, membre du premier r\u00e9seau panafricain de l\u2019enseignement sup\u00e9rieur \u00ab\u00a0Honoris United Universities\u00a0\u00bb et de ses partenaires institutionnels en termes d\u2019\u00e9valuation et de suivi de l\u2019\u00e9volution des domaines offrant une valeur ajout\u00e9e, en relation avec les d\u00e9fis \u00e9conomiques, \u00e9nerg\u00e9tiques en environnementaux, et en compl\u00e9mentarit\u00e9 avec les syst\u00e8mes informatiques et les donn\u00e9es les plus complexes, conclut le communiqu\u00e9.<\/p>\n<\/div>\n<p>Auteur: Meriem IGASS<br \/>\n<a href=\"http:\/\/www.mapmarrakech.ma\/fr\/caravane-5\/\">Cliquez ici pour lire l&rsquo;article depuis sa source.<\/a><\/p>\n","protected":false},"excerpt":{"rendered":"<p>Marrakech \u2013 L\u2019Ecole Marocaine des Sciences de l\u2019Ing\u00e9nieur (EMSI) de Marrakech a accueilli samedi la Caravane Nationale de l\u2019Emploi, un \u00e9v\u00e9nement plac\u00e9 autour du th\u00e8me \u00ab\u00a0l\u2019innovation au service des sciences de l\u2019ing\u00e9nierie\u00a0\u00bb. \u00ab\u00a0Ce forum s\u2019inscrit dans le cadre de la 7\u00e8me \u00e9dition de la Caravane Nationale de l\u2019Emploi, dont le coup d\u2019envoi a \u00e9t\u00e9 donn\u00e9 [&hellip;]<\/p>\n","protected":false},"author":1788,"featured_media":0,"comment_status":"closed","ping_status":"closed","sticky":false,"template":"","format":"standard","meta":{"fifu_image_url":"","fifu_image_alt":"","footnotes":""},"categories":[54,76],"tags":[],"class_list":["post-74182","post","type-post","status-publish","format-standard","hentry","category-maroc","category-regions"],"_links":{"self":[{"href":"https:\/\/linitiative.ca\/International\/wp-json\/wp\/v2\/posts\/74182","targetHints":{"allow":["GET"]}}],"collection":[{"href":"https:\/\/linitiative.ca\/International\/wp-json\/wp\/v2\/posts"}],"about":[{"href":"https:\/\/linitiative.ca\/International\/wp-json\/wp\/v2\/types\/post"}],"author":[{"embeddable":true,"href":"https:\/\/linitiative.ca\/International\/wp-json\/wp\/v2\/users\/1788"}],"replies":[{"embeddable":true,"href":"https:\/\/linitiative.ca\/International\/wp-json\/wp\/v2\/comments?post=74182"}],"version-history":[{"count":0,"href":"https:\/\/linitiative.ca\/International\/wp-json\/wp\/v2\/posts\/74182\/revisions"}],"wp:attachment":[{"href":"https:\/\/linitiative.ca\/International\/wp-json\/wp\/v2\/media?parent=74182"}],"wp:term":[{"taxonomy":"category","embeddable":true,"href":"https:\/\/linitiative.ca\/International\/wp-json\/wp\/v2\/categories?post=74182"},{"taxonomy":"post_tag","embeddable":true,"href":"https:\/\/linitiative.ca\/International\/wp-json\/wp\/v2\/tags?post=74182"}],"curies":[{"name":"wp","href":"https:\/\/api.w.org\/{rel}","templated":true}]}}