{"id":74185,"date":"2020-01-26T13:28:50","date_gmt":"2020-01-26T18:28:50","guid":{"rendered":"https:\/\/linitiative.ca\/International\/plaidoyer-pour-la-creation-dun-conseil-culturel\/"},"modified":"2020-01-26T13:28:50","modified_gmt":"2020-01-26T18:28:50","slug":"plaidoyer-pour-la-creation-dun-conseil-culturel","status":"publish","type":"post","link":"https:\/\/linitiative.ca\/International\/plaidoyer-pour-la-creation-dun-conseil-culturel\/","title":{"rendered":"Plaidoyer pour la cr\u00e9ation d\u2019un Conseil culturel"},"content":{"rendered":"<div readability=\"35\">\n<p>Bengu\u00e9rir (province de Rhamna) \u2013 Les participants \u00e0 la premi\u00e8re rencontre culturelle de Rhamna ont plaid\u00e9 samedi \u00e0 Bengu\u00e9rir en faveur de la cr\u00e9ation d\u2019un Conseil culturel pour pr\u00e9server la m\u00e9moire locale de la province de Rhamna et contribuer \u00e0 promouvoir le patrimoine et la civilisation \u00e0 l\u2019\u00e9chelle nationale.<\/p>\n<\/div>\n<div readability=\"102\">\n<p>Les participants \u00e0 cette manifestation organis\u00e9e, sous le th\u00e8me \u00ab\u00a0la mise \u00e0 niveau de la chose culturelle, un pr\u00e9lude au d\u00e9veloppement humain\u00a0\u00bb, par la fondation de la rencontre internationale des m\u00e9dias \u00e9lectroniques, ont pr\u00e9conis\u00e9 la concr\u00e9tisation par les autorit\u00e9s provinciales d\u2019une strat\u00e9gie \u00e0 m\u00eame de servir de feuille de route en vue de promouvoir le champ culturel au niveau de la province, se disant, dans un premier temps, en faveur de la mise en place d\u2019un comit\u00e9 pr\u00e9paratoire pour la naissance dudit Conseil.<\/p>\n<p>Et de poursuivre que ce Conseil culturel aura pour mission d\u2019adopter tous les projets culturels au niveau de la province notamment ceux en rapport avec la m\u00e9moire et le territoire de mani\u00e8re \u00e0 permettre \u00e0 la soci\u00e9t\u00e9 civile de pr\u00e9server les principaux \u00e9l\u00e9ments de son patrimoine, tout en conf\u00e9rant un esprit novateur \u00e0 la cr\u00e9ativit\u00e9 culturelle et artistique.<\/p>\n<p>Ils ont \u00e9galement insist\u00e9 sur la n\u00e9cessit\u00e9 de concevoir \u00ab\u00a0une v\u00e9ritable politique culturelle\u00a0\u00bb \u00e0 m\u00eame de contribuer \u00e0 la pr\u00e9servation et \u00e0 la revivification des diff\u00e9rents modes authentiques et modernes d\u2019expression patrimoniale au niveau de la province, notant que ces exp\u00e9riences patrimoniales permettront de renforcer la sp\u00e9cificit\u00e9 du Maroc aujourd\u2019hui comme \u00ab\u00a0Nation ancr\u00e9e dans l\u2019histoire\u00a0\u00bb.<\/p>\n<p>Les diff\u00e9rents intervenants ont de m\u00eame soulign\u00e9 l\u2019importance de tirer profit des potentialit\u00e9s touristiques et culturelles de la province, ainsi que des diff\u00e9rentes richesses qu\u2019elle rec\u00e8le au profit des g\u00e9n\u00e9rations actuelles, notamment l\u2019artisanat toutes fili\u00e8res confondues, estimant que ces m\u00e9tiers se trouvent amplement ancr\u00e9s dans le quotidien de la population locale.<\/p>\n<p>Tout en mettant en avant l\u2019importance cruciale du patrimoine anthropologique et urbanistique, les participants ont exhort\u00e9 les autorit\u00e9s locales \u00e0 redoubler d\u2019efforts en mati\u00e8re de protection et sauvegarde du patrimoine, outre la promotion du patrimoine oral et son insertion dans les domaines modernes de l\u2019\u00e9conomie et de la soci\u00e9t\u00e9.<\/p>\n<p>Sur un autre registre, les diff\u00e9rents intervenants ont examin\u00e9 une s\u00e9rie de questions \u00e0 savoir \u00ab\u00a0l\u2019identit\u00e9 culturelle de la province de Rhamna\u00a0\u00bb, \u00ab\u00a0les infrastructures culturelles et leur gestion\u00a0\u00bb, \u00ab\u00a0la mise en oeuvre de l\u2019approche participative pour une dynamique nouvelle et agissante\u00a0\u00bb, et \u00ab\u00a0la cr\u00e9ation d\u2019infrastructures d\u00e9di\u00e9es \u00e0 la chose culturelle au niveau de la province\u00a0\u00bb.<\/p>\n<p>Les diff\u00e9rents expos\u00e9s pr\u00e9sent\u00e9s par la m\u00eame occasion ont mis l\u2019accent sur l\u2019\u00e9mergence au niveau provincial des pr\u00e9misses d\u2019une dynamique culturelle et artistique nouvelle notamment en ce qui concerne la production litt\u00e9raire, les domaines de l\u2019architecture et de l\u2019art contemporain, et le th\u00e9\u00e2tre.<\/p>\n<p>Les intervenants ont \u00e9galement jet\u00e9 la lumi\u00e8re sur les nouvelles dynamiques qui marquent le champ de la cr\u00e9ativit\u00e9 artistique et culturelle au niveau provincial, ainsi que sur les moyens de faire de la culture locale un domaine de concurrence et de source d\u2019enrichissement pour tous ceux qui maitrisent ses outils et m\u00e9canismes.<\/p>\n<p>Cette rencontre \u00e0 laquelle ont pris part un ar\u00e9opage d\u2019\u00e9lus locaux, de responsables, d\u2019acad\u00e9miciens, de chercheurs, de critiques, de gens des m\u00e9dias et d\u2019acteurs op\u00e9rant dans le champ culturel, a \u00e9t\u00e9 ponctu\u00e9e de la projection d\u2019un film-documentaire sur la m\u00e9moire et l\u2019espace au niveau de la province.<\/p>\n<\/div>\n<p>Auteur: Meriem IGASS<br \/>\n<a href=\"http:\/\/www.mapmarrakech.ma\/fr\/conseil-3\/\">Cliquez ici pour lire l&rsquo;article depuis sa source.<\/a><\/p>\n","protected":false},"excerpt":{"rendered":"<p>Bengu\u00e9rir (province de Rhamna) \u2013 Les participants \u00e0 la premi\u00e8re rencontre culturelle de Rhamna ont plaid\u00e9 samedi \u00e0 Bengu\u00e9rir en faveur de la cr\u00e9ation d\u2019un Conseil culturel pour pr\u00e9server la m\u00e9moire locale de la province de Rhamna et contribuer \u00e0 promouvoir le patrimoine et la civilisation \u00e0 l\u2019\u00e9chelle nationale. Les participants \u00e0 cette manifestation organis\u00e9e, [&hellip;]<\/p>\n","protected":false},"author":1788,"featured_media":0,"comment_status":"closed","ping_status":"closed","sticky":false,"template":"","format":"standard","meta":{"fifu_image_url":"","fifu_image_alt":"","footnotes":""},"categories":[54,76],"tags":[],"class_list":["post-74185","post","type-post","status-publish","format-standard","hentry","category-maroc","category-regions"],"_links":{"self":[{"href":"https:\/\/linitiative.ca\/International\/wp-json\/wp\/v2\/posts\/74185","targetHints":{"allow":["GET"]}}],"collection":[{"href":"https:\/\/linitiative.ca\/International\/wp-json\/wp\/v2\/posts"}],"about":[{"href":"https:\/\/linitiative.ca\/International\/wp-json\/wp\/v2\/types\/post"}],"author":[{"embeddable":true,"href":"https:\/\/linitiative.ca\/International\/wp-json\/wp\/v2\/users\/1788"}],"replies":[{"embeddable":true,"href":"https:\/\/linitiative.ca\/International\/wp-json\/wp\/v2\/comments?post=74185"}],"version-history":[{"count":0,"href":"https:\/\/linitiative.ca\/International\/wp-json\/wp\/v2\/posts\/74185\/revisions"}],"wp:attachment":[{"href":"https:\/\/linitiative.ca\/International\/wp-json\/wp\/v2\/media?parent=74185"}],"wp:term":[{"taxonomy":"category","embeddable":true,"href":"https:\/\/linitiative.ca\/International\/wp-json\/wp\/v2\/categories?post=74185"},{"taxonomy":"post_tag","embeddable":true,"href":"https:\/\/linitiative.ca\/International\/wp-json\/wp\/v2\/tags?post=74185"}],"curies":[{"name":"wp","href":"https:\/\/api.w.org\/{rel}","templated":true}]}}