{"id":74190,"date":"2020-01-26T13:24:16","date_gmt":"2020-01-26T18:24:16","guid":{"rendered":"https:\/\/linitiative.ca\/International\/tissemsilt-deces-du-moudjahid-guergour-ahmed\/"},"modified":"2020-01-26T13:24:16","modified_gmt":"2020-01-26T18:24:16","slug":"tissemsilt-deces-du-moudjahid-guergour-ahmed","status":"publish","type":"post","link":"https:\/\/linitiative.ca\/International\/tissemsilt-deces-du-moudjahid-guergour-ahmed\/","title":{"rendered":"Tissemsilt: d\u00e9c\u00e8s du moudjahid Guergour Ahmed"},"content":{"rendered":"<p><span class=\"sp-nh-title\">Erdogan : l&rsquo;Alg\u00e9rie, un \u00e9l\u00e9ment de stabilit\u00e9 et de paix dans la r\u00e9gion<\/span> &#8211; <span class=\"sp-nh-date\">dimanche 26 janvier 2020 20:07<\/span><\/p>\n<p><span class=\"sp-nh-title\">Le ministre \u00e9mirati des Affaires \u00e9trang\u00e8res en visite lundi \u00e0 Alger\u00a0<\/span> &#8211; <span class=\"sp-nh-date\">dimanche 26 janvier 2020 19:44<\/span><\/p>\n<p><span class=\"sp-nh-title\">Protection des ressources biologiques et g\u00e9n\u00e9tiques : le cadre juridique pr\u00eat d&rsquo;ici fin 2020<\/span> &#8211; <span class=\"sp-nh-date\">dimanche 26 janvier 2020 19:32<\/span><\/p>\n<p><span class=\"sp-nh-title\">Situation \u00e9conomique en Alg\u00e9rie : des solutions possibles \u00e0 court terme\u00a0<\/span> &#8211; <span class=\"sp-nh-date\">dimanche 26 janvier 2020 19:26<\/span><\/p>\n<p><span class=\"sp-nh-title\">Tissemsilt: d\u00e9c\u00e8s du moudjahid Guergour Ahmed<\/span> &#8211; <span class=\"sp-nh-date\">dimanche 26 janvier 2020 19:24<\/span><\/p>\n<p><span class=\"sp-nh-title\">D\u00e9but \u00e0 Alger des travaux du Forum d&rsquo;affaires alg\u00e9ro-turc \u00a0<\/span> &#8211; <span class=\"sp-nh-date\">dimanche 26 janvier 2020 19:11<\/span><\/p>\n<p><span class=\"sp-nh-title\">Un nouveau site \u00e9lectronique pour la\u00a0DG des Douanes alg\u00e9riennes<\/span> &#8211; <span class=\"sp-nh-date\">dimanche 26 janvier 2020 19:11<\/span><\/p>\n<p><span class=\"sp-nh-title\">Coronavirus: le minist\u00e8re de la Sant\u00e9 appelle \u00e0 l&rsquo;imp\u00e9ratif respect des mesures pr\u00e9ventives<\/span> &#8211; <span class=\"sp-nh-date\">dimanche 26 janvier 2020 18:39<\/span><\/p>\n<p><span class=\"sp-nh-title\">Handball \/ CAN-2020: l&rsquo;Alg\u00e9rie bat l&rsquo;Angola (32-27) et prend la 3e place\u00a0<\/span> &#8211; <span class=\"sp-nh-date\">dimanche 26 janvier 2020 18:26<\/span><\/p>\n<p><span class=\"sp-nh-title\">Alg\u00e9rie-Turquie: \u0153uvrer ensemble \u00e0 la concr\u00e9tisation des conclusions de la Conf\u00e9rence de Berlin sur la Libye<\/span> &#8211; <span class=\"sp-nh-date\">dimanche 26 janvier 2020 18:11<\/span><\/p>\n<p><span class=\"sp-nh-title\">Le Pr\u00e9sident Erdogan re\u00e7oit le pr\u00e9sident de l&rsquo;APN<\/span> &#8211; <span class=\"sp-nh-date\">dimanche 26 janvier 2020 18:05<\/span><\/p>\n<p><span class=\"sp-nh-title\">Plan de lutte contre le cancer: proposition d&rsquo;une feuille de route sur la strat\u00e9gie d&rsquo;avenir<\/span> &#8211; <span class=\"sp-nh-date\">dimanche 26 janvier 2020 17:55<\/span><\/p>\n<p><span class=\"sp-nh-title\">L&rsquo;Alg\u00e9rie condamne avec force l&rsquo;attaque terroriste contre le camp militaire de Sokolo au Mali<\/span> &#8211; <span class=\"sp-nh-date\">dimanche 26 janvier 2020 17:36<\/span><\/p>\n<p><span class=\"sp-nh-title\">Annaba : rencontre mardi sur la cr\u00e9ation de produits technologiques dans l\u2019\u00e9conomie num\u00e9rique<\/span> &#8211; <span class=\"sp-nh-date\">dimanche 26 janvier 2020 17:35<\/span><\/p>\n<p><span class=\"sp-nh-title\">Conseil de la nation : Une r\u00e9union consacr\u00e9e au r\u00f4le du Conseil durant la prochaine \u00e9tape<\/span> &#8211; <span class=\"sp-nh-date\">dimanche 26 janvier 2020 17:10<\/span><\/p>\n<p><span class=\"sp-nh-title\">Douanes alg\u00e9riennes : plus de 1000 milliards da de taxes et droits per\u00e7us en 2019<\/span> &#8211; <span class=\"sp-nh-date\">dimanche 26 janvier 2020 17:08<\/span><\/p>\n<p><span class=\"sp-nh-title\">Les \u00e9changes commerciaux entre l&rsquo;Alg\u00e9rie et la Turquie bient\u00f4t port\u00e9s \u00e0 5 milliards de dollars<\/span> &#8211; <span class=\"sp-nh-date\">dimanche 26 janvier 2020 17:03<\/span><\/p>\n<p><span class=\"sp-nh-title\">Sidi Bel-Abb\u00e8s: les services douaniers ont enregistr\u00e9 70 contraventions depuis le d\u00e9but de l\u2019ann\u00e9e en cours<\/span> &#8211; <span class=\"sp-nh-date\">dimanche 26 janvier 2020 17:01<\/span><\/p>\n<p><span class=\"sp-nh-title\">La premi\u00e8re Dame de Turquie inaugure un laboratoire informatique \u00e0 la Casbah<\/span> &#8211; <span class=\"sp-nh-date\">dimanche 26 janvier 2020 16:57<\/span><\/p>\n<p><span class=\"sp-nh-title\">Cyclisme\/Amissa-Bongo : 2e place pour Reguigui, le Fran\u00e7ais Levasseur maillot jaune<\/span> &#8211; <span class=\"sp-nh-date\">dimanche 26 janvier 2020 16:16<\/span><\/p>\n<p>Auteur:<br \/>\n<a href=\"http:\/\/www.aps.dz\/regions\/100674-tissemsilt-deces-du-moudjahid-guergour-ahmed\">Cliquez ici pour lire l&rsquo;article depuis sa source.<\/a><\/p>\n","protected":false},"excerpt":{"rendered":"<p>Erdogan : l&rsquo;Alg\u00e9rie, un \u00e9l\u00e9ment de stabilit\u00e9 et de paix dans la r\u00e9gion &#8211; dimanche 26 janvier 2020 20:07 Le ministre \u00e9mirati des Affaires \u00e9trang\u00e8res en visite lundi \u00e0 Alger\u00a0 &#8211; dimanche 26 janvier 2020 19:44 Protection des ressources biologiques et g\u00e9n\u00e9tiques : le cadre juridique pr\u00eat d&rsquo;ici fin 2020 &#8211; dimanche 26 janvier 2020 [&hellip;]<\/p>\n","protected":false},"author":1790,"featured_media":0,"comment_status":"closed","ping_status":"closed","sticky":false,"template":"","format":"standard","meta":{"fifu_image_url":"","fifu_image_alt":"","footnotes":""},"categories":[53,76],"tags":[],"class_list":["post-74190","post","type-post","status-publish","format-standard","hentry","category-algerie","category-regions"],"_links":{"self":[{"href":"https:\/\/linitiative.ca\/International\/wp-json\/wp\/v2\/posts\/74190","targetHints":{"allow":["GET"]}}],"collection":[{"href":"https:\/\/linitiative.ca\/International\/wp-json\/wp\/v2\/posts"}],"about":[{"href":"https:\/\/linitiative.ca\/International\/wp-json\/wp\/v2\/types\/post"}],"author":[{"embeddable":true,"href":"https:\/\/linitiative.ca\/International\/wp-json\/wp\/v2\/users\/1790"}],"replies":[{"embeddable":true,"href":"https:\/\/linitiative.ca\/International\/wp-json\/wp\/v2\/comments?post=74190"}],"version-history":[{"count":0,"href":"https:\/\/linitiative.ca\/International\/wp-json\/wp\/v2\/posts\/74190\/revisions"}],"wp:attachment":[{"href":"https:\/\/linitiative.ca\/International\/wp-json\/wp\/v2\/media?parent=74190"}],"wp:term":[{"taxonomy":"category","embeddable":true,"href":"https:\/\/linitiative.ca\/International\/wp-json\/wp\/v2\/categories?post=74190"},{"taxonomy":"post_tag","embeddable":true,"href":"https:\/\/linitiative.ca\/International\/wp-json\/wp\/v2\/tags?post=74190"}],"curies":[{"name":"wp","href":"https:\/\/api.w.org\/{rel}","templated":true}]}}