{"id":74192,"date":"2020-01-26T10:40:52","date_gmt":"2020-01-26T15:40:52","guid":{"rendered":"https:\/\/linitiative.ca\/International\/coupe-de-la-caf-la-rsb-en-quarts-de-finale\/"},"modified":"2020-01-26T10:40:52","modified_gmt":"2020-01-26T15:40:52","slug":"coupe-de-la-caf-la-rsb-en-quarts-de-finale","status":"publish","type":"post","link":"https:\/\/linitiative.ca\/International\/coupe-de-la-caf-la-rsb-en-quarts-de-finale\/","title":{"rendered":"Coupe de la CAF : La RSB en quarts de finale"},"content":{"rendered":"<div class=\"single-featured\"><img alt=\"\u0641\u0631\u064a\u0642 \u0646\u0647\u0635\u0629 \u0628\u0631\u0643\u0627\u0646\" data-src=\"http:\/\/www.mapoujda.ma\/map\/uploads\/2018\/12\/\u0641\u0631\u064a\u0642-\u0646\u0647\u0635\u0629-\u0628\u0631\u0643\u0627\u0646.jpg\"\/><\/div>\n<div class=\"entry-content clearfix single-post-content\" readability=\"65\">\n<p class=\"c5\">La Renaissance de Berkane (RSB) a valid\u00e9 sa qualification en quarts de finale gr\u00e2ce \u00e0 sa large victoire face au club b\u00e9ninois FC ESAE (5-1), en match comptant pour la cinqui\u00e8me journ\u00e9e du Groupe C de la Coupe de la Conf\u00e9d\u00e9ration africaine de football (CAF), disput\u00e9 dimanche au stade Charles De Gaulle \u00e0 Porto-Novo.<\/p>\n<p class=\"c5\">Les hommes de Tarik Sektioui ont domin\u00e9 le match de bout en bout en se cr\u00e9ant plusieurs occasions sans pour autant manquer de r\u00e9alisme devant les cages adverses.<\/p>\n<p class=\"c5\">Gr\u00e2ce \u00e0 Alaeddine Ajaray, auteur d\u2019un hat-trick (30\u00e8, 41\u00e8, 53\u00e8), Hamdi Laachir (36\u00e8) et Mohamed Aziz (75\u00e8, penalty), les Berkanis ont r\u00e9ussi \u00e0 d\u00e9crocher les trois points de la victoire sur la pelouse du club b\u00e9ninois dont l\u2019unique r\u00e9alisation a \u00e9t\u00e9 inscrite d\u00e8s la premi\u00e8re minute du jeu par Eric Towe Sewa.<\/p>\n<p class=\"c5\">Au terme de la rencontre, la RSB conforte sa place de leader du groupe C avec un total de 10 points, suivie du club zambien de Zanaco (2\u00e8, 9 pts) qui s\u2019est impos\u00e9 aujourd\u2019hui face au club congolais DC Motema Pembe (3\u00e8, 7 pts), tandis que le FC ESAE demeure lanterne rouge du groupe avec un unique point.<\/p>\n<p class=\"c5\">Lors de la sixi\u00e8me et derni\u00e8re journ\u00e9e qui se disputera dimanche prochain, le club berkani re\u00e7oit Zanaco.<\/p>\n<\/div>\n<p>Auteur: Soufiane ELAHMAR<br \/>\n<a href=\"http:\/\/www.mapoujda.ma\/fr\/coupe-de-la-caf-la-rsb-en-quarts-de-finale\/\">Cliquez ici pour lire l&rsquo;article depuis sa source.<\/a><\/p>\n","protected":false},"excerpt":{"rendered":"<p>La Renaissance de Berkane (RSB) a valid\u00e9 sa qualification en quarts de finale gr\u00e2ce \u00e0 sa large victoire face au club b\u00e9ninois FC ESAE (5-1), en match comptant pour la cinqui\u00e8me journ\u00e9e du Groupe C de la Coupe de la Conf\u00e9d\u00e9ration africaine de football (CAF), disput\u00e9 dimanche au stade Charles De Gaulle \u00e0 Porto-Novo. Les [&hellip;]<\/p>\n","protected":false},"author":1788,"featured_media":74193,"comment_status":"closed","ping_status":"closed","sticky":false,"template":"","format":"standard","meta":{"fifu_image_url":"","fifu_image_alt":"","footnotes":""},"categories":[54,76],"tags":[],"class_list":["post-74192","post","type-post","status-publish","format-standard","has-post-thumbnail","hentry","category-maroc","category-regions"],"_links":{"self":[{"href":"https:\/\/linitiative.ca\/International\/wp-json\/wp\/v2\/posts\/74192","targetHints":{"allow":["GET"]}}],"collection":[{"href":"https:\/\/linitiative.ca\/International\/wp-json\/wp\/v2\/posts"}],"about":[{"href":"https:\/\/linitiative.ca\/International\/wp-json\/wp\/v2\/types\/post"}],"author":[{"embeddable":true,"href":"https:\/\/linitiative.ca\/International\/wp-json\/wp\/v2\/users\/1788"}],"replies":[{"embeddable":true,"href":"https:\/\/linitiative.ca\/International\/wp-json\/wp\/v2\/comments?post=74192"}],"version-history":[{"count":0,"href":"https:\/\/linitiative.ca\/International\/wp-json\/wp\/v2\/posts\/74192\/revisions"}],"wp:featuredmedia":[{"embeddable":true,"href":"https:\/\/linitiative.ca\/International\/wp-json\/"}],"wp:attachment":[{"href":"https:\/\/linitiative.ca\/International\/wp-json\/wp\/v2\/media?parent=74192"}],"wp:term":[{"taxonomy":"category","embeddable":true,"href":"https:\/\/linitiative.ca\/International\/wp-json\/wp\/v2\/categories?post=74192"},{"taxonomy":"post_tag","embeddable":true,"href":"https:\/\/linitiative.ca\/International\/wp-json\/wp\/v2\/tags?post=74192"}],"curies":[{"name":"wp","href":"https:\/\/api.w.org\/{rel}","templated":true}]}}