{"id":74198,"date":"2020-01-26T15:14:08","date_gmt":"2020-01-26T20:14:08","guid":{"rendered":"https:\/\/linitiative.ca\/International\/pros-luis-garcia-entraineur-dal-shabab-benlamri-souffre-dune-blessure-a-la-cheville\/"},"modified":"2020-01-26T15:14:08","modified_gmt":"2020-01-26T20:14:08","slug":"pros-luis-garcia-entraineur-dal-shabab-benlamri-souffre-dune-blessure-a-la-cheville","status":"publish","type":"post","link":"https:\/\/linitiative.ca\/International\/pros-luis-garcia-entraineur-dal-shabab-benlamri-souffre-dune-blessure-a-la-cheville\/","title":{"rendered":"Pros : Luis Garcia (Entra\u00eeneur d\u2019Al-Shabab): \u00abBenlamri souffre d\u2019une blessure \u00e0 la cheville\u00bb"},"content":{"rendered":"<div readability=\"32\">\n<p>Auteur : <span class=\"time\">dimanche 26 janvier 2020 18:05<\/span><\/p>\n<\/div>\n<div id=\"post_core\" readability=\"40\">\n<p>Le d\u00e9fenseur Alg\u00e9rien d\u2019Al-Shabab, Djamel Benlamri n\u2019a pas pris part \u00e0 la pr\u00e9c\u00e9dente rencontre de son team face \u00e0 Al-Hilal. Alors que beaucoup de choses ont \u00e9t\u00e9 dites sur l\u2019absence du joueur de l\u2019EN \u00e0 ce match, l\u2019entra\u00eeneur d\u2019Al-Shabab, l\u2019espagnol, Luis Garc\u00eda \u00a0a indiqu\u00e9 que son joueur souffre d\u2019une blessure qui l\u2019a contraint \u00e0 faire l\u2019impasse sur cette rencontre\u00a0:\u00a0\u00abBenlamri souffre d\u2019une blessure \u00e0 la cheville, d\u2019o\u00f9 la raison de son absence \u00e0 ce match.\u00bb<\/p>\n<p><strong>Publi\u00e9 dans :<\/strong> <span>Benlamri<\/span><\/p>\n<\/div>\n<p>Auteur:<br \/>\n<a href=\"http:\/\/www.lebuteur.com\/article\/detail?titre=luis-garcia-entraineur-dal-shabab-benlamri-souffre-dune-blessure-a-la-cheville&#038;id=94413&#038;utm_source=feedburner&#038;utm_medium=feed&#038;utm_campaign=Feed%3A+GalerieFArtciles+%28Les+derniers+articles++-+lebuteur.com%29\">Cliquez ici pour lire l&rsquo;article depuis sa source.<\/a><\/p>\n","protected":false},"excerpt":{"rendered":"<p>Auteur : dimanche 26 janvier 2020 18:05 Le d\u00e9fenseur Alg\u00e9rien d\u2019Al-Shabab, Djamel Benlamri n\u2019a pas pris part \u00e0 la pr\u00e9c\u00e9dente rencontre de son team face \u00e0 Al-Hilal. Alors que beaucoup de choses ont \u00e9t\u00e9 dites sur l\u2019absence du joueur de l\u2019EN \u00e0 ce match, l\u2019entra\u00eeneur d\u2019Al-Shabab, l\u2019espagnol, Luis Garc\u00eda \u00a0a indiqu\u00e9 que son joueur souffre [&hellip;]<\/p>\n","protected":false},"author":1738,"featured_media":74199,"comment_status":"closed","ping_status":"closed","sticky":false,"template":"","format":"standard","meta":{"fifu_image_url":"","fifu_image_alt":"","footnotes":""},"categories":[53,75],"tags":[],"class_list":["post-74198","post","type-post","status-publish","format-standard","has-post-thumbnail","hentry","category-algerie","category-sport"],"_links":{"self":[{"href":"https:\/\/linitiative.ca\/International\/wp-json\/wp\/v2\/posts\/74198","targetHints":{"allow":["GET"]}}],"collection":[{"href":"https:\/\/linitiative.ca\/International\/wp-json\/wp\/v2\/posts"}],"about":[{"href":"https:\/\/linitiative.ca\/International\/wp-json\/wp\/v2\/types\/post"}],"author":[{"embeddable":true,"href":"https:\/\/linitiative.ca\/International\/wp-json\/wp\/v2\/users\/1738"}],"replies":[{"embeddable":true,"href":"https:\/\/linitiative.ca\/International\/wp-json\/wp\/v2\/comments?post=74198"}],"version-history":[{"count":0,"href":"https:\/\/linitiative.ca\/International\/wp-json\/wp\/v2\/posts\/74198\/revisions"}],"wp:featuredmedia":[{"embeddable":true,"href":"https:\/\/linitiative.ca\/International\/wp-json\/"}],"wp:attachment":[{"href":"https:\/\/linitiative.ca\/International\/wp-json\/wp\/v2\/media?parent=74198"}],"wp:term":[{"taxonomy":"category","embeddable":true,"href":"https:\/\/linitiative.ca\/International\/wp-json\/wp\/v2\/categories?post=74198"},{"taxonomy":"post_tag","embeddable":true,"href":"https:\/\/linitiative.ca\/International\/wp-json\/wp\/v2\/tags?post=74198"}],"curies":[{"name":"wp","href":"https:\/\/api.w.org\/{rel}","templated":true}]}}