{"id":74205,"date":"2020-01-25T18:00:00","date_gmt":"2020-01-25T23:00:00","guid":{"rendered":"https:\/\/linitiative.ca\/International\/le-president-de-la-republique-recoit-le-nouveau-recteur-de-la-grande-mosquee-de-paris\/"},"modified":"2020-01-25T18:00:00","modified_gmt":"2020-01-25T23:00:00","slug":"le-president-de-la-republique-recoit-le-nouveau-recteur-de-la-grande-mosquee-de-paris","status":"publish","type":"post","link":"https:\/\/linitiative.ca\/International\/le-president-de-la-republique-recoit-le-nouveau-recteur-de-la-grande-mosquee-de-paris\/","title":{"rendered":"Le pr\u00e9sident de la r\u00e9publique re\u00e7oit  le nouveau recteur de la Grande mosqu\u00e9e de Paris"},"content":{"rendered":"<p>Le pr\u00e9sident de la R\u00e9publique, Abdelmadjid Tebboune, a re\u00e7u, hier \u00e0 Alger, le nouveau recteur de la Grande mosqu\u00e9e de Paris, Chems-Eddine Hafiz.<br \/>\u00abDans le cadre des relations traditionnelles qui existent entre l&rsquo;Alg\u00e9rie et la Grande mosqu\u00e9e de Paris, le Pr\u00e9sident Tebboune m&rsquo;a invit\u00e9 \u00e0 lui rendre visite, ici \u00e0 Alger. Il m&rsquo;a tout d&rsquo;abord f\u00e9licit\u00e9 pour mon \u00e9lection comme recteur de la Grande mosqu\u00e9e de Paris, et m&rsquo;a exprim\u00e9 ses souhaits pour ma mission et pour que je r\u00e9ussisse dans cette noble institution\u00bb, a d\u00e9clar\u00e9 M. Hafiz, \u00e0 l&rsquo;issue de l&rsquo;audience.\u00a0\u00a0 Il a soulign\u00e9 que le Pr\u00e9sident Tebboune lui a \u00abr\u00e9affirm\u00e9 tout l&rsquo;int\u00e9r\u00eat qu&rsquo;il porte \u00e0 la communaut\u00e9 musulmane en France, et en particulier \u00e0 la communaut\u00e9 alg\u00e9rienne\u00bb, ajoutant que le chef de l&rsquo;\u00c9tat lui a demand\u00e9 \u00e0 ce que la Grande mosqu\u00e9e de Paris et l&rsquo;ensemble des lieux de culte assimil\u00e9s \u00e0 cette institution religieuse \u00abmettent en \u0153uvre l&rsquo;ensemble des conditions pour que les musulmans, quelle que soit leur nationalit\u00e9, soient accueillis dans les meilleures conditions pour exercer de mani\u00e8re d\u00e9cente leur culte\u00bb. Le nouveau recteur de la Grande mosqu\u00e9e de Paris a indiqu\u00e9, en outre, que le pr\u00e9sident de la R\u00e9publique lui a assur\u00e9 de la disponibilit\u00e9 du gouvernement alg\u00e9rien \u00e0 \u00abassister la mosqu\u00e9e dans ses grands chantiers, notamment dans le domaine de la formation\u00bb.<br \/>Il a ajout\u00e9 que le Pr\u00e9sident Tebboune a fait part de sa \u00abpr\u00e9occupation\u00bb quant \u00e0 la mont\u00e9e des actes antimusulmans en France et lui a demand\u00e9 de prendre \u00abtoutes les dispositions\u00bb pour lutter contre ce fl\u00e9au.<br \/>\u00abLe Pr\u00e9sident Tebboune a \u00e9galement \u00e9voqu\u00e9 un sujet tr\u00e8s important, \u00e0 savoir la mont\u00e9e de la radicalisation, tout en appelant \u00e0 v\u00e9hiculer le v\u00e9ritable message de l&rsquo;islam qui pr\u00e9conise la fraternit\u00e9 et la solidarit\u00e9.\u00bb<br \/>M. Hafiz a affirm\u00e9, \u00e0 ce propos, que \u00able pr\u00e9sident de la R\u00e9publique s&rsquo;est engag\u00e9 \u00e0 mettre \u00e0 la disposition de la Grande mosqu\u00e9e de Paris, tous les moyens pour lutter contre le fl\u00e9au de la radicalisation\u00bb.<\/p>\n<p>Auteur: elmoudjahid<br \/>\n<a href=\"http:\/\/www.elmoudjahid.com\/fr\/actualites\/147620\">Cliquez ici pour lire l&rsquo;article depuis sa source.<\/a><\/p>\n","protected":false},"excerpt":{"rendered":"<p>Le pr\u00e9sident de la R\u00e9publique, Abdelmadjid Tebboune, a re\u00e7u, hier \u00e0 Alger, le nouveau recteur de la Grande mosqu\u00e9e de Paris, Chems-Eddine Hafiz.\u00abDans le cadre des relations traditionnelles qui existent entre l&rsquo;Alg\u00e9rie et la Grande mosqu\u00e9e de Paris, le Pr\u00e9sident Tebboune m&rsquo;a invit\u00e9 \u00e0 lui rendre visite, ici \u00e0 Alger. Il m&rsquo;a tout d&rsquo;abord f\u00e9licit\u00e9 [&hellip;]<\/p>\n","protected":false},"author":1744,"featured_media":0,"comment_status":"closed","ping_status":"closed","sticky":false,"template":"","format":"standard","meta":{"fifu_image_url":"","fifu_image_alt":"","footnotes":""},"categories":[73,53],"tags":[],"class_list":["post-74205","post","type-post","status-publish","format-standard","hentry","category-actualite","category-algerie"],"_links":{"self":[{"href":"https:\/\/linitiative.ca\/International\/wp-json\/wp\/v2\/posts\/74205","targetHints":{"allow":["GET"]}}],"collection":[{"href":"https:\/\/linitiative.ca\/International\/wp-json\/wp\/v2\/posts"}],"about":[{"href":"https:\/\/linitiative.ca\/International\/wp-json\/wp\/v2\/types\/post"}],"author":[{"embeddable":true,"href":"https:\/\/linitiative.ca\/International\/wp-json\/wp\/v2\/users\/1744"}],"replies":[{"embeddable":true,"href":"https:\/\/linitiative.ca\/International\/wp-json\/wp\/v2\/comments?post=74205"}],"version-history":[{"count":0,"href":"https:\/\/linitiative.ca\/International\/wp-json\/wp\/v2\/posts\/74205\/revisions"}],"wp:attachment":[{"href":"https:\/\/linitiative.ca\/International\/wp-json\/wp\/v2\/media?parent=74205"}],"wp:term":[{"taxonomy":"category","embeddable":true,"href":"https:\/\/linitiative.ca\/International\/wp-json\/wp\/v2\/categories?post=74205"},{"taxonomy":"post_tag","embeddable":true,"href":"https:\/\/linitiative.ca\/International\/wp-json\/wp\/v2\/tags?post=74205"}],"curies":[{"name":"wp","href":"https:\/\/api.w.org\/{rel}","templated":true}]}}