{"id":74206,"date":"2020-01-25T18:00:00","date_gmt":"2020-01-25T23:00:00","guid":{"rendered":"https:\/\/linitiative.ca\/International\/entrevue-du-president-tebboune-avec-des-responsables-de-medias-une-gouvernance-saine-et-audacieuse\/"},"modified":"2020-01-25T18:00:00","modified_gmt":"2020-01-25T23:00:00","slug":"entrevue-du-president-tebboune-avec-des-responsables-de-medias-une-gouvernance-saine-et-audacieuse","status":"publish","type":"post","link":"https:\/\/linitiative.ca\/International\/entrevue-du-president-tebboune-avec-des-responsables-de-medias-une-gouvernance-saine-et-audacieuse\/","title":{"rendered":"Entrevue du pr\u00e9sident Tebboune avec des responsables de m\u00e9dias  :  Une gouvernance saine et audacieuse"},"content":{"rendered":"<p><strong>L\u2019entrevue accord\u00e9e par le pr\u00e9sident de la R\u00e9publique \u00e0 une d\u00e9l\u00e9gation de responsables de m\u00e9dias publics et priv\u00e9s a suscit\u00e9 un retour d\u2019\u00e9cho largement favorable aupr\u00e8s d\u2019experts et d\u2019universitaires, des milieux politiques et de la soci\u00e9t\u00e9 civile. Les r\u00e9ponses et \u00e9claircissements du Pr\u00e9sident Abdelmadjid Tebboune ont \u00e9t\u00e9 des plus explicites sur l\u2019ensemble des dossiers abord\u00e9s, o\u00f9 il ressort une nouvelle vision plus saine,\u00a0 mais aussi plus ma\u00eetris\u00e9e de la gouvernance.<\/strong><\/p>\n<p>S\u2019exprimant avec conviction et argumentant sans faux-fuyant les enjeux de l\u2019heure et les d\u00e9fis \u00e0 relever, M. Abdemadjid Tebboune dont l\u2019exp\u00e9rience en tant qu\u2019homme d\u2019Etat remonte, faut-il le rappeler, \u00e0 la fin des ann\u00e9es 60, a surtout donn\u00e9 de lui l\u2019image d\u2019un d\u00e9cideur qui \u0153uvre \u00e0 l\u2019\u00e9mergence d\u2019un consensus concernant les principales questions qui engage l\u2019avenir imm\u00e9diat du pays. Tout le monde l\u2019aura sans doute retenu : l\u2019\u00e8re de la pens\u00e9e unilat\u00e9rale dans la prise de d\u00e9cision est d\u00e9sormais r\u00e9volue. C\u2019est le cas de le dire concernant le processus de r\u00e9vision profonde de la ponstitution, objet de consultations avec les personnalit\u00e9s et comp\u00e9tences nationales et ob\u00e9issant \u00e0 la logique du Pr\u00e9sident\u00a0\u00abde briser la glace entre Alg\u00e9riens\u00bb. Deux principaux objectifs soulignent la n\u00e9cessit\u00e9 d\u2019amender la loi fondamentale suivant une d\u00e9marche inclusive qui sera couronn\u00e9e par une nouvelle mouture consensuelle. Tels que formul\u00e9s par M. Tebboune, le premier objectif est celui \u00abd\u2019\u00e9loigner les spectres des crises \u00e0 venir\u00bb, alors que le second se veut \u00eatre une cons\u00e9cration de la revendication de la base citoyenne souhaitant \u00abvoir le pays immunis\u00e9 contre certains comportements\u00bb.<\/p>\n<p><strong>\u00a0Une croissance de 6% dans certains\u00a0\u00a0 secteurs \u00e0 la fin de l\u2019ann\u00e9e<\/strong><\/p>\n<p>Au volet \u00e9conomique et nonobstant la conjoncture marqu\u00e9e par un amenuisement des recettes publiques, l\u2019optimisme dont a fait part le pr\u00e9sident de la R\u00e9publique quant \u00e0 une relance rapide de la production nationale et la redynamisation de la machine \u00e9conomique sur des bases modernes est l\u00e9gitime et ne rel\u00e8ve pas d\u2019une simple ambition sans lendemain.<br \/>Et pour cause, son approche en la mati\u00e8re tranche fondamentalement avec les pratiques du pass\u00e9. Elle est fond\u00e9e notamment sur \u00ables \u00e9nergies cr\u00e9atives des jeunes dipl\u00f4m\u00e9s des universit\u00e9s, le d\u00e9veloppement d\u2019un r\u00e9seau de start-up \u00e0 fort potentiel de d\u00e9veloppement, de m\u00eame que le recours, avec tout l\u2019accompagnement voulu, \u00e0 la promotion des investissements dans la fili\u00e8re de l\u2019industrie de transformation en sus d\u2019autres actions de r\u00e9formes tout aussi prometteuses les unes que les autres. \u00abJe le r\u00e9p\u00e8te de mani\u00e8re solennelle, nous sommes pr\u00eats \u00e0 donner des instructions aux banques afin d\u2019aider toute personne qui investit dans le d\u00e9veloppement ou la transformation de la production nationale en lui accordant des cr\u00e9dits pouvant atteindre 90% de la valeur du projet, en sus de la priorit\u00e9 en ce qui concerne le foncier industriel\u00a0\u00bb a affirm\u00e9 le pr\u00e9sident de la R\u00e9publique.<br \/>Dans cette nouvelle dynamique, \u00abil n\u2019y a pas de marge d\u2019erreur possible\u00bb tiendra \u00e0 pr\u00e9ciser M. Tebboune tout en assurant que \u00ables r\u00e9formes \u00e9conomiques ne sont pas ajourn\u00e9es\u00bb.\u00a0Il ajoutera\u00a0:\u00a0\u00ab Si nous appliquons nos programmes dans l\u2019imm\u00e9diat, nous pouvons enregistrer un taux de croissance pouvant atteindre 6% dans certains secteurs\u00bb. Suivant la d\u00e9marche pr\u00f4n\u00e9e par M. Tebboune, \u00abla croissance qui sera enregistr\u00e9e \u00e0 la fin de l\u2019ann\u00e9e contredira les pr\u00e9visions timor\u00e9es des institutions internationales. Ceci gr\u00e2ce au recours \u00e0 des m\u00e9canismes de r\u00e9sorption du ch\u00f4mage et qui sont aussi d\u2019 un impact certain en termes de cr\u00e9ation de la croissance et de la richesse. Nos r\u00e9serves de changes quant \u00e0 elles, seront consolid\u00e9es davantage, \u00e0 la fin du semestre en cours. Promouvoir la croissance et la production locale constituent la mesure idoine pour r\u00e9\u00e9valuer le dinar, affirme encore le pr\u00e9sident de la R\u00e9publique expliquant que la monnaie locale \u00ab\u00a0a \u00e9t\u00e9 affect\u00e9e par le recours au financement non conventionnel\u00bb.<\/p>\n<p><strong>Les Alg\u00e9riens \u00e9tablis \u00e0 l\u2019\u00e9tranger doivent \u00e9viter les d\u00e9rapages portant atteinte\u00a0 au pays<\/strong><\/p>\n<p>Le projet de renouveau qu\u2019il propose autant sur le plan politique qu\u2019\u00e9conomique n\u2018exclut pas par ailleurs le concours de la communaut\u00e9 internationale dans la cons\u00e9cration de ses objectifs. \u00abJe suis d\u00e9termin\u00e9 \u00e0 \u0153uvrer pour permettre \u00e0 l\u2019Alg\u00e9rie de tirer profit de ces comp\u00e9tences \u00e9tablies \u00e0 l\u2019\u00e9tranger, l\u00e0 o\u00f9 elles se trouvent\u00bb a-t-il affirm\u00e9. Le pr\u00e9sident de la R\u00e9publique appelle toutefois \u00ables membres de notre communaut\u00e9 \u00e0 l\u2019\u00e9tranger \u00e0 ne pas se laisser entra\u00eener dans des d\u00e9rapages pouvant porter atteinte \u00e0 leur pays\u00bb.<br \/>\u00a0Au volet social, le pr\u00e9sident de la R\u00e9publique a agr\u00e9ablement surpris l\u2019opinion par sa d\u00e9cision courageuse d\u2019exon\u00e9rer les salaires de moins de 30.000 DA de toutes taxes et imp\u00f4ts. Cette importante d\u00e9cision qui constitue l\u2019un de ses 54 engagement sera introduite dans le cadre de la loi de finances 2020. Elle s\u2019inscrit en droite ligne avec l\u2019objectif d\u2019am\u00e9lioration du pouvoir d\u2019achat du citoyen par une s\u00e9rie d\u2019autres m\u00e9canismes en direction des m\u00e9nages \u00e0 faibles revenus. Le pr\u00e9sident de la R\u00e9publique se dit d\u2019autre part, partisan d\u2019un changement radical du syst\u00e8me \u00e9ducatif, particuli\u00e8rement du cycle primaire.\u00a0 Il insiste \u00e0 ce propos sur la n\u00e9cessit\u00e9 de mettre l\u2019\u00e9cole \u00e0 l\u2019abri des id\u00e9ologies. Les fondements de l\u2019enseignement primaire sont la citoyennet\u00e9, le respect des personnes et de leurs biens, la morale et l\u2019appartenance civilisationnelle\u00bb a-t-il dit. \u00abLes programmes seront \u00e9galement r\u00e9duits selon le principe \u00abMieux vaut une t\u00eate bien faite qu\u2019une t\u00eate bien pleine\u00bb, ce qui signifie qu\u2019il faut assurer un enseignement adapt\u00e9 \u00e0 l\u2019\u00e2ge et graduels jusqu\u2019\u00e0 l\u2019obtention d\u2019un dipl\u00f4me universitaire.<br \/>L\u2019enfant doit vivre son enfance et s\u2019amuser afin de l\u2019amener \u00e0 aimer l\u2019\u00e9cole et \u00e0 cr\u00e9er un \u00e9quilibre entre les loisirs et les \u00e9tudes. Nos enfants aujourd\u2019hui, consid\u00e8rent l\u2019\u00e9cole comme un supplice. A chaque changement de programme, il y a un changement de manuels, ce qui est p\u00e9nible pour les \u00e9l\u00e8ves. Le poids du cartable est parfois plus \u00e9lev\u00e9 que celui de l\u2019\u00e9l\u00e8ve qui porte des livres pesant parfois chacun un demi-kilo\u00bb, a-t-il expliqu\u00e9. Et d\u2019ajouter : \u00abD\u00e8s l\u2019\u00e2ge de six ans, l\u2019\u00e9l\u00e8ve ma\u00eetrise de plus en plus l\u2019informatique et les r\u00e9seaux sociaux. Donc, il ne faut pas le faire revenir des ann\u00e9es en arri\u00e8re. Les nouvelles id\u00e9es et exp\u00e9riences existent dans les pays d\u00e9velopp\u00e9s, qu\u2019est-ce qui emp\u00eache de rassembler les manuels scolaires dans un CD et de doter les \u00e9l\u00e8ves de tablettes num\u00e9riques fabriqu\u00e9es par l\u2019Entreprise nationale de l\u2019industrie \u00e9lectronique ? Il faut moderniser l\u2019enseignement et former les enseignants \u00e0 l\u2019utilisation de ces outils technologiques. Aujourd\u2019hui, m\u00eame le sport est absent \u00e0 l\u2019\u00e9cole et les enseignants refusent de surveiller les \u00e9l\u00e8ves dans la cour. Nous d\u00e9plorons des comportements qui n\u2019ont rien \u00e0 voir avec l\u2019enseignement, ni la formation des g\u00e9n\u00e9rations. Il faut rem\u00e9dier \u00e0 cette situation, car nous allons avoir quelque 10 millions d\u2019\u00e9l\u00e8ves du primaire au secondaire, soit 25% de la population. Et je ne parle pas ici des frais car toute d\u00e9pense pour l\u2019acquisition du savoir demeure insignifiante, pour peu qu\u2019il y ait des r\u00e9sultats. A mon avis, l\u2019\u00e9cole est la base de toute soci\u00e9t\u00e9, car elle forme un bon citoyen, loin de toute id\u00e9ologie, pour lui laisser le temps d\u2019atteindre l\u2019\u00e2ge de la raison et faire librement son choix. Toutefois, la morale est universelle.<br \/>Nous avons eu recours \u00e0 plusieurs exp\u00e9riences et nous sommes rest\u00e9s Alg\u00e9riens. Il faut en tirer les enseignements n\u00e9cessaires et \u00e9tablir un bilan des points positifs et n\u00e9gatifs, sans tenir compte des aspects mat\u00e9riels\u00bb. Selon lui, \u00abla r\u00e9solution des probl\u00e8mes n\u00e9cessite deux \u00e0 trois mois et il faut laisser le temps au gouvernement. A la base, les \u00e9l\u00e8ves n\u2019ont pas assez de cours et les enseignants sont souvent en gr\u00e8ve\u00bb.<\/p>\n<p><strong>Vers une r\u00e9vision globale des trois cycles d\u2019enseignement<\/strong><\/p>\n<p>\u00a0\u00abLa r\u00e9vision globale des trois cycles d\u2019enseignement primaire, moyen et secondaire ainsi que l\u2019enseignement sup\u00e9rieur est imp\u00e9rative, mais doit se faire , a soutenu le pr\u00e9sident de la R\u00e9publique. \u00abLes enseignants ne doivent pas imposer une revalorisation de salaire avec un taux pr\u00e9cis, car une telle attitude n\u2019est nullement celle de l\u2019\u00e9ducateur, qui doit \u00eatre un mod\u00e8le pour ses \u00e9l\u00e8ves. L\u2019\u00e9ducation est parmi les secteurs les plus difficiles \u00e0 g\u00e9rer sur les plans p\u00e9dagogique et socioprofessionnel, notamment ce qui a trait \u00e0 la situation mat\u00e9rielle des enseignants et \u00e0 la situation des \u00e9l\u00e8ves dans certaines communes o\u00f9 ils sont oblig\u00e9s de parcourir 5 km \u00e0 pied pour rejoindre leur \u00e9cole et cela\u00a0 dans l\u2019Alg\u00e9rie de 2020, en d\u00e9pit des moyens mobilis\u00e9s par l\u2019Etat, et ce \u00e0 cause de l\u2019incomp\u00e9tence de certains responsables\u00bb, a-t-il relev\u00e9. Le transport et les cantines scolaires doivent b\u00e9n\u00e9ficier aux \u00e9l\u00e8ves d\u00e9favoris\u00e9s et non \u00e0 ceux des quartiers r\u00e9sidentiels des grandes villes a-t-il ajout\u00e9. \u00abLes cantines scolaires sont tenues de servir des repas chauds aux \u00e9l\u00e8ves, faute de quoi, des sanctions s\u00e9v\u00e8res seront prises \u00e0 l\u2019encontre des auteurs de tels comportements. Les enseignants devront d\u2019abord penser \u00e0 l\u2019int\u00e9r\u00eat de l\u2019enfant avant de revendiquer tout dialogue.\u00bb Il insiste pour que les cantines scolaires ne servent plus de repas froids l\u2019hiver. \u00abLes responsables doivent s\u2019assumer et l\u2019Etat est pr\u00eat \u00e0 leur apporter appui et soutien. Priver les enfants est inacceptable aussi bien sur le plan religieux que moral. Il y a des gens qui poss\u00e8dent des milliards, alors que des \u00e9l\u00e8ves ne trouvent m\u00eame pas de quoi se nourrir dans les cantines. Cet \u00e9tat de fait est grave et j\u2019aurais souhait\u00e9 que les enseignants le d\u00e9noncent, notamment en observant des gr\u00e8ves\u00bb a-t-il affirm\u00e9.\u00a0\u00abLe secteur de l\u2019Education est appel\u00e9 \u00e0 l\u2019organisation d\u2019Assises nationales pour permettre \u00e0 tous les acteurs de donner leurs avis. Je m\u2019y engage personnellement. Il faut r\u00e9duire les in\u00e9galit\u00e9s sociales et revenir \u00e0 la r\u00e9alit\u00e9 pour rem\u00e9dier en urgence \u00e0 cette situation, qui ne n\u00e9cessite pas de grands moyens. Nous veillerons \u00e0 ce qu\u2019aucun Alg\u00e9rien ne vive la privation dont avait souffert la g\u00e9n\u00e9ration de la R\u00e9volution\u00bb dira M Tebboune.<\/p>\n<p><strong>La RASD ne doit pas \u00eatre poignard\u00e9e\u00a0 dans le dos<\/strong><\/p>\n<p>R\u00e9pondant aux questions d\u2019int\u00e9r\u00eat r\u00e9gional et international,\u00a0le pr\u00e9sident de la R\u00e9publique, mettra en relief le fait que, depuis son ind\u00e9pendance, l\u2019Alg\u00e9rie a toujours agi pour l\u2019apaisement des tensions entre les peuples et les pays. Il affirme \u00e0 ce chapitre que \u00abla R\u00e9publique arabe sahraouie d\u00e9mocratique, membre fondateur de l\u2019Union africaine, ne doit pas \u00eatre poignard\u00e9e dans le dos. Lorsque l\u2019UA ne respecte pas les chartes en tant qu\u2019organisation continentale, comment voulez-vous que les autres organisations nous respectent ?\u00bb. \u00abAujourd\u2019hui, poursuit-il, en tant qu\u2019Africains nous souffrons du fait que le dossier libyen soit pris en charge par d\u2019autres organisations, pourquoi laisser les choses empirer.\u2008Africains que nous sommes, contre la l\u00e9galit\u00e9 internationale en ce qui concerne le Sahara occidental ? Le dossier du Sahara occidental est pos\u00e9 au niveau de l\u2019UA et des Nations unies, laissons ces derni\u00e8res faire leur travail.\u00bb<br \/>En tout \u00e9tat de cause et en d\u00e9pit des pressions, la question du Sahara Occidental demeure, pr\u00e9cise-t-il une question de d\u00e9colonisation, telle est aussi la position de l\u2019UA et de l\u2019ONU. Le pr\u00e9sident Boumediene disait \u00abNous ne serons pas mis devant le fait accompli jusqu\u2019\u00e0 ce que Dieu reprenne la terre et tout ce qu\u2019elle contient\u00bb.<br \/>Karim Aoudia<\/p>\n<p>Auteur: elmoudjahid<br \/>\n<a href=\"http:\/\/www.elmoudjahid.com\/fr\/actualites\/147621\">Cliquez ici pour lire l&rsquo;article depuis sa source.<\/a><\/p>\n","protected":false},"excerpt":{"rendered":"<p>L\u2019entrevue accord\u00e9e par le pr\u00e9sident de la R\u00e9publique \u00e0 une d\u00e9l\u00e9gation de responsables de m\u00e9dias publics et priv\u00e9s a suscit\u00e9 un retour d\u2019\u00e9cho largement favorable aupr\u00e8s d\u2019experts et d\u2019universitaires, des milieux politiques et de la soci\u00e9t\u00e9 civile. Les r\u00e9ponses et \u00e9claircissements du Pr\u00e9sident Abdelmadjid Tebboune ont \u00e9t\u00e9 des plus explicites sur l\u2019ensemble des dossiers abord\u00e9s, [&hellip;]<\/p>\n","protected":false},"author":1744,"featured_media":0,"comment_status":"closed","ping_status":"closed","sticky":false,"template":"","format":"standard","meta":{"fifu_image_url":"","fifu_image_alt":"","footnotes":""},"categories":[73,53],"tags":[],"class_list":["post-74206","post","type-post","status-publish","format-standard","hentry","category-actualite","category-algerie"],"_links":{"self":[{"href":"https:\/\/linitiative.ca\/International\/wp-json\/wp\/v2\/posts\/74206","targetHints":{"allow":["GET"]}}],"collection":[{"href":"https:\/\/linitiative.ca\/International\/wp-json\/wp\/v2\/posts"}],"about":[{"href":"https:\/\/linitiative.ca\/International\/wp-json\/wp\/v2\/types\/post"}],"author":[{"embeddable":true,"href":"https:\/\/linitiative.ca\/International\/wp-json\/wp\/v2\/users\/1744"}],"replies":[{"embeddable":true,"href":"https:\/\/linitiative.ca\/International\/wp-json\/wp\/v2\/comments?post=74206"}],"version-history":[{"count":0,"href":"https:\/\/linitiative.ca\/International\/wp-json\/wp\/v2\/posts\/74206\/revisions"}],"wp:attachment":[{"href":"https:\/\/linitiative.ca\/International\/wp-json\/wp\/v2\/media?parent=74206"}],"wp:term":[{"taxonomy":"category","embeddable":true,"href":"https:\/\/linitiative.ca\/International\/wp-json\/wp\/v2\/categories?post=74206"},{"taxonomy":"post_tag","embeddable":true,"href":"https:\/\/linitiative.ca\/International\/wp-json\/wp\/v2\/tags?post=74206"}],"curies":[{"name":"wp","href":"https:\/\/api.w.org\/{rel}","templated":true}]}}