{"id":74207,"date":"2020-01-26T06:00:00","date_gmt":"2020-01-26T11:00:00","guid":{"rendered":"https:\/\/linitiative.ca\/International\/le-president-tebboune-sentretient-avec-son-homologue-turc-actualise\/"},"modified":"2020-01-26T06:00:00","modified_gmt":"2020-01-26T11:00:00","slug":"le-president-tebboune-sentretient-avec-son-homologue-turc-actualise","status":"publish","type":"post","link":"https:\/\/linitiative.ca\/International\/le-president-tebboune-sentretient-avec-son-homologue-turc-actualise\/","title":{"rendered":"Le Pr\u00e9sident Tebboune s&rsquo;entretient avec son homologue turc  (actualis\u00e9)"},"content":{"rendered":"<p>L&rsquo;entretien s&rsquo;est d\u00e9roul\u00e9 au si\u00e8ge de la Pr\u00e9sidence de la R\u00e9publique. Le pr\u00e9sident Erdogan est arriv\u00e9 peu auparavant \u00e0 Alger pour une visite d&rsquo;amiti\u00e9 et de travail de deux jours \u00e0 l&rsquo;invitation du pr\u00e9sident Tebboune.<\/p>\n<p>Lors de cette visite, les deux Pr\u00e9sidents auront des \u00e9changes sur les voies et moyens \u00e0 m\u00eame de renforcer les liens unissant les deux pays, l&rsquo;\u00e9largissement des domaines de coop\u00e9ration bilat\u00e9rale, ainsi que la concertation sur les questions internationales d&rsquo;int\u00e9r\u00eat commun.(APS)<\/p>\n<p>Le pr\u00e9sident de la R\u00e9publique de la Turquie, Recep Tayyip Erdogan, a entam\u00e9 dimanche une visite d&rsquo;amiti\u00e9 et de travail de deux jours en Alg\u00e9rie, \u00e0 l\u2019invitation du pr\u00e9sident de la R\u00e9publique, M. Abdelmadjid Tebboune.<\/p>\n<p>Le pr\u00e9sident Erdogan a \u00e9t\u00e9 accueilli, \u00e0 son arriv\u00e9e \u00e0 l&rsquo;a\u00e9roport international Houari-Boumediene, par le pr\u00e9sident Tebboune et des responsables de l&rsquo;Etat, ainsi que des membres du gouvernement.<\/p>\n<p>Lors de cette visite, les deux Pr\u00e9sidents auront des \u00e9changes sur les voies et moyens \u00e0 m\u00eame de renforcer les liens unissant les deux pays, l&rsquo;\u00e9largissement des domaines de coop\u00e9ration bilat\u00e9rale, ainsi que la concertation sur les questions internationales d&rsquo;int\u00e9r\u00eat commun.<\/p>\n<p>APS<\/p>\n<p>\/\/\/\/\/<\/p>\n<p><strong>Le pr\u00e9sident turc se recueille \u00e0 la m\u00e9moire des martyrs de la Guerre de lib\u00e9ration nationale<\/strong><\/p>\n<p>Le pr\u00e9sident turc, Recep Tayyip Erdogan, s&rsquo;est recueilli, dimanche au sanctuaire des Martyrs \u00e0 Alger, \u00e0 la m\u00e9moire des chouhada de la Guerre de lib\u00e9ration nationale.<\/p>\n<p>Accompagn\u00e9 du ministre des Affaires \u00e9trang\u00e8res, Sabri Boukadoum, le pr\u00e9sident Erdogan a d\u00e9pos\u00e9 une gerbe de fleurs devant la st\u00e8le comm\u00e9morative, observ\u00e9 une minute de silence et r\u00e9cit\u00e9 la Fatiha du Saint Coran \u00e0 la m\u00e9moire des martyrs de la R\u00e9volution.<\/p>\n<p>\u00a0Le pr\u00e9sident turc est arriv\u00e9 peu auparavant en Alg\u00e9rie pour une visite d&rsquo;amiti\u00e9 et de travail de deux jours, \u00e0 l\u2019invitation du pr\u00e9sident de la R\u00e9publique, Abdelmadjid Tebboune.(APS)<\/p>\n<p>Auteur: elmoudjahid<br \/>\n<a href=\"http:\/\/www.elmoudjahid.com\/fr\/actualites\/147622\">Cliquez ici pour lire l&rsquo;article depuis sa source.<\/a><\/p>\n","protected":false},"excerpt":{"rendered":"<p>L&rsquo;entretien s&rsquo;est d\u00e9roul\u00e9 au si\u00e8ge de la Pr\u00e9sidence de la R\u00e9publique. Le pr\u00e9sident Erdogan est arriv\u00e9 peu auparavant \u00e0 Alger pour une visite d&rsquo;amiti\u00e9 et de travail de deux jours \u00e0 l&rsquo;invitation du pr\u00e9sident Tebboune. Lors de cette visite, les deux Pr\u00e9sidents auront des \u00e9changes sur les voies et moyens \u00e0 m\u00eame de renforcer les [&hellip;]<\/p>\n","protected":false},"author":1744,"featured_media":0,"comment_status":"closed","ping_status":"closed","sticky":false,"template":"","format":"standard","meta":{"fifu_image_url":"","fifu_image_alt":"","footnotes":""},"categories":[73,53],"tags":[],"class_list":["post-74207","post","type-post","status-publish","format-standard","hentry","category-actualite","category-algerie"],"_links":{"self":[{"href":"https:\/\/linitiative.ca\/International\/wp-json\/wp\/v2\/posts\/74207","targetHints":{"allow":["GET"]}}],"collection":[{"href":"https:\/\/linitiative.ca\/International\/wp-json\/wp\/v2\/posts"}],"about":[{"href":"https:\/\/linitiative.ca\/International\/wp-json\/wp\/v2\/types\/post"}],"author":[{"embeddable":true,"href":"https:\/\/linitiative.ca\/International\/wp-json\/wp\/v2\/users\/1744"}],"replies":[{"embeddable":true,"href":"https:\/\/linitiative.ca\/International\/wp-json\/wp\/v2\/comments?post=74207"}],"version-history":[{"count":0,"href":"https:\/\/linitiative.ca\/International\/wp-json\/wp\/v2\/posts\/74207\/revisions"}],"wp:attachment":[{"href":"https:\/\/linitiative.ca\/International\/wp-json\/wp\/v2\/media?parent=74207"}],"wp:term":[{"taxonomy":"category","embeddable":true,"href":"https:\/\/linitiative.ca\/International\/wp-json\/wp\/v2\/categories?post=74207"},{"taxonomy":"post_tag","embeddable":true,"href":"https:\/\/linitiative.ca\/International\/wp-json\/wp\/v2\/tags?post=74207"}],"curies":[{"name":"wp","href":"https:\/\/api.w.org\/{rel}","templated":true}]}}