{"id":74208,"date":"2020-01-26T07:00:00","date_gmt":"2020-01-26T12:00:00","guid":{"rendered":"https:\/\/linitiative.ca\/International\/le-president-tebboune-procede-a-un-mouvement-partiel-dans-le-corps-des-walis-et-walis-delegues\/"},"modified":"2020-01-26T07:00:00","modified_gmt":"2020-01-26T12:00:00","slug":"le-president-tebboune-procede-a-un-mouvement-partiel-dans-le-corps-des-walis-et-walis-delegues","status":"publish","type":"post","link":"https:\/\/linitiative.ca\/International\/le-president-tebboune-procede-a-un-mouvement-partiel-dans-le-corps-des-walis-et-walis-delegues\/","title":{"rendered":"Le Pr\u00e9sident Tebboune proc\u00e8de \u00e0 un mouvement partiel dans le corps des walis et walis d\u00e9l\u00e9gu\u00e9s"},"content":{"rendered":"<p>\u00ab\u00a0Conform\u00e9ment aux dispositions de l&rsquo;article 92 de la Constitution, Monsieur Abdelmadjid Tebboune, Pr\u00e9sident de la R\u00e9publique, a sign\u00e9, ce jour, un d\u00e9cret portant mouvement partiel dans le corps des walis et des walis d\u00e9l\u00e9gu\u00e9s\u00a0\u00bb, pr\u00e9cise la m\u00eame source<\/p>\n<p>A ce titre, sont nomm\u00e9s walis et walis d\u00e9l\u00e9gu\u00e9s Madame et Messieurs :<\/p>\n<p>&#8211; Annaba : BERRIMI Djamel Eddine<\/p>\n<p>&#8211; Gharda\u00efa : AMARANI Boualem<\/p>\n<p>&#8211; Wali d\u00e9l\u00e9gu\u00e9e de Birtouta (w. Alger) : Mme BELHEOUANE Nachida<\/p>\n<p>&#8211; Wali d\u00e9l\u00e9gu\u00e9 de Bouinan (w. Blida) : BELMALEK Mokhtar.<\/p>\n<p>Pour rappel, le chef de l&rsquo;Etat avait proc\u00e9d\u00e9 samedi \u00e0 un mouvement partiel qui a port\u00e9 sur la nomination de 25 walis et 4 walis d\u00e9l\u00e9gu\u00e9s. Il a \u00e9t\u00e9 mis fin \u00e9galement aux fonctions de 19 walis et 3 walis d\u00e9l\u00e9gu\u00e9s.(APS)<\/p>\n<p>Auteur: elmoudjahid<br \/>\n<a href=\"http:\/\/www.elmoudjahid.com\/fr\/actualites\/147624\">Cliquez ici pour lire l&rsquo;article depuis sa source.<\/a><\/p>\n","protected":false},"excerpt":{"rendered":"<p>\u00ab\u00a0Conform\u00e9ment aux dispositions de l&rsquo;article 92 de la Constitution, Monsieur Abdelmadjid Tebboune, Pr\u00e9sident de la R\u00e9publique, a sign\u00e9, ce jour, un d\u00e9cret portant mouvement partiel dans le corps des walis et des walis d\u00e9l\u00e9gu\u00e9s\u00a0\u00bb, pr\u00e9cise la m\u00eame source A ce titre, sont nomm\u00e9s walis et walis d\u00e9l\u00e9gu\u00e9s Madame et Messieurs : &#8211; Annaba : BERRIMI [&hellip;]<\/p>\n","protected":false},"author":1744,"featured_media":0,"comment_status":"closed","ping_status":"closed","sticky":false,"template":"","format":"standard","meta":{"fifu_image_url":"","fifu_image_alt":"","footnotes":""},"categories":[73,53],"tags":[],"class_list":["post-74208","post","type-post","status-publish","format-standard","hentry","category-actualite","category-algerie"],"_links":{"self":[{"href":"https:\/\/linitiative.ca\/International\/wp-json\/wp\/v2\/posts\/74208","targetHints":{"allow":["GET"]}}],"collection":[{"href":"https:\/\/linitiative.ca\/International\/wp-json\/wp\/v2\/posts"}],"about":[{"href":"https:\/\/linitiative.ca\/International\/wp-json\/wp\/v2\/types\/post"}],"author":[{"embeddable":true,"href":"https:\/\/linitiative.ca\/International\/wp-json\/wp\/v2\/users\/1744"}],"replies":[{"embeddable":true,"href":"https:\/\/linitiative.ca\/International\/wp-json\/wp\/v2\/comments?post=74208"}],"version-history":[{"count":0,"href":"https:\/\/linitiative.ca\/International\/wp-json\/wp\/v2\/posts\/74208\/revisions"}],"wp:attachment":[{"href":"https:\/\/linitiative.ca\/International\/wp-json\/wp\/v2\/media?parent=74208"}],"wp:term":[{"taxonomy":"category","embeddable":true,"href":"https:\/\/linitiative.ca\/International\/wp-json\/wp\/v2\/categories?post=74208"},{"taxonomy":"post_tag","embeddable":true,"href":"https:\/\/linitiative.ca\/International\/wp-json\/wp\/v2\/tags?post=74208"}],"curies":[{"name":"wp","href":"https:\/\/api.w.org\/{rel}","templated":true}]}}