{"id":74210,"date":"2020-01-26T09:23:29","date_gmt":"2020-01-26T14:23:29","guid":{"rendered":"https:\/\/linitiative.ca\/International\/100652-futsal-a-laayoune-occupee-les-algeriens-dans-les-instances-internationales-s-indignent-contre-la-decision-de-la-caf\/"},"modified":"2020-01-26T09:23:29","modified_gmt":"2020-01-26T14:23:29","slug":"100652-futsal-a-laayoune-occupee-les-algeriens-dans-les-instances-internationales-s-indignent-contre-la-decision-de-la-caf","status":"publish","type":"post","link":"https:\/\/linitiative.ca\/International\/100652-futsal-a-laayoune-occupee-les-algeriens-dans-les-instances-internationales-s-indignent-contre-la-decision-de-la-caf\/","title":{"rendered":"Futsal \u00e0 La\u00e2youne occup\u00e9e: les Alg\u00e9riens dans les instances internationales s&rsquo;indignent contre la d\u00e9cision de la CAF"},"content":{"rendered":"<div readability=\"34\">\n<p><strong>ALGER &#8211; Les repr\u00e9sentants alg\u00e9riens au sein des instances sportives internationales se sont indign\u00e9s contre la Conf\u00e9d\u00e9ration africaine de football (CAF) qui a accept\u00e9 la domiciliation de la Coupe d&rsquo;Afrique des nations de futsal (CAN-2020) dans la ville de La\u00e2youne occup\u00e9e.<\/strong><\/p>\n<\/div>\n<div readability=\"73.5\">\n<p>\u00ab\u00a0Nous, repr\u00e9sentants alg\u00e9riens dans les diff\u00e9rentes instances sportives internationales, d\u00e9non\u00e7ons avec vigueur l\u2019accord \u00e9mis par la Conf\u00e9d\u00e9ration africaine de football \u00e0 la d\u00e9cision de la F\u00e9d\u00e9ration royale marocaine de football quant \u00e0 l\u2019organisation, du 28 janvier au 5 f\u00e9vrier 2020, de la CAN de futsal dans la ville de La\u00e2youne (Sahara Occidental), ayant un statut de zone occup\u00e9e et ce, en violation des statuts de la CAF, de la FIFA, des principes de la Charte et des id\u00e9aux olympiques ainsi que de la charte de l\u2019Union africaine\u00a0\u00bb, a \u00e9crit le collectif dans un communiqu\u00e9 concluant leur r\u00e9union \u00e0 Alger.<\/p>\n<p>Les repr\u00e9sentants alg\u00e9riens ont relev\u00e9 que cette d\u00e9cision visant \u00ab\u00a0\u00e0 la normalisation de l\u2019occupation du Sahara Occidental et de mettre la communaut\u00e9 africaine et internationale devant le fait accompli, a \u00e9t\u00e9 prise en violation totale et flagrante avec l\u2019\u00e9thique sportive et la l\u00e9galit\u00e9 internationale, du fait de la nature du conflit au Sahara Occidental dont le dossier est toujours trait\u00e9 par les organes habilit\u00e9s de l\u2019ONU comme une question de d\u00e9colonisation\u00a0\u00bb.<\/p>\n<blockquote readability=\"12\">\n<p><em><strong>A ce titre, \u00ab\u00a0nous exprimons, ajoutent-ils, notre grande inqui\u00e9tude et notre indignation pour le dangereux glissement dans lequel le mouvement sportif africain risque d\u2019\u00eatre entra\u00een\u00e9 avec les d\u00e9chirements aux cons\u00e9quences incalculables et les dangers r\u00e9els qu\u2019il encourt, et demandons l\u2019annulation de cette d\u00e9cision\u00a0\u00bb.<\/strong><\/em><\/p>\n<\/blockquote>\n<p>Dans ce contexte, le collectif a lanc\u00e9 un appel pressant au boycott de cette comp\u00e9tition, tant que la CAF et les organisateurs persistent \u00e0 maintenir cette domiciliation au niveau de ce territoire sur lequel le Maroc n\u2019a pas de souverainet\u00e9.<\/p>\n<p>Les membres r\u00e9unis samedi \u00e0 Alger ont tenu \u00e0 saisir les diff\u00e9rentes instances politiques et sportives africaines, \u00e0 savoir l\u2019Union africaine, l&rsquo;Association des comit\u00e9s nationaux olympiques d&rsquo;Afrique (ACNOA), l&rsquo;Union des conf\u00e9d\u00e9rations sportives d&rsquo;Afrique (UCSA), les Unions et Conf\u00e9d\u00e9rations sportives africaines, le Comit\u00e9 international olympique (CIO), l&rsquo;Association des f\u00e9d\u00e9rations internationales olympiques des sports (ASOIF) ainsi que la CAF, pour pousser cette derni\u00e8re \u00e0 faire marche arri\u00e8re.<\/p>\n<\/div>\n<p>Auteur:<br \/>\n<a href=\"http:\/\/www.aps.dz\/sport\/100652-futsal-a-laayoune-occupee-les-algeriens-dans-les-instances-internationales-s-indignent-contre-la-decision-de-la-caf?utm_source=feedburner&#038;utm_medium=feed&#038;utm_campaign=Feed%3A+aps-sport+%28APS+-+SPORT%29\">Cliquez ici pour lire l&rsquo;article depuis sa source.<\/a><\/p>\n","protected":false},"excerpt":{"rendered":"<p>ALGER &#8211; Les repr\u00e9sentants alg\u00e9riens au sein des instances sportives internationales se sont indign\u00e9s contre la Conf\u00e9d\u00e9ration africaine de football (CAF) qui a accept\u00e9 la domiciliation de la Coupe d&rsquo;Afrique des nations de futsal (CAN-2020) dans la ville de La\u00e2youne occup\u00e9e. \u00ab\u00a0Nous, repr\u00e9sentants alg\u00e9riens dans les diff\u00e9rentes instances sportives internationales, d\u00e9non\u00e7ons avec vigueur l\u2019accord \u00e9mis [&hellip;]<\/p>\n","protected":false},"author":1790,"featured_media":0,"comment_status":"closed","ping_status":"closed","sticky":false,"template":"","format":"standard","meta":{"fifu_image_url":"","fifu_image_alt":"","footnotes":""},"categories":[53,75],"tags":[],"class_list":["post-74210","post","type-post","status-publish","format-standard","hentry","category-algerie","category-sport"],"_links":{"self":[{"href":"https:\/\/linitiative.ca\/International\/wp-json\/wp\/v2\/posts\/74210","targetHints":{"allow":["GET"]}}],"collection":[{"href":"https:\/\/linitiative.ca\/International\/wp-json\/wp\/v2\/posts"}],"about":[{"href":"https:\/\/linitiative.ca\/International\/wp-json\/wp\/v2\/types\/post"}],"author":[{"embeddable":true,"href":"https:\/\/linitiative.ca\/International\/wp-json\/wp\/v2\/users\/1790"}],"replies":[{"embeddable":true,"href":"https:\/\/linitiative.ca\/International\/wp-json\/wp\/v2\/comments?post=74210"}],"version-history":[{"count":0,"href":"https:\/\/linitiative.ca\/International\/wp-json\/wp\/v2\/posts\/74210\/revisions"}],"wp:attachment":[{"href":"https:\/\/linitiative.ca\/International\/wp-json\/wp\/v2\/media?parent=74210"}],"wp:term":[{"taxonomy":"category","embeddable":true,"href":"https:\/\/linitiative.ca\/International\/wp-json\/wp\/v2\/categories?post=74210"},{"taxonomy":"post_tag","embeddable":true,"href":"https:\/\/linitiative.ca\/International\/wp-json\/wp\/v2\/tags?post=74210"}],"curies":[{"name":"wp","href":"https:\/\/api.w.org\/{rel}","templated":true}]}}