{"id":74214,"date":"2020-01-26T10:10:00","date_gmt":"2020-01-26T15:10:00","guid":{"rendered":"https:\/\/linitiative.ca\/International\/lutte-contre-la-criminalite-frontaliere-plus-de-21-000-affaires-traitees-en-2019\/"},"modified":"2020-01-26T10:10:00","modified_gmt":"2020-01-26T15:10:00","slug":"lutte-contre-la-criminalite-frontaliere-plus-de-21-000-affaires-traitees-en-2019","status":"publish","type":"post","link":"https:\/\/linitiative.ca\/International\/lutte-contre-la-criminalite-frontaliere-plus-de-21-000-affaires-traitees-en-2019\/","title":{"rendered":"LUTTE CONTRE LA CRIMINALITE FRONTALIERE : Plus de 21 000 affaires trait\u00e9es en 2019"},"content":{"rendered":"<p><br id=\"sep_para_1\" class=\"sep_para access\"\/><\/p>\n<div id=\"para_1\" class=\"para_35259718 resize\">\n<div class=\"texte access firstletter\">Les services externes de la Police aux fronti\u00e8res (PAF) ont trait\u00e9 durant l&rsquo;ann\u00e9e \u00e9coul\u00e9e 21303 affaires impliquant 21956 individus, contre 12551 en 2018, soit une hausse de 69,7%, a indiqu\u00e9, mercredi \u00e0 Alger, le contr\u00f4leur de la PAF Mohamed Noui Sifi. S&rsquo;exprimant lors d&rsquo;une conf\u00e9rence de presse consacr\u00e9e \u00e0 la pr\u00e9sentation du bilan 2019 des activit\u00e9s de la PAF,\u00a0 le contr\u00f4leur de la PAF a fait savoir que \u00ab\u00a04867 individus ont \u00e9t\u00e9 pr\u00e9sent\u00e9s aux services de s\u00e9curit\u00e9 sp\u00e9cialis\u00e9s pour implication dans des affaires li\u00e9es essentiellement au faux et usage de faux, vol, trafic de stup\u00e9fiants, de v\u00e9hicules, d&rsquo;armes et de munitions, de contrebande, de r\u00e9sidence et \u00e9migration ill\u00e9gale, d&rsquo;infiltration des fronti\u00e8res. Rappelant que la PAF est d\u00e9ploy\u00e9e au niveau de 36 a\u00e9roports, 11 ports et 26 centres frontaliers terrestres en vue du contr\u00f4le des points de passage frontaliers officiels dans le cadre de la protection des individus et de leurs biens conform\u00e9ment aux lois de la R\u00e9publique Alg\u00e9rienne et aux Lois internationales, il a indiqu\u00e9 que le nombre des voyageurs contr\u00f4l\u00e9s, durant l&rsquo;ann\u00e9e \u00e9coul\u00e9e, s&rsquo;est \u00e9lev\u00e9 \u00e0 16.755.660 en baisse de 1,20% par rapport \u00e0 2018. En mati\u00e8re du mouvement frontalier a\u00e9rien, les services de la PAF ont trait\u00e9 71690 vols de diff\u00e9rentes compagnies a\u00e9riennes, contre 73523 vols en 2018, soit une diff\u00e9rence de 1833 vols repr\u00e9sentant une baisse de\u00a0 2,55%. S&rsquo;agissant du mouvement frontalier des navires, 9.295 dessertes ont \u00e9t\u00e9 prises en charge en 2019 contre 9.408 en 2018, soit un recul de 1,20%, a-t-il encore ajout\u00e9 soulignant les proc\u00e9dures prises pour la facilitation du d\u00e9placement des voyageurs \u00e0 travers les ports, renforc\u00e9es r\u00e9cemment par des moyens modernes pour le contr\u00f4le \u00e0 bord des documents des passagers, notamment durant la saison estivale.<\/div>\n<\/div>\n<p>Auteur: Nadine<br \/>\n<a href=\"https:\/\/www.reflexiondz.net\/LUTTE-CONTRE-LA-CRIMINALITE-FRONTALIERE-Plus-de-21-000-affaires-traitees-en-2019_a60240.html\">Cliquez ici pour lire l&rsquo;article depuis sa source.<\/a><\/p>\n","protected":false},"excerpt":{"rendered":"<p>Les services externes de la Police aux fronti\u00e8res (PAF) ont trait\u00e9 durant l&rsquo;ann\u00e9e \u00e9coul\u00e9e 21303 affaires impliquant 21956 individus, contre 12551 en 2018, soit une hausse de 69,7%, a indiqu\u00e9, mercredi \u00e0 Alger, le contr\u00f4leur de la PAF Mohamed Noui Sifi. S&rsquo;exprimant lors d&rsquo;une conf\u00e9rence de presse consacr\u00e9e \u00e0 la pr\u00e9sentation du bilan 2019 des [&hellip;]<\/p>\n","protected":false},"author":1740,"featured_media":0,"comment_status":"closed","ping_status":"closed","sticky":false,"template":"","format":"standard","meta":{"fifu_image_url":"","fifu_image_alt":"","footnotes":""},"categories":[53,76],"tags":[],"class_list":["post-74214","post","type-post","status-publish","format-standard","hentry","category-algerie","category-regions"],"_links":{"self":[{"href":"https:\/\/linitiative.ca\/International\/wp-json\/wp\/v2\/posts\/74214","targetHints":{"allow":["GET"]}}],"collection":[{"href":"https:\/\/linitiative.ca\/International\/wp-json\/wp\/v2\/posts"}],"about":[{"href":"https:\/\/linitiative.ca\/International\/wp-json\/wp\/v2\/types\/post"}],"author":[{"embeddable":true,"href":"https:\/\/linitiative.ca\/International\/wp-json\/wp\/v2\/users\/1740"}],"replies":[{"embeddable":true,"href":"https:\/\/linitiative.ca\/International\/wp-json\/wp\/v2\/comments?post=74214"}],"version-history":[{"count":0,"href":"https:\/\/linitiative.ca\/International\/wp-json\/wp\/v2\/posts\/74214\/revisions"}],"wp:attachment":[{"href":"https:\/\/linitiative.ca\/International\/wp-json\/wp\/v2\/media?parent=74214"}],"wp:term":[{"taxonomy":"category","embeddable":true,"href":"https:\/\/linitiative.ca\/International\/wp-json\/wp\/v2\/categories?post=74214"},{"taxonomy":"post_tag","embeddable":true,"href":"https:\/\/linitiative.ca\/International\/wp-json\/wp\/v2\/tags?post=74214"}],"curies":[{"name":"wp","href":"https:\/\/api.w.org\/{rel}","templated":true}]}}