{"id":74216,"date":"2020-01-26T10:18:00","date_gmt":"2020-01-26T15:18:00","guid":{"rendered":"https:\/\/linitiative.ca\/International\/le-proces-en-appel-de-sellal-et-ouyahia-souvre-le-12-fevrier\/"},"modified":"2020-01-26T10:18:00","modified_gmt":"2020-01-26T15:18:00","slug":"le-proces-en-appel-de-sellal-et-ouyahia-souvre-le-12-fevrier","status":"publish","type":"post","link":"https:\/\/linitiative.ca\/International\/le-proces-en-appel-de-sellal-et-ouyahia-souvre-le-12-fevrier\/","title":{"rendered":"Le proc\u00e8s en appel de Sellal et Ouyahia s\u2019ouvre le 12 f\u00e9vrier"},"content":{"rendered":"<p><br id=\"sep_para_1\" class=\"sep_para access\"\/><\/p>\n<div id=\"para_1\" class=\"para_35259733 resize\">\n<div class=\"texte access firstletter\">Le proc\u00e8s en appel de nombreux anciens hauts responsables politiques, dont les deux anciens Premiers ministres, Ahmed Ouyahia et Abdelmalek Sellal, ainsi que les ministres de l\u2019Industrie, Youcef Yousfi, Abdessalem Bouchouareb, Mahdjoub Bedda, l\u2019ancien ministre des Travaux publics, Abdelghani Zaalane, et trois concessionnaires automobiles, s\u2019ouvre le 12 f\u00e9vrier prochain \u00e0 la cour d\u2019Alger, rapporte ce dimanche 26 janvier 2020 le quotidien El Watan. Pour rappel, le tribunal de Sidi M\u2019hamed a condamn\u00e9 le d\u00e9cembre dernier Abdelmalek Sellal et Ahmed Ouyahia respectivement \u00e0 quinze et douze ans de prison ferme, dans les affaires des usines de montage automobile et du financement occulte de la campagne \u00e9lectorale du 5\u00e8 mandat de l\u2019ex-pr\u00e9sident Abdelaziz Bouteflika. Les deux hommes d\u2019affaires Ali Haddad, patron du groupe ETRHB et Ahmed Mazouz ont \u00e9t\u00e9 condamn\u00e9s \u00e0 sept ans de prison ferme Hassane Larbaoui a \u00e9t\u00e9 condamn\u00e9 \u00e0\u00a0 6 ans.<\/div>\n<\/div>\n<p>Auteur: R\u00e9flexion<br \/>\n<a href=\"https:\/\/www.reflexiondz.net\/Le-proces-en-appel-de-Sellal-et-Ouyahia-s-ouvre-le-12-fevrier_a60244.html\">Cliquez ici pour lire l&rsquo;article depuis sa source.<\/a><\/p>\n","protected":false},"excerpt":{"rendered":"<p>Le proc\u00e8s en appel de nombreux anciens hauts responsables politiques, dont les deux anciens Premiers ministres, Ahmed Ouyahia et Abdelmalek Sellal, ainsi que les ministres de l\u2019Industrie, Youcef Yousfi, Abdessalem Bouchouareb, Mahdjoub Bedda, l\u2019ancien ministre des Travaux publics, Abdelghani Zaalane, et trois concessionnaires automobiles, s\u2019ouvre le 12 f\u00e9vrier prochain \u00e0 la cour d\u2019Alger, rapporte ce [&hellip;]<\/p>\n","protected":false},"author":1740,"featured_media":0,"comment_status":"closed","ping_status":"closed","sticky":false,"template":"","format":"standard","meta":{"fifu_image_url":"","fifu_image_alt":"","footnotes":""},"categories":[53,76],"tags":[],"class_list":["post-74216","post","type-post","status-publish","format-standard","hentry","category-algerie","category-regions"],"_links":{"self":[{"href":"https:\/\/linitiative.ca\/International\/wp-json\/wp\/v2\/posts\/74216","targetHints":{"allow":["GET"]}}],"collection":[{"href":"https:\/\/linitiative.ca\/International\/wp-json\/wp\/v2\/posts"}],"about":[{"href":"https:\/\/linitiative.ca\/International\/wp-json\/wp\/v2\/types\/post"}],"author":[{"embeddable":true,"href":"https:\/\/linitiative.ca\/International\/wp-json\/wp\/v2\/users\/1740"}],"replies":[{"embeddable":true,"href":"https:\/\/linitiative.ca\/International\/wp-json\/wp\/v2\/comments?post=74216"}],"version-history":[{"count":0,"href":"https:\/\/linitiative.ca\/International\/wp-json\/wp\/v2\/posts\/74216\/revisions"}],"wp:attachment":[{"href":"https:\/\/linitiative.ca\/International\/wp-json\/wp\/v2\/media?parent=74216"}],"wp:term":[{"taxonomy":"category","embeddable":true,"href":"https:\/\/linitiative.ca\/International\/wp-json\/wp\/v2\/categories?post=74216"},{"taxonomy":"post_tag","embeddable":true,"href":"https:\/\/linitiative.ca\/International\/wp-json\/wp\/v2\/tags?post=74216"}],"curies":[{"name":"wp","href":"https:\/\/api.w.org\/{rel}","templated":true}]}}