{"id":74217,"date":"2020-01-26T10:18:00","date_gmt":"2020-01-26T15:18:00","guid":{"rendered":"https:\/\/linitiative.ca\/International\/salah-goudjil-veut-continuer-a-la-tete-du-senat\/"},"modified":"2020-01-26T10:18:00","modified_gmt":"2020-01-26T15:18:00","slug":"salah-goudjil-veut-continuer-a-la-tete-du-senat","status":"publish","type":"post","link":"https:\/\/linitiative.ca\/International\/salah-goudjil-veut-continuer-a-la-tete-du-senat\/","title":{"rendered":"Salah Goudjil veut continuer \u00e0 la t\u00eate du S\u00e9nat!"},"content":{"rendered":"<p><br id=\"sep_para_1\" class=\"sep_para access\"\/><\/p>\n<div id=\"para_1\" class=\"para_35259729 resize\">\n<div class=\"texte access firstletter\">Deux semaines apr\u00e8s la d\u00e9mission du pr\u00e9sident du Conseil de la nation Abdelkader Bensalah, le bureau de cette institution devrait convoquer une r\u00e9union afin de d\u00e9cr\u00e9ter la vacance du poste et proc\u00e9der ensuite \u00e0 l\u2019\u00e9lection du 2e personnage de l\u2019Etat. En effet, ce poste semble attiser l\u2019app\u00e9tit de certains s\u00e9nateurs, entre autre Mahmoud Kissari qui, lui, avait affich\u00e9 son intention de se porter candidat. De son c\u00f4t\u00e9, le pr\u00e9sident du S\u00e9nat par int\u00e9rim, Salah Goudjil aurait confi\u00e9 \u00e0 des proches son intention de briguer un mandat \u00e0 la t\u00eate du Conseil de la nation. Selon le rapporteur de la commission des affaires juridiques, Fouad Boussetta, une r\u00e9union des membres du bureau devrait se tenir et annoncer officiellement la vacance de ce poste. Une autre r\u00e9union devrait \u00e9galement avoir lieu entre les pr\u00e9sidents des groupes parlementaires qui transmettront eux-aussi le dossier \u00e0 la commission des affaires juridiques qui, \u00e0 son tour, annoncera la date de la tenue d\u2019une s\u00e9ance pl\u00e9ni\u00e8re. Les d\u00e9lais sont fix\u00e9s \u00e0 15 jours \u00e0 compter de la date de la tenue de la s\u00e9ance au cours de laquelle l\u2019on d\u00e9cr\u00e8te la vacance de ce poste.<\/div>\n<\/div>\n<p>Auteur: R\u00e9flexion<br \/>\n<a href=\"https:\/\/www.reflexiondz.net\/Salah-Goudjil-veut-continuer-a-la-tete-du-Senat_a60243.html\">Cliquez ici pour lire l&rsquo;article depuis sa source.<\/a><\/p>\n","protected":false},"excerpt":{"rendered":"<p>Deux semaines apr\u00e8s la d\u00e9mission du pr\u00e9sident du Conseil de la nation Abdelkader Bensalah, le bureau de cette institution devrait convoquer une r\u00e9union afin de d\u00e9cr\u00e9ter la vacance du poste et proc\u00e9der ensuite \u00e0 l\u2019\u00e9lection du 2e personnage de l\u2019Etat. En effet, ce poste semble attiser l\u2019app\u00e9tit de certains s\u00e9nateurs, entre autre Mahmoud Kissari qui, [&hellip;]<\/p>\n","protected":false},"author":1740,"featured_media":0,"comment_status":"closed","ping_status":"closed","sticky":false,"template":"","format":"standard","meta":{"fifu_image_url":"","fifu_image_alt":"","footnotes":""},"categories":[53,76],"tags":[],"class_list":["post-74217","post","type-post","status-publish","format-standard","hentry","category-algerie","category-regions"],"_links":{"self":[{"href":"https:\/\/linitiative.ca\/International\/wp-json\/wp\/v2\/posts\/74217","targetHints":{"allow":["GET"]}}],"collection":[{"href":"https:\/\/linitiative.ca\/International\/wp-json\/wp\/v2\/posts"}],"about":[{"href":"https:\/\/linitiative.ca\/International\/wp-json\/wp\/v2\/types\/post"}],"author":[{"embeddable":true,"href":"https:\/\/linitiative.ca\/International\/wp-json\/wp\/v2\/users\/1740"}],"replies":[{"embeddable":true,"href":"https:\/\/linitiative.ca\/International\/wp-json\/wp\/v2\/comments?post=74217"}],"version-history":[{"count":0,"href":"https:\/\/linitiative.ca\/International\/wp-json\/wp\/v2\/posts\/74217\/revisions"}],"wp:attachment":[{"href":"https:\/\/linitiative.ca\/International\/wp-json\/wp\/v2\/media?parent=74217"}],"wp:term":[{"taxonomy":"category","embeddable":true,"href":"https:\/\/linitiative.ca\/International\/wp-json\/wp\/v2\/categories?post=74217"},{"taxonomy":"post_tag","embeddable":true,"href":"https:\/\/linitiative.ca\/International\/wp-json\/wp\/v2\/tags?post=74217"}],"curies":[{"name":"wp","href":"https:\/\/api.w.org\/{rel}","templated":true}]}}