{"id":74218,"date":"2020-01-26T13:12:00","date_gmt":"2020-01-26T18:12:00","guid":{"rendered":"https:\/\/linitiative.ca\/International\/onvt-mostaganem-mariam-mikoura-reelue-presidente-pour-un-nouveau-mandat\/"},"modified":"2020-01-26T13:12:00","modified_gmt":"2020-01-26T18:12:00","slug":"onvt-mostaganem-mariam-mikoura-reelue-presidente-pour-un-nouveau-mandat","status":"publish","type":"post","link":"https:\/\/linitiative.ca\/International\/onvt-mostaganem-mariam-mikoura-reelue-presidente-pour-un-nouveau-mandat\/","title":{"rendered":"ONVT \u2013 MOSTAGANEM : Mariam Mikoura r\u00e9\u00e9lue pr\u00e9sidente pour un nouveau mandat"},"content":{"rendered":"<p><br id=\"sep_para_1\" class=\"sep_para access\"\/><\/p>\n<div id=\"para_1\" class=\"para_35261599 resize\">\n<div class=\"texte access firstletter\">La pr\u00e9sidente de l&rsquo;Organisation nationale des victimes du terrorisme et leurs ayants-droit (ONVT), Madame Rabha Tounsi a pr\u00e9sid\u00e9e, samedi matin, des travaux de l\u2019assembl\u00e9e g\u00e9n\u00e9rale \u00e9lective de l&rsquo;ONVT de la wilaya de Mostaganem. Madame Mikoura Mariam , a \u00e9t\u00e9 r\u00e9\u00e9lue, \u00e0 la t\u00eate de Bureau de wilaya de\u00a0 wilaya de Mostaganem de l&rsquo;organisation pour un nouveau mandat. Lors des travaux de l\u2019assembl\u00e9e, Mme Tounsi a tenu \u00e0 rappeler que l\u2019Alg\u00e9rie a renou\u00e9 avec la paix et la stabilit\u00e9 et sortir de la crise politique gr\u00e2ce \u00e0 la sagesse de ses dirigeants et les efforts de l\u2019institut militaire ainsi que l\u2019union de tous les citoyens Alg\u00e9riens. Par ailleurs, Mme Tounsi a appel\u00e9 ses militants \u00e0 la vigilance face aux tentatives visant \u00e0 ternir l&rsquo;image de l&rsquo;ONVT et exhort\u00e9 ses adh\u00e9rant \u00e0 faire bloc face \u00e0 ces man\u0153uvres. La pr\u00e9sidente de l\u2019ONVT a f\u00e9licit\u00e9 le Pr\u00e9sident Tebboune et a r\u00e9it\u00e9r\u00e9 sa fid\u00e9lit\u00e9 au Pr\u00e9sident de la R\u00e9publique, affirmant que son organisation demeure au service du pays.\u00a0<\/div>\n<\/div>\n<p>Auteur: Riad<br \/>\n<a href=\"https:\/\/www.reflexiondz.net\/ONVT-MOSTAGANEM-Mariam-Mikoura-reelue-presidente-pour-un-nouveau-mandat_a60245.html\">Cliquez ici pour lire l&rsquo;article depuis sa source.<\/a><\/p>\n","protected":false},"excerpt":{"rendered":"<p>La pr\u00e9sidente de l&rsquo;Organisation nationale des victimes du terrorisme et leurs ayants-droit (ONVT), Madame Rabha Tounsi a pr\u00e9sid\u00e9e, samedi matin, des travaux de l\u2019assembl\u00e9e g\u00e9n\u00e9rale \u00e9lective de l&rsquo;ONVT de la wilaya de Mostaganem. Madame Mikoura Mariam , a \u00e9t\u00e9 r\u00e9\u00e9lue, \u00e0 la t\u00eate de Bureau de wilaya de\u00a0 wilaya de Mostaganem de l&rsquo;organisation pour un [&hellip;]<\/p>\n","protected":false},"author":1740,"featured_media":0,"comment_status":"closed","ping_status":"closed","sticky":false,"template":"","format":"standard","meta":{"fifu_image_url":"","fifu_image_alt":"","footnotes":""},"categories":[53,76],"tags":[],"class_list":["post-74218","post","type-post","status-publish","format-standard","hentry","category-algerie","category-regions"],"_links":{"self":[{"href":"https:\/\/linitiative.ca\/International\/wp-json\/wp\/v2\/posts\/74218","targetHints":{"allow":["GET"]}}],"collection":[{"href":"https:\/\/linitiative.ca\/International\/wp-json\/wp\/v2\/posts"}],"about":[{"href":"https:\/\/linitiative.ca\/International\/wp-json\/wp\/v2\/types\/post"}],"author":[{"embeddable":true,"href":"https:\/\/linitiative.ca\/International\/wp-json\/wp\/v2\/users\/1740"}],"replies":[{"embeddable":true,"href":"https:\/\/linitiative.ca\/International\/wp-json\/wp\/v2\/comments?post=74218"}],"version-history":[{"count":0,"href":"https:\/\/linitiative.ca\/International\/wp-json\/wp\/v2\/posts\/74218\/revisions"}],"wp:attachment":[{"href":"https:\/\/linitiative.ca\/International\/wp-json\/wp\/v2\/media?parent=74218"}],"wp:term":[{"taxonomy":"category","embeddable":true,"href":"https:\/\/linitiative.ca\/International\/wp-json\/wp\/v2\/categories?post=74218"},{"taxonomy":"post_tag","embeddable":true,"href":"https:\/\/linitiative.ca\/International\/wp-json\/wp\/v2\/tags?post=74218"}],"curies":[{"name":"wp","href":"https:\/\/api.w.org\/{rel}","templated":true}]}}