{"id":74219,"date":"2020-01-25T16:16:04","date_gmt":"2020-01-25T21:16:04","guid":{"rendered":"https:\/\/linitiative.ca\/International\/el-islah-veut-participer-a-la-reforme-de-la-constitution\/"},"modified":"2020-01-25T16:16:04","modified_gmt":"2020-01-25T21:16:04","slug":"el-islah-veut-participer-a-la-reforme-de-la-constitution","status":"publish","type":"post","link":"https:\/\/linitiative.ca\/International\/el-islah-veut-participer-a-la-reforme-de-la-constitution\/","title":{"rendered":"El Islah veut participer \u00e0 la r\u00e9forme de la constitution"},"content":{"rendered":"<p><span class=\"c2\">M.D.<\/span><\/p>\n<div readability=\"55\">\n<p>Le pr\u00e9sident du mouvement \u00ab\u00a0El Islah\u00a0\u00bb, Filali Ghouini a fait part, ce samedi \u00e0 Oran, de la volont\u00e9 de son mouvement de participer aux grands ateliers de r\u00e9forme et \u00e0 leur t\u00eate la r\u00e9forme constitutionnelle.<br \/>M.\u00a0Ghouini a affirm\u00e9, lors de la r\u00e9union du conseil de coordination r\u00e9gional ouest de son parti, que son mouvement est pr\u00eat \u00e0 participer \u00ab\u00a0avec efficacit\u00e9 et responsabilit\u00e9 aux diff\u00e9rents ateliers des grandes r\u00e9formes et \u00e0 leur t\u00eate la r\u00e9forme de la constitution, afin que la prochaine constitution soit la constitution de l\u2019Alg\u00e9rie et pour tous les alg\u00e9riens\u00a0\u00bb.<br \/>\u00ab\u00a0Nous serons pr\u00e9sents avec nos id\u00e9es, nos positions, nos propositions et tout ce que nous avons accumul\u00e9 comme exp\u00e9rience politique et ce que nous avons appris aupr\u00e8s des citoyens et citoyennes lors de rencontres, afin de contribuer \u00e0 l\u2019\u00e9laboration d\u2019une Constitution qui r\u00e9pond aux attentes de la soci\u00e9t\u00e9 et aux revendications l\u00e9gitimes soulev\u00e9es dans le hirak et exprim\u00e9es par la classe politique\u00a0\u00bb, a-t-il d\u00e9clar\u00e9, affirmant que le mouvement \u00ab\u00a0El Islah\u00a0\u00bb est pr\u00eat et adh\u00e8re \u00e0 cette grande entreprise de r\u00e9forme constitutionnelle.<br \/>Concernant le projet de loi criminalisant les aspects de racisme et de haine, il a soulign\u00e9 que \u00ab\u00a0le discours en Alg\u00e9rie doit \u00e9voluer, cultiver l\u2019espoir chez les Alg\u00e9riens, traiter la r\u00e9alit\u00e9 avec objectivit\u00e9 et susciter l\u2019ambition chez les jeunes cadres alg\u00e9riens\u00a0\u00bb, insistant, \u00e0 ce propos, sur la n\u00e9cessit\u00e9 de recadrer les espaces des r\u00e9seaux sociaux dont certaines pages se sont transform\u00e9es en attaques contre les valeurs et les symboles de la nation, de l\u2019identit\u00e9 alg\u00e9rienne et autres\u00a0\u00bb.<br \/>Par ailleurs, il a fait savoir que le mouvement \u00ab\u00a0El Islah\u00a0\u00bb valorise les d\u00e9cisions d\u2019apaisement g\u00e9n\u00e9ral et les consultations politiques d\u2019aller vers le dialogue avec les diff\u00e9rents acteurs de la sc\u00e8ne politique nationale.<br \/>Filali Ghouini a exhort\u00e9 les pr\u00e9sidents des bureaux de wilaya de son mouvement \u00e0 coordonner avec les autres acteurs du pays et les composantes de la sph\u00e8re politique local pour l\u2019ouverture de discussions et de consultations et faire part des id\u00e9es qui peuvent \u00eatre pr\u00e9sent\u00e9es comme propositions, une fois que la premi\u00e8re mouture de la r\u00e9forme de la constitution est pr\u00eate.<\/p>\n<\/div>\n<p>Auteur: Boudjedri<br \/>\n<a href=\"http:\/\/www.jeune-independant.net\/El-Islah-veut-participer-a-la.html\">Cliquez ici pour lire l&rsquo;article depuis sa source.<\/a><\/p>\n","protected":false},"excerpt":{"rendered":"<p>M.D. Le pr\u00e9sident du mouvement \u00ab\u00a0El Islah\u00a0\u00bb, Filali Ghouini a fait part, ce samedi \u00e0 Oran, de la volont\u00e9 de son mouvement de participer aux grands ateliers de r\u00e9forme et \u00e0 leur t\u00eate la r\u00e9forme constitutionnelle.M.\u00a0Ghouini a affirm\u00e9, lors de la r\u00e9union du conseil de coordination r\u00e9gional ouest de son parti, que son mouvement est [&hellip;]<\/p>\n","protected":false},"author":1737,"featured_media":0,"comment_status":"closed","ping_status":"closed","sticky":false,"template":"","format":"standard","meta":{"fifu_image_url":"","fifu_image_alt":"","footnotes":""},"categories":[73,53],"tags":[],"class_list":["post-74219","post","type-post","status-publish","format-standard","hentry","category-actualite","category-algerie"],"_links":{"self":[{"href":"https:\/\/linitiative.ca\/International\/wp-json\/wp\/v2\/posts\/74219","targetHints":{"allow":["GET"]}}],"collection":[{"href":"https:\/\/linitiative.ca\/International\/wp-json\/wp\/v2\/posts"}],"about":[{"href":"https:\/\/linitiative.ca\/International\/wp-json\/wp\/v2\/types\/post"}],"author":[{"embeddable":true,"href":"https:\/\/linitiative.ca\/International\/wp-json\/wp\/v2\/users\/1737"}],"replies":[{"embeddable":true,"href":"https:\/\/linitiative.ca\/International\/wp-json\/wp\/v2\/comments?post=74219"}],"version-history":[{"count":0,"href":"https:\/\/linitiative.ca\/International\/wp-json\/wp\/v2\/posts\/74219\/revisions"}],"wp:attachment":[{"href":"https:\/\/linitiative.ca\/International\/wp-json\/wp\/v2\/media?parent=74219"}],"wp:term":[{"taxonomy":"category","embeddable":true,"href":"https:\/\/linitiative.ca\/International\/wp-json\/wp\/v2\/categories?post=74219"},{"taxonomy":"post_tag","embeddable":true,"href":"https:\/\/linitiative.ca\/International\/wp-json\/wp\/v2\/tags?post=74219"}],"curies":[{"name":"wp","href":"https:\/\/api.w.org\/{rel}","templated":true}]}}