{"id":74220,"date":"2020-01-25T21:07:18","date_gmt":"2020-01-26T02:07:18","guid":{"rendered":"https:\/\/linitiative.ca\/International\/erdogan-dimanche-a-alger-pour-une-visite-de-deux-jours\/"},"modified":"2020-01-25T21:07:18","modified_gmt":"2020-01-26T02:07:18","slug":"erdogan-dimanche-a-alger-pour-une-visite-de-deux-jours","status":"publish","type":"post","link":"https:\/\/linitiative.ca\/International\/erdogan-dimanche-a-alger-pour-une-visite-de-deux-jours\/","title":{"rendered":"Erdogan dimanche \u00e0 Alger pour une visite de deux jours"},"content":{"rendered":"<p>Le pr\u00e9sident de la R\u00e9publique de Turquie, Recep Tayyip Erdogan effectuera \u00e0 partir de dimanche 26 janvier, une visite de deux jours en Alg\u00e9rie dans l\u2019espoir de convaincre les responsables alg\u00e9riens de sa d\u00e9marche en Libye avec en toile de fond une accentuation des \u00e9changes commerciaux et un\u00a0d\u00e9ploiement financier.Selon un communiqu\u00e9 de la pr\u00e9sidence, la visite d\u2019Erdogan intervient\u00a0\u00ab\u00a0en r\u00e9ponse \u00e0 l\u2019invitation du pr\u00e9sident de la R\u00e9publique, M.\u00a0Abdelmadjid Tebboune\u00a0\u00bb.<br \/>Lors de cette visite, \u00ab\u00a0les deux pr\u00e9sidents auront des \u00e9changes sur les moyens et voies de renforcer des liens unissant les deux pays fr\u00e8res, l\u2019\u00e9largissement des domaines de coop\u00e9ration bilat\u00e9rale et de la concertation sur les questions internationales d\u2019int\u00e9r\u00eat commun\u00a0\u00bb, a fait savoir la m\u00eame source. Cette visite aura lieu dans un contexte de multiplication des tractations diplomatiques autour de la crise libyenne qui s\u2019est exacerb\u00e9e apr\u00e8s la d\u00e9cision d\u2019Ankara d\u2019envoyer des troupes dans ce pays en soutien au gouvernement d\u2019union nationale dirig\u00e9 par Fayez Al-Sarraj et domine par les fr\u00e8res musulmans. La d\u00e9cision d\u2019Erdogan a \u00e9t\u00e9 appuy\u00e9e, en d\u00e9but d\u2019ann\u00e9e,\u00a0par le parlement turc qui a donn\u00e9 son quitus \u00e0 l\u2019envoi de soldats en Libye, principalement \u00e0 Tripoli.<br \/>A l\u2019annonce du vote du Parlement turc, l\u2019Alg\u00e9rie s\u2019y est oppos\u00e9 \u00ab\u00a0l\u2019Alg\u00e9rie n\u2019accepte aucune pr\u00e9sence \u00e9trang\u00e8re sur le sol libyen et quel qu\u2019il soit le pays qui veut intervenir\u00a0\u00bb<br \/>Pour le ministre alg\u00e9rien des affaires \u00e9trang\u00e8res Sabri Boukadoum \u00ab\u00a0la langue de l\u2019artillerie ne peut \u00eatre la solution. Cette derni\u00e8re r\u00e9side dans un dialogue s\u00e9rieux entre les bellig\u00e9rants avec l\u2019aide des pays voisins, notamment l\u2019Alg\u00e9rie\u00a0\u00bb, rappelant que l\u2019Alg\u00e9rie et la Libye ont une fronti\u00e8re commune longue de pr\u00e8s de 1000 km. \u00ab\u00a0La d\u00e9marche turque qui vise \u00e0 d\u00e9ployer des troupes sur le sol libyen internationalise la crise de fait et met l\u2019Alg\u00e9rie devant le fait accompli\u00a0\u00bb, a-t-il soulign\u00e9.<br \/>Ankara et accus\u00e9e d\u2019avoir envoy\u00e9 des mercenaires syriens en Libye pour combattre les troupes du g\u00e9n\u00e9ral Khalifa Haftar, bras arm\u00e9 des autorit\u00e9s parall\u00e8les de l\u2019Est libyen.<br \/>Selon des plusieurs sources libyennes plus de 2 700 mercenaires syriens\u00a0sont arriv\u00e9s en Libye dont plus d\u2019un millier ont \u00e9t\u00e9 achemin\u00e9s depuis la r\u00e9union de Berlin. Ces terroristes ont \u00e9t\u00e9 transport\u00e9s dans quatre vols\u00a0d\u2019Ankara vers l\u2019a\u00e9roport militaire de Mitiga qui a \u00e9t\u00e9 ces derniers jours cibl\u00e9 par les troupes de Haftar.\u00a0D\u2019autres mercenaires ont \u00e9t\u00e9 achemin\u00e9s dans un vol moldave \u00e0 partir d\u2019Istanbul selon le gouvernement de Tobrouk.\u00a0Ces mercenaires syriens, rompus \u00e0 l\u2019art de la gu\u00e9rilla, sont r\u00e9mun\u00e9r\u00e9s pour l\u2019\u00e9quivalent de 2 000 dollars. L l\u2019ONU avait affirm\u00e9 que des mercenaires sont bel et bien pr\u00e9sents en Libye et financ\u00e9s par des puissances \u00e9trang\u00e8res dont l\u2019ing\u00e9rence a aggrav\u00e9 la crise en Libye.<\/p>\n<p>Auteur: Boudjedri<br \/>\n<a href=\"http:\/\/www.jeune-independant.net\/Erdogan-dimanche-a-Alger-pour-une.html\">Cliquez ici pour lire l&rsquo;article depuis sa source.<\/a><\/p>\n","protected":false},"excerpt":{"rendered":"<p>Le pr\u00e9sident de la R\u00e9publique de Turquie, Recep Tayyip Erdogan effectuera \u00e0 partir de dimanche 26 janvier, une visite de deux jours en Alg\u00e9rie dans l\u2019espoir de convaincre les responsables alg\u00e9riens de sa d\u00e9marche en Libye avec en toile de fond une accentuation des \u00e9changes commerciaux et un\u00a0d\u00e9ploiement financier.Selon un communiqu\u00e9 de la pr\u00e9sidence, la [&hellip;]<\/p>\n","protected":false},"author":1737,"featured_media":0,"comment_status":"closed","ping_status":"closed","sticky":false,"template":"","format":"standard","meta":{"fifu_image_url":"","fifu_image_alt":"","footnotes":""},"categories":[73,53],"tags":[],"class_list":["post-74220","post","type-post","status-publish","format-standard","hentry","category-actualite","category-algerie"],"_links":{"self":[{"href":"https:\/\/linitiative.ca\/International\/wp-json\/wp\/v2\/posts\/74220","targetHints":{"allow":["GET"]}}],"collection":[{"href":"https:\/\/linitiative.ca\/International\/wp-json\/wp\/v2\/posts"}],"about":[{"href":"https:\/\/linitiative.ca\/International\/wp-json\/wp\/v2\/types\/post"}],"author":[{"embeddable":true,"href":"https:\/\/linitiative.ca\/International\/wp-json\/wp\/v2\/users\/1737"}],"replies":[{"embeddable":true,"href":"https:\/\/linitiative.ca\/International\/wp-json\/wp\/v2\/comments?post=74220"}],"version-history":[{"count":0,"href":"https:\/\/linitiative.ca\/International\/wp-json\/wp\/v2\/posts\/74220\/revisions"}],"wp:attachment":[{"href":"https:\/\/linitiative.ca\/International\/wp-json\/wp\/v2\/media?parent=74220"}],"wp:term":[{"taxonomy":"category","embeddable":true,"href":"https:\/\/linitiative.ca\/International\/wp-json\/wp\/v2\/categories?post=74220"},{"taxonomy":"post_tag","embeddable":true,"href":"https:\/\/linitiative.ca\/International\/wp-json\/wp\/v2\/tags?post=74220"}],"curies":[{"name":"wp","href":"https:\/\/api.w.org\/{rel}","templated":true}]}}