{"id":74222,"date":"2020-01-26T04:04:53","date_gmt":"2020-01-26T09:04:53","guid":{"rendered":"https:\/\/linitiative.ca\/International\/lappel-au-dialogue-face-au-retour-a-la-repression-et-le-maintien-des-entraves-a-lexercice-politique-les-incoherences-dune-demarche-politique\/"},"modified":"2020-01-26T04:04:53","modified_gmt":"2020-01-26T09:04:53","slug":"lappel-au-dialogue-face-au-retour-a-la-repression-et-le-maintien-des-entraves-a-lexercice-politique-les-incoherences-dune-demarche-politique","status":"publish","type":"post","link":"https:\/\/linitiative.ca\/International\/lappel-au-dialogue-face-au-retour-a-la-repression-et-le-maintien-des-entraves-a-lexercice-politique-les-incoherences-dune-demarche-politique\/","title":{"rendered":"L\u2019appel au dialogue face au retour \u00e0 la r\u00e9pression et le maintien des entraves \u00e0 l\u2019exercice politique : Les incoh\u00e9rences d\u2019une d\u00e9marche politique"},"content":{"rendered":"<h4 class=\"title-14\"\/>\n<p class=\"p3\"><span class=\"s1\"><strong>L\u2019\u00abambigu\u00eft\u00e9\u00bb de la situation actuelle, entre la logique \u00abr\u00e9pressive\u00bb et le verrouillage des champs politique et m\u00e9diatique, d\u2019un c\u00f4t\u00e9, et le lancement des consultations, de l\u2019autre, font planer un certain doute sur la logique du pouvoir en place, ce qui, in\u00e9luctablement, se r\u00e9percuterait sur le d\u00e9roulement de la d\u00e9marche actuelle, d\u00e9j\u00e0 contest\u00e9e par une partie de la classe politique de l\u2019opposition.<\/strong><\/span><\/p>\n<p class=\"p3\">Le climat politique en Alg\u00e9rie n\u2019est pas \u00abapais\u00e9\u00bb. Attendant des mesures cens\u00e9es favoriser le passage \u00e0 un processus de dialogue afin de trouver les voies et moyens pour mettre un terme \u00e0 la crise actuelle, les partis et personnalit\u00e9s politiques, du moins ceux qui sont dans cette logique, se sont vite rendus \u00e0 l\u2019\u00e9vidence que la situation n\u2019\u00e9volue pas dans ce sens.<\/p>\n<p class=\"p3\">Non seulement les <em>\u00abmesures d\u2019apaisement\u00bb<\/em> tant souhait\u00e9es tardent \u00e0 se mettre en place, mais ces derni\u00e8res semaines, il y a eu une sorte de retour \u00e0 un \u00abtraitement s\u00e9curitaire\u00bb du hirak. Avant-hier encore, lors du 49<sup>e<\/sup> vendredi de la contestation, les services de s\u00e9curit\u00e9 ont proc\u00e9d\u00e9, \u00e0 Alger, \u00e0 l\u2019interpellation de manifestants.<\/p>\n<p class=\"p3\">Leur nombre serait de cinq, selon le Comit\u00e9 national pour la lib\u00e9ration des d\u00e9tenus (CNLD), et devraient \u00eatre pr\u00e9sent\u00e9s, aujourd\u2019hui, devant le procureur de la R\u00e9publique pr\u00e8s le tribunal de Sidi M\u2019hamed. C\u2019est ce qui s\u2019est pass\u00e9 lors des deux vendredis pr\u00e9c\u00e9dents, notamment le 48<sup>e<\/sup> o\u00f9 20 manifestants avaient subi le m\u00eame sort. M\u00eame s\u2019ils avaient b\u00e9n\u00e9fici\u00e9 par la suite de la lib\u00e9ration provisoire, ils sont n\u00e9anmoins poursuivis pour \u00abattroupement non autoris\u00e9\u00bb. Ceci, en plus de l\u2019usage du gaz lacrymog\u00e8ne qui a aussi r\u00e9apparu.<\/p>\n<p class=\"p3\">Une attitude des pouvoirs publics qui contraste finalement avec la <em>\u00abmain tendue\u00bb<\/em> par Abdelmadjid Tebboune envers le hirak. Ce retour \u00e0 cette logique \u00abr\u00e9pressive\u00bb co\u00efncide \u00e9galement avec certaines autres d\u00e9cisions relatives \u00e0 l\u2019exercice politique. Les forces du Pacte de l\u2019alternative d\u00e9mocratique (PAD) ont d\u00fb se rabattre, hier, sur le si\u00e8ge du Rassemblement pour la culture et la d\u00e9mocratie (RCD) pour la tenue de leurs \u00abassises\u00bb.<\/p>\n<p class=\"p3\">L\u2019\u00e9v\u00e9nement devait se d\u00e9rouler \u00e0 la Safex, mais apparemment une \u00abinstruction\u00bb aurait \u00e9t\u00e9 donn\u00e9e pour surseoir \u00e0 l\u2019autorisation accord\u00e9e pr\u00e9alablement. <em>\u00abA 24 heures de la tenue des assises nationales pour l\u2019alternative d\u00e9mocratique et la souverainet\u00e9 populaire, les autorit\u00e9s de fait viennent de signifier tacitement le refus de l\u2019organisation de ces assises, malgr\u00e9 l\u2019accord \u00e9crit de l\u2019administration de la Safex d\u00e9livr\u00e9 \u00e0 l\u2019UCP (Union pour le Changement et le Progr\u00e8s)\u00bb<\/em>, a indiqu\u00e9, avant-hier, le PAD dans un communiqu\u00e9.<\/p>\n<p class=\"p3\">Cela veut-il dire que les partis et personnalit\u00e9s qui refusent de s\u2019inscrire dans le processus en cours seront \u00abp\u00e9nalis\u00e9s\u00bb\u00a0? Parmi les partis politiques composant le PAD, certains sont pourtant repr\u00e9sent\u00e9s au Parlement et g\u00e8rent des APC.<\/p>\n<p class=\"p3\">En somme, des \u00abpr\u00e9alables\u00bb consistant en la lib\u00e9ration des d\u00e9tenus d\u2019opinion, l\u2019ouverture des champs politique et m\u00e9diatique et la lev\u00e9e des entraves sur les manifestations publiques, r\u00e9clam\u00e9es par moult formations et personnalit\u00e9s politiques, peu a \u00e9t\u00e9 r\u00e9alis\u00e9, pour ne pas dire \u00abrien\u00bb.<\/p>\n<p class=\"p3\">Le 2 janvier dernier, un contingent de 76 d\u00e9tenus a \u00e9t\u00e9 lib\u00e9r\u00e9 (libert\u00e9 provisoire). Certains s\u2019attendaient \u00e0 la poursuite du processus. Des informations avaient m\u00eame circul\u00e9 concernant l\u2019\u00e9ventualit\u00e9 de la lib\u00e9ration des militants et activistes les plus en vue, tels que Tabbou, Boumala, Fersaoui et Benlarbi.<\/p>\n<p class=\"p3\">Finalement, non seulement il n\u2019en fut rien, mais Tabbou a m\u00eame vu sa d\u00e9tention provisoire prolong\u00e9e de quatre autres mois, m\u00eame si, comme l\u2019a expliqu\u00e9 l\u2019avocat Abdelghani Badi, l\u2019instruction, et ce, dans les quatre affaires est close.<\/p>\n<p class=\"p3\">En somme, il n\u2019y a ni lib\u00e9ration de tous les d\u00e9tenus d\u2019opinion, ni ouverture du champ m\u00e9diatique, les m\u00e9dias publics ne couvrant toujours pas le hirak et n\u2019ouvrant pas l\u2019antenne aux voix discordantes et ni ouverture du champ politique avec le refus d\u2019autoriser des activit\u00e9s de partis politiques pourtant agr\u00e9\u00e9s.<\/p>\n<p class=\"p3\">La lib\u00e9ration des 76 d\u00e9tenus le 2 janvier a \u00e9t\u00e9 per\u00e7ue comme un signe de <em>\u00abbonne volont\u00e9\u00bb<\/em>. De m\u00eame pour le fait que le pr\u00e9sident de la R\u00e9publique ait choisi, parmi les personnalit\u00e9s qu\u2019il a re\u00e7ues en premier, des figures qui plaidaient pour une transition.<\/p>\n<p class=\"p3\">Des consultations portant notamment sur l\u2019amendement de la Constitution qui, d\u2019apr\u00e8s les axes d\u00e9finis par la Pr\u00e9sidence, garantirait entre autres les libert\u00e9s individuelles et collectives et le libre exercice politique. Or, les choses semblent pour l\u2019instant stagner.<\/p>\n<p class=\"p3\">Une \u00abincoh\u00e9rence\u00bb dans la d\u00e9marche du pouvoir en place que certains n\u2019arrivent pas \u00e0 expliquer. Soufiane Djilali de Jil Jadid s\u2019est m\u00eame interrog\u00e9 le 19 janvier dernier <em>\u00abs\u2019il n\u2019y a pas d\u2019autres forces qui veulent bloquer le processus\u00bb,<\/em> puisque la <em>\u00abreprise en main s\u00e9curitaire\u00bb<\/em>, qui intervient apr\u00e8s la lib\u00e9ration des 76 d\u00e9tenus, <em>\u00abmettrait en difficult\u00e9 toute acceptation d\u2019un dialogue s\u00e9rieux\u00bb.<\/em><\/p>\n<p class=\"p3\">En somme, l\u2019\u00abambigu\u00eft\u00e9\u00bb de la situation actuelle, entre la logique \u00abr\u00e9pressive\u00bb et le verrouillage des champs politique et m\u00e9diatique, d\u2019un c\u00f4t\u00e9, et le lancement des consultations, de l\u2019autre, font planer un certain doute sur la logique du pouvoir en place, ce qui, in\u00e9luctablement se r\u00e9percuterait sur le d\u00e9roulement de la d\u00e9marche actuelle, d\u00e9j\u00e0 contest\u00e9e par une partie de la classe politique de l\u2019opposition.<\/p>\n<p><span class=\"post-views-label\">Post Views:<\/span> <span class=\"post-views-count\">645<\/span><\/p>\n<p><br class=\"c2\"\/><\/p>\n<p>Auteur: Anis Khecheba<br \/>\n<a href=\"https:\/\/www.elwatan.com\/edition\/actualite\/les-incoherences-dune-demarche-politique-26-01-2020\">Cliquez ici pour lire l&rsquo;article depuis sa source.<\/a><\/p>\n","protected":false},"excerpt":{"rendered":"<p>L\u2019\u00abambigu\u00eft\u00e9\u00bb de la situation actuelle, entre la logique \u00abr\u00e9pressive\u00bb et le verrouillage des champs politique et m\u00e9diatique, d\u2019un c\u00f4t\u00e9, et le lancement des consultations, de l\u2019autre, font planer un certain doute sur la logique du pouvoir en place, ce qui, in\u00e9luctablement, se r\u00e9percuterait sur le d\u00e9roulement de la d\u00e9marche actuelle, d\u00e9j\u00e0 contest\u00e9e par une partie [&hellip;]<\/p>\n","protected":false},"author":1743,"featured_media":0,"comment_status":"closed","ping_status":"closed","sticky":false,"template":"","format":"standard","meta":{"fifu_image_url":"","fifu_image_alt":"","footnotes":""},"categories":[73,53],"tags":[],"class_list":["post-74222","post","type-post","status-publish","format-standard","hentry","category-actualite","category-algerie"],"_links":{"self":[{"href":"https:\/\/linitiative.ca\/International\/wp-json\/wp\/v2\/posts\/74222","targetHints":{"allow":["GET"]}}],"collection":[{"href":"https:\/\/linitiative.ca\/International\/wp-json\/wp\/v2\/posts"}],"about":[{"href":"https:\/\/linitiative.ca\/International\/wp-json\/wp\/v2\/types\/post"}],"author":[{"embeddable":true,"href":"https:\/\/linitiative.ca\/International\/wp-json\/wp\/v2\/users\/1743"}],"replies":[{"embeddable":true,"href":"https:\/\/linitiative.ca\/International\/wp-json\/wp\/v2\/comments?post=74222"}],"version-history":[{"count":0,"href":"https:\/\/linitiative.ca\/International\/wp-json\/wp\/v2\/posts\/74222\/revisions"}],"wp:attachment":[{"href":"https:\/\/linitiative.ca\/International\/wp-json\/wp\/v2\/media?parent=74222"}],"wp:term":[{"taxonomy":"category","embeddable":true,"href":"https:\/\/linitiative.ca\/International\/wp-json\/wp\/v2\/categories?post=74222"},{"taxonomy":"post_tag","embeddable":true,"href":"https:\/\/linitiative.ca\/International\/wp-json\/wp\/v2\/tags?post=74222"}],"curies":[{"name":"wp","href":"https:\/\/api.w.org\/{rel}","templated":true}]}}