{"id":74223,"date":"2020-01-26T04:05:48","date_gmt":"2020-01-26T09:05:48","guid":{"rendered":"https:\/\/linitiative.ca\/International\/le-numero-37-de-la-revue-naqd-disseque-le-paysage-mediatique-national-ouvertures-controlees-doctobre-88-au-hirak\/"},"modified":"2020-01-26T04:05:48","modified_gmt":"2020-01-26T09:05:48","slug":"le-numero-37-de-la-revue-naqd-disseque-le-paysage-mediatique-national-ouvertures-controlees-doctobre-88-au-hirak","status":"publish","type":"post","link":"https:\/\/linitiative.ca\/International\/le-numero-37-de-la-revue-naqd-disseque-le-paysage-mediatique-national-ouvertures-controlees-doctobre-88-au-hirak\/","title":{"rendered":"Le num\u00e9ro 37 de la revue Naqd diss\u00e8que le paysage m\u00e9diatique national : \u00abOuvertures contr\u00f4l\u00e9es\u00bb, d\u2019Octobre 88 au Hirak"},"content":{"rendered":"<h4 class=\"title-14\"\/>\n<div class=\"featured_image\"><img loading=\"lazy\" decoding=\"async\" width=\"800\" height=\"1118\" src=\"https:\/\/www.elwatan.com\/wp-content\/uploads\/2020\/01\/Naqd-col.gif\" class=\"attachment-post-thumbnail size-post-thumbnail wp-post-image\" alt=\"\"\/><\/div>\n<p class=\"p4\"><span class=\"s1\">D<\/span><span class=\"s1\">e l\u2019aventure intellectuelle \u00e0 la m\u00e9saventure \u00e9conomique\u00bb. Cette r\u00e9flexion aux airs de boutade que l\u2019on doit au professeur Belkacem Ahc\u00e8ne Djaballah, et que nous avons extraite du titre de sa contribution au dernier num\u00e9ro de <em>NAQD<\/em>, r\u00e9sume efficacement, \u00e0 notre sens, l\u2019\u00e9volution de la presse alg\u00e9rienne trente ans apr\u00e8s les r\u00e9formes post-Octobre 1988.<\/span><\/p>\n<p class=\"p4\"><span class=\"s1\">Outre l\u2019excellente contribution du professeur Belkacem Djaballah, la derni\u00e8re \u00e9dition de la revue <em>NAQD<\/em> qui sort bient\u00f4t en librairie fourmille d\u2019\u00e9tudes plus pertinentes les unes que les autres, sociologiques, juridiques, historiques, \u00e9conomiques, g\u00e9opolitiques, toutes d\u00e9di\u00e9es au diagnostic et au d\u00e9cryptage d\u2019un segment de la soci\u00e9t\u00e9 profond\u00e9ment malade : le secteur m\u00e9diatique.<\/span><\/p>\n<p class=\"p4\"><span class=\"s1\">Sous le titre \u00abM\u00e9dias, communication et soci\u00e9t\u00e9. Des temps nouveaux\u00bb, ce num\u00e9ro offre l\u2019avantage de mettre \u00e0 la disposition du lecteur une remarquable radioscopie du champ m\u00e9diatique dans tous ses compartiments : dispositif r\u00e9glementaire, mod\u00e8le \u00e9conomique, enjeux de pouvoir, organisation sociale, t\u00e9l\u00e9s offshore, presse \u00e9lectronique, r\u00e9seaux sociaux\u2026 Actualit\u00e9 oblige, cette livraison ne manque pas d\u2019aborder aussi une question incontournable : l\u2019impact du hirak sur les m\u00e9dias.<\/span><\/p>\n<p class=\"p4\"><span class=\"s1\">Pour donner un avant-go\u00fbt du menu concoct\u00e9 par l\u2019\u00e9quipe \u00e9ditoriale de <em>NAQD<\/em> pour ce num\u00e9ro singulier, celui-ci est constitu\u00e9 exactement de neuf contributions. Belkacem Mostefaoui, sp\u00e9cialiste en sociologie des m\u00e9dias et professeur \u00e0 l\u2019Ecole nationale sup\u00e9rieure de journalisme et des sciences de l\u2019information d\u2019Alger (ENSJSI) \u00e9trenne cette \u00e9dition avec une \u00e9tude foisonnante intitul\u00e9e : \u00abJeux de pouvoir dans la gouvernance des m\u00e9dias en Alg\u00e9rie au prisme du mouvement populaire du 22 f\u00e9vrier 2019\u00bb.<\/span><\/p>\n<p class=\"p4\"><span class=\"s1\">Belkacem Ahc\u00e8ne-Djaballah, ancien professeur associ\u00e9 \u00e0 l\u2019Ecole nationale sup\u00e9rieure de journalisme d\u2019Alger et journaliste au long cours, s\u2019est int\u00e9ress\u00e9 pour sa part \u00e0 l\u2019\u00abEconomie de la presse et de la communication en Alg\u00e9rie\u00bb.<\/span><\/p>\n<p class=\"p4\"><span class=\"s1\">L\u2019intitul\u00e9 complet de sa contribution ajoute cette mention \u00e9voqu\u00e9e au d\u00e9but de notre papier\u00a0: \u00abDe l\u2019aventure intellectuelle \u00e0 la m\u00e9saventure \u00e9conomique\u00bb. Nor El Houda Bouzegaou, ma\u00eetre de conf\u00e9rences \u00e0 la facult\u00e9 des Sciences de l\u2019information et de la communication (Universit\u00e9 d\u2019Alger 3) compl\u00e8te le tableau en abordant la question de \u00abla publicit\u00e9 et la t\u00e9l\u00e9vision publique\u00bb.<\/span><\/p>\n<p class=\"p4\"><span class=\"s1\">Au menu de ce 37<sup>e<\/sup> num\u00e9ro \u00e9galement, la brillante contribution de Aldjia Boucha\u00e2la, ma\u00eetre de conf\u00e9rences \u00e0 l\u2019Ecole sup\u00e9rieure de journalisme d\u2019Alger et A\u00efssa Merah, enseignant \u00e0 l\u2019Universit\u00e9 de B\u00e9ja\u00efa : \u00abLes mutations de l\u2019espace public m\u00e9diatique en Alg\u00e9rie. Les journalistes hors-champs\u00bb.<\/span><\/p>\n<p class=\"p9\"><strong><span class=\"s1\">Au commencement \u00e9tait Octobre<\/span><\/strong><\/p>\n<p class=\"p7\"><span class=\"s1\">On pourra y appr\u00e9cier, en outre, cet article original de Fateh Chemerik de l\u2019Universit\u00e9 de Grenoble : \u00abLa Presse, le football et la politique en Alg\u00e9rie : L\u2019imbrication des strat\u00e9gies populistes de captation et d\u2019ali\u00e9nation\u00bb.<\/span><\/p>\n<p class=\"p7\"><span class=\"s1\">Le chercheur Hakim Hamzaoui, ma\u00eetre de conf\u00e9rences \u00e0 l\u2019ENSJSI, s\u2019est attach\u00e9 quant \u00e0 lui \u00e0 interroger la fronde des journalistes du secteur public d\u00e8s le d\u00e9but du mouvement populaire \u00e0 travers cette contribution : \u00abDe la libert\u00e9 d\u2019expression \u00e0 la \u2018\u2018Radio alg\u00e9rienne\u2019\u2019 : Aux origines de la r\u00e9volte des journalistes radio durant le \u2018\u2018hirak\u2019\u2019 \u00bb.<\/span><\/p>\n<p class=\"p7\"><span class=\"s1\">Ce 37<sup>e<\/sup> num\u00e9ro compte, par ailleurs, trois contributions en langue arabe. Fatma Kebour, ma\u00eetre de conf\u00e9rences \u00e0 l\u2019ENSJSI d\u2019Alger, s\u2019est pench\u00e9e sur le traitement, par la presse, des expressions contestataires de ces derni\u00e8res ann\u00e9es\u00a0: \u00abLes m\u00e9dias, l\u2019individu et les mouvements de protestation en Alg\u00e9rie depuis 2011\u00bb.<\/span><\/p>\n<p class=\"p7\"><span class=\"s1\">Sous le titre \u00abLes Ul\u00e9mas et le 1<sup>er<\/sup> Novembre 1954 : Entre les attentes du mouvement de f\u00e9vrier 2019 et l\u2019instrumentalisation des m\u00e9dias\u00bb, la chercheuse Afaf Zekkour se propose de son c\u00f4t\u00e9 de d\u00e9construire la notion de \u00abbadissia-novembaria\u00bb dont il a beaucoup \u00e9t\u00e9 question en cette ann\u00e9e de hirak. Retenons enfin l\u2019article du Libanais Imad-Eddine Raef consacr\u00e9 aux \u00abQuestions sociales dans les m\u00e9dias libanais\u00bb.<\/span><\/p>\n<p class=\"p7\"><span class=\"s1\">Daho Djerbal et Belkacem Mostefaoui, qui ont sign\u00e9 la pr\u00e9sentation de ce 37<sup>e<\/sup> num\u00e9ro, indiquent qu\u2019en 1995 d\u00e9j\u00e0, la revue <em>NAQD<\/em> s\u2019\u00e9tait attel\u00e9e \u00e0 l\u2019examen critique du paysage m\u00e9diatique national. Le num\u00e9ro pr\u00e9c\u00e9dent avait \u00e9t\u00e9 r\u00e9alis\u00e9, rappellent les auteurs, <em>\u00abdans le sillage des mouvements sociaux d\u2019Octobre 1988\u00bb<\/em> et les <em>\u00abouvertures contr\u00f4l\u00e9es op\u00e9r\u00e9es dans l\u2019espace m\u00e9diatique alg\u00e9rien\u00bb<\/em>.<\/span><\/p>\n<p class=\"p7\"><span class=\"s1\"><em>\u00abNous cherchions alors \u00e0 nous interroger sur la dimension d\u2019une t\u00e9l\u00e9vision qui, dans le contexte de la post-modernit\u00e9, \u00e9tait \u00e0 la fois, pensions-nous, objet privil\u00e9gi\u00e9 de communication de masse et instrument de d\u00e9mocratie\u00bb<\/em>.<\/span><\/p>\n<p class=\"p7\"><span class=\"s1\">Pour cette derni\u00e8re livraison, Daho Djerbal et Belkacem Mostefaoui pr\u00e9cisent : <em>\u00abNous nous proposons, avec ce num\u00e9ro 37 de<\/em> NAQD, <em>d\u2019explorer avec une distance critique ce qui s\u2019est pass\u00e9 dans le domaine des m\u00e9dias comme au sein de la soci\u00e9t\u00e9 alg\u00e9rienne durant ces deux \u00e0 trois derni\u00e8res d\u00e9cennies.<\/em><\/span><\/p>\n<p class=\"p7\"><span class=\"s1\"><em>De fait, en une vingtaine d\u2019ann\u00e9es, l\u2019accumulation des changements induits dans l\u2019espace m\u00e9diatique est fortement significatif tant au niveau des structures de diffusion que des offres de programmes d\u2019information et de communication par les industries culturelles, qu\u2019\u00e0 celui de la r\u00e9ception et des usages publics\u00bb<\/em>.<\/span><\/p>\n<p class=\"p7\"><strong><span class=\"s1\">\u00ab5000 \u00e0 6000 journalistes recens\u00e9s\u00bb<\/span><\/strong><\/p>\n<p class=\"p7\"><span class=\"s1\">Dans sa contribution, Belkacem Mostefaoui d\u00e9cortique soigneusement l\u2019\u00e9volution du champ m\u00e9diatique sur le temps long. D\u2019apr\u00e8s lui, la corporation compte aujourd\u2019hui <em>\u00ab5000 \u00e0 6000 journalistes\u00bb<\/em> en signalant toutefois qu\u2019<em>\u00abaucune statistique fiable n\u2019existe\u00bb<\/em>.<\/span><\/p>\n<p class=\"p7\"><span class=\"s1\">Il ajoute dans la foul\u00e9e : <em>\u00abL\u2019opacit\u00e9 quasi-totale entourant la composante est le fait essentiellement du trop grand nombre d\u2019entreprises \u00e9ditrices employant de jeunes journalistes pigistes sans aucune d\u00e9claration, ni au fisc, ni aux organismes de protection sociale\u00bb<\/em>.<\/span><\/p>\n<p class=\"p7\"><span class=\"s1\">L\u2019auteur constate, par ailleurs, une d\u00e9faillance manifeste dans l\u2019organisation socioprofessionnelle des travailleurs des m\u00e9dias : <em>\u00abSur le plan de l\u2019organisation professionnelle des journalistes, on observe un d\u00e9ficit grave des capacit\u00e9s et des structures cr\u00e9\u00e9es, souvent \u00e0 la va-vite, et sans comparaison avec l\u2019\u00e9lan d\u2019\u00e9mancipation du Mouvement des journalistes alg\u00e9riens (MJA), activement impliqu\u00e9 dans les mouvements sociaux d\u2019Octobre 1988 et leurs lendemains\u00bb<\/em>.<\/span><\/p>\n<p class=\"p7\"><span class=\"s1\">Passant au crible le dispositif r\u00e9glementaire r\u00e9gissant le secteur, Belkacem Mostefaoui observe : <em>\u00abL\u2019examen de la r\u00e9gulation des m\u00e9dias et des m\u00e9tiers du journalisme en Alg\u00e9rie pr\u00e9sente des caract\u00e9ristiques marqu\u00e9es par une tendance lourde : malgr\u00e9 les \u00a0\u00bbouvertures contr\u00f4l\u00e9es\u00a0\u00bb op\u00e9r\u00e9es par le r\u00e9gime politique, les textes l\u00e9gislatifs et r\u00e9glementaires sont sans cesse bouscul\u00e9s par les r\u00e9alit\u00e9s. Le droit \u00e0 une information de qualit\u00e9 est lui aussi sans cesse malmen\u00e9\u00bb<\/em>.<\/span><\/p>\n<p class=\"p7\"><span class=\"s1\">Il poursuit\u00a0: <em>\u00abLes r\u00e9voltes citoyennes d\u2019Octobre 1988 ont d\u00e9stabilis\u00e9 le r\u00e9gime politique autoritaire en place. Les innovations technologiques ont ouvert aux m\u00e9dias\/monde la p\u00e9n\u00e9tration des espaces de r\u00e9ception publics du pays\u00bb<\/em>.<\/span><\/p>\n<p class=\"p7\"><span class=\"s1\">Evoquant l\u2019\u00e9mergence des cha\u00eenes de t\u00e9l\u00e9vision priv\u00e9es, le professeur Mostefaoui met l\u2019accent sur leurs accointances \u00e9troites avec le r\u00e9gime de Bouteflika : <em>\u00abMoins crisp\u00e9es sur les sujets de soci\u00e9t\u00e9 que les t\u00e9l\u00e9s gouvernementales et cens\u00e9es \u2018\u2018amuser le bon peuple\u2019\u2019, les t\u00e9l\u00e9s priv\u00e9es ont \u00e9t\u00e9 m\u00e9thodiquement projet\u00e9es dans le syst\u00e8me Bouteflika comme ultime anesth\u00e9siant de contr\u00f4le sur la soci\u00e9t\u00e9 alg\u00e9rienne\u00bb<\/em>, ass\u00e8ne-t-il.<\/span><\/p>\n<p class=\"p7\"><strong><span class=\"s1\">\u00abJournalisme de promotion\u00bb<\/span><\/strong><\/p>\n<p class=\"p7\"><span class=\"s1\">Le sociologue a recens\u00e9 rigoureusement tout un \u00e9ventail de d\u00e9rives qui ont perverti le m\u00e9tier, dont une certaine tendance client\u00e9liste qui pousse \u00e0 la mercantilisation du journalisme\u00a0: <em>\u00abDans le monde, les genres journalistiques qui fondent le mieux les palmes des m\u00e9dias, anciens et nouveaux, souvent \u00e0 leur corps d\u00e9fendant, sont l\u2019enqu\u00eate et le reportage ; mais aussi la sobri\u00e9t\u00e9 et l\u2019exactitude d\u2019informations v\u00e9rifi\u00e9es, crois\u00e9es de sources et nouvelles.<\/em><\/span><\/p>\n<p class=\"p7\"><span class=\"s1\"><em>Le \u2018\u2018journalisme<\/em>\u2019\u2019 <em>de promotion, dans ses d\u00e9clinaisons au sein des journaux alg\u00e9riens et t\u00e9l\u00e9s commerciales alg\u00e9riennes, s\u2019est institu\u00e9 en genre sp\u00e9cifique national m\u00ealant le style r\u00e9dactionnel de commentaire, ou de br\u00e8ves comment\u00e9es, \u00e0 des sujets choisis en fonction d\u2019une offre de service \u00e0 des personnes ou des marques d\u00fbment cit\u00e9es. (\u2026) Le r\u00e9dacteur, signant de son nom ou autrement, ou pas du tout, se met ou est mis en situation de \u2018\u2018faire l\u2019article, plut\u00f4t que d\u2019\u00e9crire un article\u2019\u2019.<\/em><\/span><\/p>\n<p class=\"p7\"><span class=\"s1\"><em>Pour autant, nulle signalisation ne vient marquer le papier sous d\u00e9clinaison de publireportage ou de placard de publicit\u00e9\u00bb<\/em>. Belkacem Mostefaoui compl\u00e8te cet \u00e9tat des lieux en notant : <em>\u00abL\u2019Alg\u00e9rie est \u00e0 pr\u00e9sent dot\u00e9e d\u2019un espace m\u00e9diatique \u2018\u2018national\u2019\u2019 \u00e0 double fa\u00e7ade, et hors r\u00e9gulation de droit : des radios et t\u00e9l\u00e9s \u00e9tatiques encore tr\u00e8s peu lib\u00e9r\u00e9es de regard sur les r\u00e9alit\u00e9s nationales et transgressant violemment les principes universels de service public ; un nombre pl\u00e9thorique de journaux et t\u00e9l\u00e9s de droit priv\u00e9 (dont la plupart en voie de disparition) et en majorit\u00e9 domestiqu\u00e9s, et un champ immense de possibles activit\u00e9s nouvelles via internet\u00bb<\/em>.<\/span><\/p>\n<p class=\"p7\"><span class=\"s1\">Analysant les ressorts du soul\u00e8vement populaire du 22 F\u00e9vrier, Belkacem Mostefaoui n\u2019a pas manqu\u00e9 de souligner le r\u00f4le d\u2019une partie de la corporation dans cet \u00e9lan lib\u00e9rateur ; un engagement qui sauve en quelque sorte l\u2019honneur de la profession : <em>\u00abLa tentation par trop simpliste,<\/em> \u00e9crit-il, <em>a \u00e9t\u00e9 de mettre sur le compte des seuls r\u00e9seaux sociaux les sources de la d\u00e9ferlante de mouvements sociaux enfin exprim\u00e9s, le 22 f\u00e9vrier 2019, dans l\u2019espace public \u00e0 travers l\u2019ensemble du territoire alg\u00e9rien.<\/em><\/span><\/p>\n<p class=\"p7\"><span class=\"s1\"><em>Dans cette tentation d\u2019interpr\u00e9tation, exit l\u2019Histoire de la nation alg\u00e9rienne et ses forces m\u00e9morielles de r\u00e9sistance contre l\u2019oppression, toutes les oppressions, dont celle toujours actuelle de la hogra officielle.<\/em><\/span><\/p>\n<p class=\"p7\"><span class=\"s1\"><em>Exit aussi les r\u00e9sistances des journalistes alg\u00e9riens contre les diktats des nomenklaturas successives qui ont r\u00e9gent\u00e9 le syst\u00e8me, et la centaine de professionnels assassin\u00e9s par les promoteurs de la barbarie int\u00e9griste durant la d\u00e9cennie noire. Cette r\u00e9sistance, m\u00eame \u00e9rod\u00e9e, a perdur\u00e9 contre le syst\u00e8me d\u2019embrigadement du droit d\u2019informer instaur\u00e9 par Bouteflika\u00bb<\/em>.<\/span><\/p>\n<p class=\"p7\"><strong><span class=\"s1\">\u00abLa corporation est plus que jamais d\u00e9structur\u00e9e\u00bb<\/span><\/strong><\/p>\n<p class=\"p7\"><em>\u00abLa figure du journaliste comme acteur social est un fait r\u00e9cent dans l\u2019espace social alg\u00e9rien\u00bb,<\/em> rel\u00e8vent, pour leur, part Aldjia Boucha\u00e2la et A\u00efssa Merah dans leur article \u00abLes mutations de l\u2019espace public m\u00e9diatique en Alg\u00e9rie.<\/p>\n<p class=\"p7\">Les journalistes hors-champs\u00bb. <em>\u00abL\u2019espace m\u00e9diatique alg\u00e9rien est en pleine mutation observable sur plusieurs niveaux : \u00e9conomique, professionnel et juridique\u00bb<\/em>, diss\u00e8quent-ils, avant d\u2019ajouter : <em>\u00abD\u2019abord, ce changement est constat\u00e9 au niveau des entreprises m\u00e9diatiques dont l\u2019\u00e9conomie est probl\u00e9matique \u00e0 plus d\u2019un titre : la faiblesse de la publicit\u00e9, l\u2019arriv\u00e9e d\u2019entrepreneurs \u00e9conomiques dont l\u2019int\u00e9r\u00eat pour les m\u00e9dias est un fait r\u00e9cent, l\u2019introduction des m\u00e9dias \u00e9lectroniques qui peinent \u00e0 d\u00e9velopper un mod\u00e8le viable, en plus du flou juridique qui les caract\u00e9rise\u00bb<\/em>.<\/p>\n<p class=\"p7\">De plus, les auteurs estiment que la profession est fragment\u00e9e, \u00e9miett\u00e9e, atomis\u00e9e : <em>\u00abPour plus d\u2019un observateur, la corporation est plus que jamais d\u00e9structur\u00e9e et d\u00e9solidaris\u00e9e. En effet, depuis l\u2019av\u00e8nement, en 1990, du pluralisme m\u00e9diatique, nous ne pouvons recenser aucun exemple d\u2019une structuration p\u00e9renne chez les journalistes alg\u00e9riens.<\/em><\/p>\n<p class=\"p7\"><em>Beaucoup de tentatives de rassemblement de journalistes pour d\u00e9fendre leur m\u00e9tier ont fini par s\u2019essouffler apr\u00e8s quelques ann\u00e9es d\u2019existence\u00bb<\/em>. Faute de repr\u00e9sentation forte, et surtout <em>\u00aben l\u2019absence de structures syndicales, les journalistes alg\u00e9riens n\u2019ont eu aucune prise sur la configuration nouvelle de ce march\u00e9\u00bb<\/em>.<\/p>\n<p class=\"p7\">Et de s\u2019interroger : <em>\u00abL\u2019absence de structuration dans la corporation des journalistes alg\u00e9riens induit-elle le recul du journalisme en Alg\u00e9rie ?\u00bb<\/em> Une chose semble certaine : il y a une forme de <em>\u00abd\u00e9senchantement\u00bb<\/em>, selon Aldjia Boucha\u00e2la et A\u00efssa Merah, qui s\u2019est install\u00e9 dans le rapport au m\u00e9tier <em>\u00abavec l\u2019\u00e9puisement du contre-mod\u00e8le d\u00e9mocratique \u00e0 partir des ann\u00e9es 2000.<\/em><\/p>\n<p class=\"p7\"><em>La survie de la R\u00e9publique n\u2019est plus \u00e0 l\u2019ordre du jour et une nouvelle page de combat s\u2019ouvre pour les journalistes alg\u00e9riens, pas du tout habitu\u00e9s aux donn\u00e9es du march\u00e9 politico-financier\u00bb<\/em>.<\/p>\n<p class=\"p7\">En guise de \u00abchute\u00bb, ces mots de Belkacem Mostefaoui que convoquent les auteurs nous semblent terriblement justes : <em>\u00abEntre gagne-pain et sin\u00e9cure, les journalistes alg\u00e9riens n\u2019ont pas encore construit les fondements d\u2019une identit\u00e9 professionnelle en mesure de faire \u00e9cole et de f\u00e9d\u00e9rer les valeurs du journalisme\u00bb<\/em>.<\/p>\n<p><span class=\"post-views-label\">Post Views:<\/span> <span class=\"post-views-count\">1\u00a0495<\/span><\/p>\n<p><br class=\"c2\"\/><\/p>\n<p>Auteur: Anis Khecheba<br \/>\n<a href=\"https:\/\/www.elwatan.com\/edition\/actualite\/ouvertures-controlees-doctobre-88-au-hirak-26-01-2020\">Cliquez ici pour lire l&rsquo;article depuis sa source.<\/a><\/p>\n","protected":false},"excerpt":{"rendered":"<p>De l\u2019aventure intellectuelle \u00e0 la m\u00e9saventure \u00e9conomique\u00bb. Cette r\u00e9flexion aux airs de boutade que l\u2019on doit au professeur Belkacem Ahc\u00e8ne Djaballah, et que nous avons extraite du titre de sa contribution au dernier num\u00e9ro de NAQD, r\u00e9sume efficacement, \u00e0 notre sens, l\u2019\u00e9volution de la presse alg\u00e9rienne trente ans apr\u00e8s les r\u00e9formes post-Octobre 1988. Outre l\u2019excellente [&hellip;]<\/p>\n","protected":false},"author":1743,"featured_media":74224,"comment_status":"closed","ping_status":"closed","sticky":false,"template":"","format":"standard","meta":{"fifu_image_url":"","fifu_image_alt":"","footnotes":""},"categories":[73,53],"tags":[],"class_list":["post-74223","post","type-post","status-publish","format-standard","has-post-thumbnail","hentry","category-actualite","category-algerie"],"_links":{"self":[{"href":"https:\/\/linitiative.ca\/International\/wp-json\/wp\/v2\/posts\/74223","targetHints":{"allow":["GET"]}}],"collection":[{"href":"https:\/\/linitiative.ca\/International\/wp-json\/wp\/v2\/posts"}],"about":[{"href":"https:\/\/linitiative.ca\/International\/wp-json\/wp\/v2\/types\/post"}],"author":[{"embeddable":true,"href":"https:\/\/linitiative.ca\/International\/wp-json\/wp\/v2\/users\/1743"}],"replies":[{"embeddable":true,"href":"https:\/\/linitiative.ca\/International\/wp-json\/wp\/v2\/comments?post=74223"}],"version-history":[{"count":0,"href":"https:\/\/linitiative.ca\/International\/wp-json\/wp\/v2\/posts\/74223\/revisions"}],"wp:featuredmedia":[{"embeddable":true,"href":"https:\/\/linitiative.ca\/International\/wp-json\/"}],"wp:attachment":[{"href":"https:\/\/linitiative.ca\/International\/wp-json\/wp\/v2\/media?parent=74223"}],"wp:term":[{"taxonomy":"category","embeddable":true,"href":"https:\/\/linitiative.ca\/International\/wp-json\/wp\/v2\/categories?post=74223"},{"taxonomy":"post_tag","embeddable":true,"href":"https:\/\/linitiative.ca\/International\/wp-json\/wp\/v2\/tags?post=74223"}],"curies":[{"name":"wp","href":"https:\/\/api.w.org\/{rel}","templated":true}]}}