{"id":74225,"date":"2020-01-26T04:06:06","date_gmt":"2020-01-26T09:06:06","guid":{"rendered":"https:\/\/linitiative.ca\/International\/abdelmalek-sellal-et-ahmed-ouyahia-rejuges-le-12-fevrier-prochain\/"},"modified":"2020-01-26T04:06:06","modified_gmt":"2020-01-26T09:06:06","slug":"abdelmalek-sellal-et-ahmed-ouyahia-rejuges-le-12-fevrier-prochain","status":"publish","type":"post","link":"https:\/\/linitiative.ca\/International\/abdelmalek-sellal-et-ahmed-ouyahia-rejuges-le-12-fevrier-prochain\/","title":{"rendered":"Abdelmalek Sellal et Ahmed Ouyahia rejug\u00e9s le 12 f\u00e9vrier prochain"},"content":{"rendered":"<h4 class=\"title-14\">Apr\u00e8s un premier jugement rendu par le tribunal de Sidi M&rsquo;hamed \u00e0 Alger<\/h4>\n<div class=\"featured_image\"><img loading=\"lazy\" decoding=\"async\" width=\"600\" height=\"424\" src=\"https:\/\/www.elwatan.com\/wp-content\/uploads\/2020\/01\/Sans-titre-1-29.gif\" class=\"attachment-post-thumbnail size-post-thumbnail wp-post-image\" alt=\"\"\/><\/div>\n<p class=\"p1\"><span class=\"s1\"><strong>Condamn\u00e9s \u00e0 des peines respectives de 15 et 12 ans de prison ferme assorties de lourdes amendes et de la confiscation de leurs biens, les deux anciens Premiers ministres, Ahmed Ouyahia et Abdelmalek Sellal, ainsi que plusieurs autres ministres et des concessionnaires automobiles vont \u00eatre rejug\u00e9s le 12 f\u00e9vrier prochain. Leur proc\u00e8s en appel vient d\u2019\u00eatre programm\u00e9 \u00e0 la cour d\u2019Alger vu que leurs avocats ont interjet\u00e9 appel contre leur premi\u00e8re condamnation.<\/strong><\/span><\/p>\n<p class=\"p1\"><span class=\"s1\"><strong>L<\/strong><\/span>e proc\u00e8s en appel de nombreux anciens responsables politiques, dont les deux ex-Premiers ministres, Ahmed Ouyahia et Abdelmalek Sellal, ainsi que les ministres de l\u2019Industrie, Youcef Yousfi, Abdessalem Bouchouareb (en fuite), Mahdjoub Bedda, des Travaux publics, Abdelghani Zaalane, aux c\u00f4t\u00e9s de trois concessionnaires automobiles, Mohamed Bairi, patron d\u2019Iveco, Ahmed Mazouz, \u00e0 la t\u00eate du groupe qui porte son nom, et Hac\u00e8ne Arbaoui, propri\u00e9taire de Kia Motors Alg\u00e9rie, Ali Haddad, patron du groupe ETRHB, ainsi que l\u2019ex-wali de Boumerd\u00e8s, Yamina Zerhouni et de nombreux cadres de l\u2019administration, aura lieu le 12 f\u00e9vrier prochain \u00e0 la cour d\u2019Alger.<\/p>\n<p class=\"p1\">La majorit\u00e9 des pr\u00e9venus se sont oppos\u00e9s au premier jugement d\u00e9clar\u00e9 le 10 d\u00e9cembre dernier par le tribunal de Sidi M\u2019hamed, \u00e0 Alger, \u00e0 l\u2019issue d\u2019un m\u00e9ga-proc\u00e8s d\u2019une dizaine de jours, qui s\u2019est tenu en l\u2019absence d\u2019un grand nombre d\u2019avocats, ayant boycott\u00e9 l\u2019audience en signe de protestation contre <em>\u00abl\u2019absence de conditions n\u00e9cessaires pour un proc\u00e8s juste et \u00e9quitable\u00bb<\/em>.<\/p>\n<p class=\"p1\">Apr\u00e8s un report de trois jours, l\u2019audience s\u2019est poursuivie en d\u00e9pit de la protestation de la d\u00e9fense et s\u2019est termin\u00e9e par plusieurs condamnations. Ahmed Ouyahia et Abdelmalek Sellal ont \u00e9cop\u00e9 d\u2019une peine respective de 15 et 12 ans de prison, alors que Abdessalem Bouchouareb, en fuite \u00e0 l\u2019\u00e9tranger, a \u00e9t\u00e9 condamn\u00e9 \u00e0 une peine maximale de 20 ans de prison avec un mandat d\u2019arr\u00eat international. Pour leur part, Mahdjoub Bedda et Youcef Yousfi se sont vu infliger une peine de 10 ans de prison.<\/p>\n<p class=\"p1\">Le tribunal a prononc\u00e9 une peine de 7 ans de prison ferme avec saisie de leurs biens contre les hommes d\u2019affaires Ali Haddad et Ahmed Mazouz, alors que Hac\u00e8ne Arbaoui a \u00e9cop\u00e9 de 6 ans de prison. Mohamed Bairi, quant \u00e0 lui, a \u00e9t\u00e9 condamn\u00e9 \u00e0 3 ans de prison ferme, l\u2019ex-wali de Boumerd\u00e8s Yamina Zerhouni \u00e0 5 ans de prison ferme et Amine Tira \u00e0 5 ans de prison.<\/p>\n<p class=\"p1\">Fares Sellal, fils de Abdelmalek Sellal, et l\u2019ex-PDG la BNA, Achour Aboud, ont \u00e9t\u00e9 condamn\u00e9s \u00e0 3 ans de prison ferme, alors que Hadj Sa\u00efd Malek et Chaid Hamoud, li\u00e9s eux aussi aux fonds de la campagne \u00e9lectorale, ont \u00e9cop\u00e9 d\u2019une peine de deux ans de prison, dont une avec sursis.<\/p>\n<p class=\"p1\">Une premi\u00e8re dans les tribunaux, le verdict fait \u00e9tat de la confiscation de tous les biens des hauts responsables Ahmed Ouyahia et Abdelmalek Sellal, et d\u00e9cide de tr\u00e8s lourdes amendes.<\/p>\n<p class=\"p1\">Ainsi, le tribunal a exig\u00e9 des ministres et hommes d\u2019affaires incrimin\u00e9s de verser au Tr\u00e9sor public, constitu\u00e9 en tant que partie civile dans le proc\u00e8s, la somme de 20 milliards de dinars \u00e0 titre de d\u00e9dommagement et condamn\u00e9 Ahmed Ouyahia, les anciens ministres de l\u2019Industrie, Abdessalem Bouchouareb, Youcef Yousfi et Mahdjoub Bedda, et Amine Tira (fonctionnaire du minist\u00e8re de l\u2019Industrie) \u00e0 verser \u00e0 la partie civile Abdelhamid Acha\u00efbou (propri\u00e9taire de KIA) un montant de 2 milliards de dinars \u00e0 titre de d\u00e9dommagement.<\/p>\n<p class=\"p1\">Le tribunal a condamn\u00e9, dans la m\u00eame affaire, Ahmed Ouyahia, Abdessalem Bouchouareb, Youcef Yousfi et Mahdjoub Bedda \u00e0 verser une indemnisation de 500 millions de dinars au groupe Emin Auto\u00a0; 100 millions au groupe Cevital et 200 millions au groupe Acha\u00efbou Abderrahmane.<\/p>\n<p class=\"p4\">A rappeler que le proc\u00e8s a vu la convocation, sur demande du procureur, de Sa\u00efd Bouteflika, fr\u00e8re et conseiller du Pr\u00e9sident d\u00e9chu, en d\u00e9tention \u00e0 la prison militaire de Blida, pour \u00eatre entendu comme t\u00e9moin sur la question du financement occulte de la campagne \u00e9lectorale du 5<sup>e<\/sup>\u00a0mandat, mais il a refus\u00e9 de r\u00e9pondre aux questions du juge. La tenue du prochain proc\u00e8s se fera certainement dans des conditions plus sereines, pour permettre \u00e0 chacun des pr\u00e9venus de b\u00e9n\u00e9ficier de son droit \u00e0 une d\u00e9fense et \u00e0 un jugement \u00e9quitables.<\/p>\n<p><span class=\"post-views-label\">Post Views:<\/span> <span class=\"post-views-count\">6\u00a0842<\/span><\/p>\n<p><br class=\"c2\"\/><\/p>\n<p>Auteur: Anis Khecheba<br \/>\n<a href=\"https:\/\/www.elwatan.com\/edition\/actualite\/abdelmalek-sellal-et-ahmed-ouyahia-rejuges-le-12-fevrier-prochain-26-01-2020\">Cliquez ici pour lire l&rsquo;article depuis sa source.<\/a><\/p>\n","protected":false},"excerpt":{"rendered":"<p>Apr\u00e8s un premier jugement rendu par le tribunal de Sidi M&rsquo;hamed \u00e0 Alger Condamn\u00e9s \u00e0 des peines respectives de 15 et 12 ans de prison ferme assorties de lourdes amendes et de la confiscation de leurs biens, les deux anciens Premiers ministres, Ahmed Ouyahia et Abdelmalek Sellal, ainsi que plusieurs autres ministres et des concessionnaires [&hellip;]<\/p>\n","protected":false},"author":1743,"featured_media":74226,"comment_status":"closed","ping_status":"closed","sticky":false,"template":"","format":"standard","meta":{"fifu_image_url":"","fifu_image_alt":"","footnotes":""},"categories":[73,53],"tags":[],"class_list":["post-74225","post","type-post","status-publish","format-standard","has-post-thumbnail","hentry","category-actualite","category-algerie"],"_links":{"self":[{"href":"https:\/\/linitiative.ca\/International\/wp-json\/wp\/v2\/posts\/74225","targetHints":{"allow":["GET"]}}],"collection":[{"href":"https:\/\/linitiative.ca\/International\/wp-json\/wp\/v2\/posts"}],"about":[{"href":"https:\/\/linitiative.ca\/International\/wp-json\/wp\/v2\/types\/post"}],"author":[{"embeddable":true,"href":"https:\/\/linitiative.ca\/International\/wp-json\/wp\/v2\/users\/1743"}],"replies":[{"embeddable":true,"href":"https:\/\/linitiative.ca\/International\/wp-json\/wp\/v2\/comments?post=74225"}],"version-history":[{"count":0,"href":"https:\/\/linitiative.ca\/International\/wp-json\/wp\/v2\/posts\/74225\/revisions"}],"wp:featuredmedia":[{"embeddable":true,"href":"https:\/\/linitiative.ca\/International\/wp-json\/"}],"wp:attachment":[{"href":"https:\/\/linitiative.ca\/International\/wp-json\/wp\/v2\/media?parent=74225"}],"wp:term":[{"taxonomy":"category","embeddable":true,"href":"https:\/\/linitiative.ca\/International\/wp-json\/wp\/v2\/categories?post=74225"},{"taxonomy":"post_tag","embeddable":true,"href":"https:\/\/linitiative.ca\/International\/wp-json\/wp\/v2\/tags?post=74225"}],"curies":[{"name":"wp","href":"https:\/\/api.w.org\/{rel}","templated":true}]}}