{"id":74227,"date":"2020-01-26T04:07:49","date_gmt":"2020-01-26T09:07:49","guid":{"rendered":"https:\/\/linitiative.ca\/International\/macron-compare-la-guerre-dalgerie-a-la-shoah\/"},"modified":"2020-01-26T04:07:49","modified_gmt":"2020-01-26T09:07:49","slug":"macron-compare-la-guerre-dalgerie-a-la-shoah","status":"publish","type":"post","link":"https:\/\/linitiative.ca\/International\/macron-compare-la-guerre-dalgerie-a-la-shoah\/","title":{"rendered":"Macron compare \u00abla guerre d\u2019Alg\u00e9rie\u00bb \u00e0 la Shoah"},"content":{"rendered":"<h4 class=\"title-14\">Il a soulev\u00e9 de vives critiques en france<\/h4>\n<div class=\"featured_image\"><img loading=\"lazy\" decoding=\"async\" width=\"500\" height=\"409\" src=\"https:\/\/www.elwatan.com\/wp-content\/uploads\/2020\/01\/macron.gif\" class=\"attachment-post-thumbnail size-post-thumbnail wp-post-image\" alt=\"\"\/><\/div>\n<p class=\"p3\"><span class=\"s1\">L<\/span><span class=\"s1\">a d\u00e9claration du pr\u00e9sident fran\u00e7ais, Emmanuel Macron, concernant sa vision de traitement de la question l\u2019histoire coloniale fran\u00e7aise, provoque un toll\u00e9 dans le pays. D\u00e9j\u00e0 hostiles \u00e0 toute id\u00e9e de reconnaissance des crimes coloniaux, la droite et l\u2019extr\u00eame droite se sont dites choqu\u00e9es par les propos d\u2019Emmanuel Macron qui, dans une interview accord\u00e9e, dans l\u2019avion qui le ramenait d\u2019Isra\u00ebl, \u00e0 des journalistes fran\u00e7ais, avait explicit\u00e9 sa vision de l\u2019histoire, tout en affichant sa volont\u00e9 \u00e0 reprendre le travail m\u00e9moriel.<\/span><\/p>\n<p class=\"p3\"><span class=\"s1\"><em>\u00abLa France doit revisiter la m\u00e9moire de la guerre d\u2019Alg\u00e9rie pour mettre un terme au conflit m\u00e9moriel qui rend la chose tr\u00e8s dure en France. Je n\u2019ai pas la r\u00e9ponse pour y parvenir\u00bb,<\/em> reconna\u00eet-il, en admettant <em>\u00abtourner autour\u00bb<\/em>. Toutefois, il se dit persuad\u00e9, s\u2019il y parvient, que ce sujet aura <em>\u00ab\u00e0 peu pr\u00e8s le m\u00eame statut que ce qu\u2019avait la Shoah pour Chirac en 1995\u00bb.<\/em><\/span><\/p>\n<p class=\"p3\"><span class=\"s1\">C\u2019est cette derni\u00e8re phrase qui lui vaut, depuis des heures, une avalanche de critiques. Pourtant, le pr\u00e9sident fran\u00e7ais faisait r\u00e9f\u00e9rence au geste de Jacques Chirac qui \u00e9tait le premier pr\u00e9sident fran\u00e7ais \u00e0 reconna\u00eetre officiellement la responsabilit\u00e9 de l\u2019Etat fran\u00e7ais dans la d\u00e9portation de plusieurs dizaines de milliers de Fran\u00e7ais juifs. La pol\u00e9mique ne s\u2019estompe pas, malgr\u00e9 une nouvelle d\u00e9claration d\u2019Emmanuel Macron qui a r\u00e9cus\u00e9, hier, toute comparaison entre les deux faits historiques.<\/span><\/p>\n<p class=\"p3\"><span class=\"s1\"><em>\u00abL\u2019Holocauste est un crime absolu qui ne peut \u00eatre compar\u00e9 \u00e0 aucun autre\u00bb<\/em>, explique-t-il. Selon le chef de l\u2019Etat fran\u00e7ais, le seul lien qui existe se joue entre <em>\u00ables sujets m\u00e9moriels\u00bb<\/em> dans leur ensemble, qui <em>\u00absont au c\u0153ur de la vie des nations\u00bb. \u00abQu\u2019ils soient utilis\u00e9s par certains, refoul\u00e9s par d\u2019autres, assum\u00e9s\u2026 Ils disent quelque chose de ce que vous voulez faire de votre pays et de votre g\u00e9opolitique\u00bb<\/em>, affirme Emmanuel Macron.<\/span><\/p>\n<p class=\"p3\"><span class=\"s1\">Ces d\u00e9clarations ont \u00e9t\u00e9 saisies \u00e0 la vol\u00e9e par la dirigeante de l\u2019extr\u00eame droite, Marine Le Pen. <em>\u00abComparer la Shoah \u00e0 la guerre d\u2019Alg\u00e9rie est obsc\u00e8ne. Emmanuel Macron est en pleine d\u00e9rive\u00bb<\/em>, \u00e9crit-elle sur sa page Twitter. <em>\u00abC\u2019est de l\u2019ind\u00e9cence. Apr\u00e8s avoir qualifi\u00e9 la colonisation de \u2018\u2018crime contre l\u2019humanit\u00e9\u2019\u2019, il fait l\u2019amalgame entre la guerre d\u2019Alg\u00e9rie et le pire g\u00e9nocide de l\u2019histoire humaine\u00a0!\u00bb<\/em> d\u00e9clare, de son c\u00f4t\u00e9, Bruno Retailleau, chef de file des s\u00e9nateurs Les R\u00e9publicains (ex-UMP).<\/span><\/p>\n<p class=\"p3\"><span class=\"s1\">Pour lui, il s\u2019agit d\u2019une <em>\u00abdouble offense\u00bb<\/em>, d\u2019abord pour <em>\u00ables soldats fran\u00e7ais qui ont combattu en Afrique du Nord et qui se voient assimil\u00e9s aux bourreaux de la pire esp\u00e8ce\u00bb,<\/em> ensuite pour <em>\u00ables victimes de la Shoah, puisque cet insupportable rapprochement revient \u00e0 relativiser la monstruosit\u00e9 qu\u2019a \u00e9t\u00e9 l\u2019Holocauste\u00bb<\/em>. Sur le m\u00eame ton, l\u2019eurod\u00e9put\u00e9 Les R\u00e9publicains, Fran\u00e7ois-Xavier Bellamy, qualifie la d\u00e9claration de Macron <em>\u00abd\u2019ind\u00e9cence absolue\u00bb. \u00abCes propos sont \u00e0 la fois une folie pour l\u2019histoire et la m\u00e9moire, et une bombe \u00e0 retardement pour notre avenir\u00bb,<\/em> estime ce dernier. <span class=\"Apple-converted-space\">\u00a0 \u00a0 \u00a0 \u00a0 \u00a0 \u00a0 \u00a0 \u00a0 \u00a0\u00a0<\/span><\/span><\/p>\n<p><span class=\"post-views-label\">Post Views:<\/span> <span class=\"post-views-count\">4\u00a0791<\/span><\/p>\n<p><br class=\"c2\"\/><\/p>\n<p>Auteur: Anis Khecheba<br \/>\n<a href=\"https:\/\/www.elwatan.com\/edition\/actualite\/macron-compare-la-guerre-dalgerie-a-la-shoah-26-01-2020\">Cliquez ici pour lire l&rsquo;article depuis sa source.<\/a><\/p>\n","protected":false},"excerpt":{"rendered":"<p>Il a soulev\u00e9 de vives critiques en france La d\u00e9claration du pr\u00e9sident fran\u00e7ais, Emmanuel Macron, concernant sa vision de traitement de la question l\u2019histoire coloniale fran\u00e7aise, provoque un toll\u00e9 dans le pays. D\u00e9j\u00e0 hostiles \u00e0 toute id\u00e9e de reconnaissance des crimes coloniaux, la droite et l\u2019extr\u00eame droite se sont dites choqu\u00e9es par les propos d\u2019Emmanuel [&hellip;]<\/p>\n","protected":false},"author":1743,"featured_media":74228,"comment_status":"closed","ping_status":"closed","sticky":false,"template":"","format":"standard","meta":{"fifu_image_url":"","fifu_image_alt":"","footnotes":""},"categories":[73,53],"tags":[],"class_list":["post-74227","post","type-post","status-publish","format-standard","has-post-thumbnail","hentry","category-actualite","category-algerie"],"_links":{"self":[{"href":"https:\/\/linitiative.ca\/International\/wp-json\/wp\/v2\/posts\/74227","targetHints":{"allow":["GET"]}}],"collection":[{"href":"https:\/\/linitiative.ca\/International\/wp-json\/wp\/v2\/posts"}],"about":[{"href":"https:\/\/linitiative.ca\/International\/wp-json\/wp\/v2\/types\/post"}],"author":[{"embeddable":true,"href":"https:\/\/linitiative.ca\/International\/wp-json\/wp\/v2\/users\/1743"}],"replies":[{"embeddable":true,"href":"https:\/\/linitiative.ca\/International\/wp-json\/wp\/v2\/comments?post=74227"}],"version-history":[{"count":0,"href":"https:\/\/linitiative.ca\/International\/wp-json\/wp\/v2\/posts\/74227\/revisions"}],"wp:featuredmedia":[{"embeddable":true,"href":"https:\/\/linitiative.ca\/International\/wp-json\/"}],"wp:attachment":[{"href":"https:\/\/linitiative.ca\/International\/wp-json\/wp\/v2\/media?parent=74227"}],"wp:term":[{"taxonomy":"category","embeddable":true,"href":"https:\/\/linitiative.ca\/International\/wp-json\/wp\/v2\/categories?post=74227"},{"taxonomy":"post_tag","embeddable":true,"href":"https:\/\/linitiative.ca\/International\/wp-json\/wp\/v2\/tags?post=74227"}],"curies":[{"name":"wp","href":"https:\/\/api.w.org\/{rel}","templated":true}]}}