{"id":74229,"date":"2020-01-26T04:08:58","date_gmt":"2020-01-26T09:08:58","guid":{"rendered":"https:\/\/linitiative.ca\/International\/le-mouvement-a-tenu-ses-assises-hier-a-alger-le-pad-tient-a-la-transition-democratique\/"},"modified":"2020-01-26T04:08:58","modified_gmt":"2020-01-26T09:08:58","slug":"le-mouvement-a-tenu-ses-assises-hier-a-alger-le-pad-tient-a-la-transition-democratique","status":"publish","type":"post","link":"https:\/\/linitiative.ca\/International\/le-mouvement-a-tenu-ses-assises-hier-a-alger-le-pad-tient-a-la-transition-democratique\/","title":{"rendered":"Le mouvement a tenu ses assises hier \u00e0 Alger : Le PAD tient \u00e0 \u00abla transition d\u00e9mocratique\u00bb"},"content":{"rendered":"<h4 class=\"title-14\"\/>\n<div class=\"featured_image\"><img loading=\"lazy\" decoding=\"async\" width=\"1200\" height=\"550\" src=\"https:\/\/www.elwatan.com\/wp-content\/uploads\/2020\/01\/UNEEEEEE-3.gif\" class=\"attachment-post-thumbnail size-post-thumbnail wp-post-image\" alt=\"\"\/><\/div>\n<p class=\"p1\"><strong>Dans la perspective de remettre au c\u0153ur de la bataille politique le projet de la transition d\u00e9mocratique, les leaders du PAD ont convenu de pr\u00e9parer une <em>\u00abconf\u00e9rence nationale ind\u00e9pendante du syst\u00e8me\u00bb.<\/em><\/strong><\/p>\n<p class=\"p1\"><span class=\"s1\">L<\/span><span class=\"s1\">a coalition regroup\u00e9e au sein du Pacte de l\u2019alternative d\u00e9mocratique (PAD) tient visc\u00e9ralement \u00e0 son projet de transition d\u00e9mocratique. Les dirigeants de cette coalition l\u2019ont fortement martel\u00e9 hier lors des \u00abassises nationales pour l\u2019alternative d\u00e9mocratique et la souverainet\u00e9 populaire\u00bb, tenues dans un climat de recul des libert\u00e9s.<\/span><\/p>\n<p class=\"p4\"><span class=\"s1\"><em>\u00abLa rupture avec le syst\u00e8me en place exige l\u2019organisation d\u2019une p\u00e9riode de transition d\u00e9mocratique \u00e0 m\u00eame de satisfaire les aspirations l\u00e9gitimes du peuple alg\u00e9rien\u00bb<\/em>, soutiennent-ils dans la r\u00e9solution finale de leurs travaux. Ils assurent que cette solution <em>\u00abreste de l\u2019ordre de la n\u00e9cessit\u00e9 pratique et<\/em> <em>historique. Elle permettra un assainissement institutionnel, juridique et politique, pr\u00e9alable \u00e0 l\u2019exercice effectif de la souverainet\u00e9 populaire par le suffrage universel libre et transparent.<\/em><\/span><\/p>\n<p class=\"p4\"><span class=\"s1\"><em>La p\u00e9riode de transition sera vou\u00e9e \u00e0 la mise en place consensuelle d\u2019un processus constituant souverain, destin\u00e9 \u00e0 d\u00e9construire les fondements de l\u2019autoritarisme politique et \u00e0 refonder l\u2019Etat pour consacrer une nouvelle R\u00e9publique d\u00e9mocratique et sociale\u2026\u00bb<\/em> En d\u00e9clinant les modalit\u00e9s de sa mise en place, les participants aux assises, qui ont dur\u00e9 toute la journ\u00e9e d\u2019hier au si\u00e8ge du RCD, indiquent que <em>\u00abl\u2019ouverture de la p\u00e9riode de transition d\u00e9mocratique passe par la dissolution de toutes les institutions ill\u00e9gitimes\u00bb<\/em>.<\/span><\/p>\n<p class=\"p4\"><span class=\"s1\">Se succ\u00e9dant \u00e0 la tribune, les leaders de l\u2019opposition d\u00e9mocratique ont, tour \u00e0 tour, rappel\u00e9 la n\u00e9cessit\u00e9 de rompre avec <em>\u00able syst\u00e8me politique condamn\u00e9 par l\u2019histoire\u00bb<\/em>. Les Belabbas (RCD), Laskri (FFS), Ghares (MDS), Assoul (UCP), Tazibt (PT), Rachedi (PST), les animateurs de la soci\u00e9t\u00e9 civile et autres personnalit\u00e9s ont longuement insist\u00e9 sur l\u2019importance de la poursuite de la r\u00e9volution d\u00e9mocratique en cours dans le pays.<\/span><\/p>\n<p class=\"p4\"><span class=\"s1\">Ils consid\u00e8rent que le scrutin du 12 d\u00e9cembre, qui a port\u00e9 Abdelmadjid Tebboune \u00e0 la t\u00eate de l\u2019Etat, constitue <em>\u00abun coup de force qui ent\u00e9rine l\u2019irresponsabilit\u00e9 des autorit\u00e9s de fait et reconduit l\u2019ill\u00e9gitimit\u00e9 du r\u00e9gime\u00bb<\/em>. Pour eux, <em>\u00able rejet quasi total du simulacre de scrutin par les citoyens, \u00e0 travers toutes les localit\u00e9s du pays, disqualifie l\u2019entreprise de maintien de l\u2019ancien r\u00e9gime et marque la fin historique d\u2019une longue imposture politique\u00bb<\/em>.<\/span><\/p>\n<p class=\"p4\"><span class=\"s1\">Et en coh\u00e9rence avec ce positionnement, les forces composant le Pacte de l\u2019alternative d\u00e9mocratique rejettent la d\u00e9marche du chef de l\u2019Etat, engageant des concertations avec la classe politique en vue de la r\u00e9vision de la Constitution. Tout en rappelant les vertus du dialogue pour engager une transition politique s\u00e9rieuse, les intervenants ne se laissent pas s\u00e9duire par les appels du pied de la Pr\u00e9sidence.<\/span><\/p>\n<p class=\"p4\"><span class=\"s1\"><em>\u00abLe dialogue dont il est question ne doit pas \u00eatre confondu avec les rencontres bilat\u00e9rales ou autres visites protocolaires, convoqu\u00e9es par un chef d\u2019Etat en manque de l\u00e9gitimit\u00e9, dans le but de servir de faire-valoir institutionnel \u00e0 un pouvoir rejet\u00e9 par plus de 90% des Alg\u00e9riens\u00bb<\/em>, fustige le pr\u00e9sident du RCD, Mohcine Belabbas, dont le parti est particuli\u00e8rement cibl\u00e9 par les agressions politiques et polici\u00e8res. <em>\u00abLe dialogue ne doit pas \u00eatre confondu aussi avec les conciliabules pour n\u00e9gocier une participation ou un partage du pouvoir, forme de corruption ou de compromission qui a pr\u00e9valu jusque-l\u00e0 dans les m\u0153urs du r\u00e9gime\u00bb<\/em>, ass\u00e8ne-t-il encore.<\/span><\/p>\n<p class=\"p4\"><span class=\"s1\">Dans la m\u00eame veine, le leader du MDS, Fethi Ghares, assume pleinement sa radicalit\u00e9 et assure que <em>\u00abdans une r\u00e9volution populaire, on ne dialogue pas, mais on n\u00e9gocie la fin d\u2019un r\u00e9gime autoritaire\u00bb<\/em>. De son c\u00f4t\u00e9, Ramdane Tazibt, qui a pris la parole au nom du Parti des travailleurs, juge que la r\u00e9volution en cours <em>\u00aba toutes les chances d\u2019aboutir en donnant la parole au peuple alg\u00e9rien pour prendre son destin en main et choisir librement la nature du r\u00e9gime \u00e0 mettre en place pour rompre avec le syst\u00e8me actuel\u00bb<\/em>.<\/span><\/p>\n<p class=\"p4\"><span class=\"s1\">Mahmoud Rachedi du Parti socialiste des travailleurs a fortement insist\u00e9 dans son intervention sur <em>\u00abla n\u00e9cessit\u00e9 de prot\u00e9ger les richesses nationales et la garantie d\u2019une justice sociale pour ne pas livrer le pays aux puissances imp\u00e9rialistes. Cela ne peut se faire que dans un climat de libert\u00e9 et de d\u00e9mocratie\u00bb<\/em>. La pr\u00e9sidente de l\u2019Union pour le changement et le progr\u00e8s, Zoubida Assoul, pr\u00e9conise <em>\u00abla n\u00e9cessit\u00e9 de mettre en place un v\u00e9ritable Etat de droit, o\u00f9 la citoyennet\u00e9 doit \u00eatre pleinement garantie\u00bb<\/em>.<\/span><\/p>\n<p class=\"p4\"><span class=\"s1\">Les autres intervenants au nom des associations, syndicats, collectifs citoyens ont insist\u00e9 sur la n\u00e9cessit\u00e9 de poursuivre la mobilisation populaire comme seul garant d\u2019un changement d\u00e9mocratique.<\/span><\/p>\n<p class=\"p4\"><span class=\"s1\">En somme, si chaque intervenant est all\u00e9 de sa tonalit\u00e9, l\u2019ensemble des participants aux assises nationales \u00abpour l\u2019alternative d\u00e9mocratique et la souverainet\u00e9 populaire\u00bb convergent sur l\u2019essentiel\u00a0: <em>\u00abUne transition d\u00e9mocratique autonome et un processus constituant souverain.\u00bb<\/em>. Et dans la perspective de remettre au c\u0153ur de la bataille politique ce projet, les acteurs du PAD ont convenu de pr\u00e9parer une <em>\u00abconf\u00e9rence nationale ind\u00e9pendante du syst\u00e8me\u00bb<\/em>.<\/span><\/p>\n<p class=\"p4\"><span class=\"s1\"><em>\u00abCelle-ci rassemblera toutes les forces agissantes de la soci\u00e9t\u00e9 qui s\u2019engagent \u00e0 concr\u00e9tiser les exigences d\u00e9mocratiques exprim\u00e9es par le peuple depuis le 22 f\u00e9vrier et qui refusent le coup de force du 12 d\u00e9cembre et le processus de restauration de l\u2019autoritarisme ainsi que la politique de l\u2019octroi, impos\u00e9s contre la volont\u00e9 et la souverainet\u00e9 populaires.\u00bb<\/em> Une conf\u00e9rence dont l\u2019objectif est de d\u00e9finir <em>\u00ables modalit\u00e9s, les r\u00e8gles et les \u00e9ch\u00e9ances consensuelles de la transition et du processus constituant souverain\u00bb<\/em>.<\/span><\/p>\n<p><span class=\"post-views-label\">Post Views:<\/span> <span class=\"post-views-count\">4\u00a0179<\/span><\/p>\n<p><br class=\"c2\"\/><\/p>\n<p>Auteur: Anis Khecheba<br \/>\n<a href=\"https:\/\/www.elwatan.com\/edition\/actualite\/le-mouvement-a-tenu-ses-assises-hier-a-alger-le-pad-tient-a-la-transition-democratique-26-01-2020\">Cliquez ici pour lire l&rsquo;article depuis sa source.<\/a><\/p>\n","protected":false},"excerpt":{"rendered":"<p>Dans la perspective de remettre au c\u0153ur de la bataille politique le projet de la transition d\u00e9mocratique, les leaders du PAD ont convenu de pr\u00e9parer une \u00abconf\u00e9rence nationale ind\u00e9pendante du syst\u00e8me\u00bb. La coalition regroup\u00e9e au sein du Pacte de l\u2019alternative d\u00e9mocratique (PAD) tient visc\u00e9ralement \u00e0 son projet de transition d\u00e9mocratique. Les dirigeants de cette coalition [&hellip;]<\/p>\n","protected":false},"author":1743,"featured_media":74230,"comment_status":"closed","ping_status":"closed","sticky":false,"template":"","format":"standard","meta":{"fifu_image_url":"","fifu_image_alt":"","footnotes":""},"categories":[73,53],"tags":[],"class_list":["post-74229","post","type-post","status-publish","format-standard","has-post-thumbnail","hentry","category-actualite","category-algerie"],"_links":{"self":[{"href":"https:\/\/linitiative.ca\/International\/wp-json\/wp\/v2\/posts\/74229","targetHints":{"allow":["GET"]}}],"collection":[{"href":"https:\/\/linitiative.ca\/International\/wp-json\/wp\/v2\/posts"}],"about":[{"href":"https:\/\/linitiative.ca\/International\/wp-json\/wp\/v2\/types\/post"}],"author":[{"embeddable":true,"href":"https:\/\/linitiative.ca\/International\/wp-json\/wp\/v2\/users\/1743"}],"replies":[{"embeddable":true,"href":"https:\/\/linitiative.ca\/International\/wp-json\/wp\/v2\/comments?post=74229"}],"version-history":[{"count":0,"href":"https:\/\/linitiative.ca\/International\/wp-json\/wp\/v2\/posts\/74229\/revisions"}],"wp:featuredmedia":[{"embeddable":true,"href":"https:\/\/linitiative.ca\/International\/wp-json\/"}],"wp:attachment":[{"href":"https:\/\/linitiative.ca\/International\/wp-json\/wp\/v2\/media?parent=74229"}],"wp:term":[{"taxonomy":"category","embeddable":true,"href":"https:\/\/linitiative.ca\/International\/wp-json\/wp\/v2\/categories?post=74229"},{"taxonomy":"post_tag","embeddable":true,"href":"https:\/\/linitiative.ca\/International\/wp-json\/wp\/v2\/tags?post=74229"}],"curies":[{"name":"wp","href":"https:\/\/api.w.org\/{rel}","templated":true}]}}