{"id":74233,"date":"2020-01-26T07:12:00","date_gmt":"2020-01-26T12:12:00","guid":{"rendered":"https:\/\/linitiative.ca\/International\/slaheddine-el-taief-decede-fark-ce-lundi\/"},"modified":"2020-01-26T07:12:00","modified_gmt":"2020-01-26T12:12:00","slug":"slaheddine-el-taief-decede-fark-ce-lundi","status":"publish","type":"post","link":"https:\/\/linitiative.ca\/International\/slaheddine-el-taief-decede-fark-ce-lundi\/","title":{"rendered":"Slaheddine El Taief, d\u00e9c\u00e9d\u00e9, fark ce lundi"},"content":{"rendered":"<p>Longtemps pr\u00e9sident de la F\u00e9d\u00e9ration nationale des BTP, o\u00f9 il avait succ\u00e9d\u00e9 \u00e0 Ridha Azzabi, et vice-pr\u00e9sident de l\u2019UTICA, charg\u00e9 des relations de coop\u00e9ration \u00e9conomique avec les Etats-Unis, Slaheddine El Taief est d\u00e9c\u00e9d\u00e9 vendredi \u00e0 Tunis, suite \u00e0 une maladie foudroyante. Ses obs\u00e8ques avaient eu lieu samedi et la c\u00e9r\u00e9monie du fark se tiendra ce lundi 27 janvier, apr\u00e8s la pri\u00e8re El Asr, \u00e0 son domicile, sis rue Larbi Zarrouk, Marsa Cube, annonce la famille.<\/p>\n<p>Avec ses fr\u00e8res, il avait d\u00e9velopp\u00e9 l\u2019entreprise EYL de BTP, fond\u00e9e par son p\u00e8re Youssef El Taief, et \u00e9largi son p\u00e9rim\u00e8tre \u00e0 la promotion immobili\u00e8re ainsi que le commerce des mat\u00e9riaux de construction et autres \u00e9quipements.<br \/>\u00a0<\/p>\n<p>Auteur:<br \/>\n<a href=\"https:\/\/www.leaders.com.tn\/article\/28966-slaheddine-el-taief-decede-fark-ce-lundi\">Cliquez ici pour lire l&rsquo;article depuis sa source.<\/a><\/p>\n","protected":false},"excerpt":{"rendered":"<p>Longtemps pr\u00e9sident de la F\u00e9d\u00e9ration nationale des BTP, o\u00f9 il avait succ\u00e9d\u00e9 \u00e0 Ridha Azzabi, et vice-pr\u00e9sident de l\u2019UTICA, charg\u00e9 des relations de coop\u00e9ration \u00e9conomique avec les Etats-Unis, Slaheddine El Taief est d\u00e9c\u00e9d\u00e9 vendredi \u00e0 Tunis, suite \u00e0 une maladie foudroyante. Ses obs\u00e8ques avaient eu lieu samedi et la c\u00e9r\u00e9monie du fark se tiendra ce [&hellip;]<\/p>\n","protected":false},"author":1772,"featured_media":0,"comment_status":"closed","ping_status":"closed","sticky":false,"template":"","format":"standard","meta":{"fifu_image_url":"","fifu_image_alt":"","footnotes":""},"categories":[73,55],"tags":[],"class_list":["post-74233","post","type-post","status-publish","format-standard","hentry","category-actualite","category-tunisie"],"_links":{"self":[{"href":"https:\/\/linitiative.ca\/International\/wp-json\/wp\/v2\/posts\/74233","targetHints":{"allow":["GET"]}}],"collection":[{"href":"https:\/\/linitiative.ca\/International\/wp-json\/wp\/v2\/posts"}],"about":[{"href":"https:\/\/linitiative.ca\/International\/wp-json\/wp\/v2\/types\/post"}],"author":[{"embeddable":true,"href":"https:\/\/linitiative.ca\/International\/wp-json\/wp\/v2\/users\/1772"}],"replies":[{"embeddable":true,"href":"https:\/\/linitiative.ca\/International\/wp-json\/wp\/v2\/comments?post=74233"}],"version-history":[{"count":0,"href":"https:\/\/linitiative.ca\/International\/wp-json\/wp\/v2\/posts\/74233\/revisions"}],"wp:attachment":[{"href":"https:\/\/linitiative.ca\/International\/wp-json\/wp\/v2\/media?parent=74233"}],"wp:term":[{"taxonomy":"category","embeddable":true,"href":"https:\/\/linitiative.ca\/International\/wp-json\/wp\/v2\/categories?post=74233"},{"taxonomy":"post_tag","embeddable":true,"href":"https:\/\/linitiative.ca\/International\/wp-json\/wp\/v2\/tags?post=74233"}],"curies":[{"name":"wp","href":"https:\/\/api.w.org\/{rel}","templated":true}]}}