{"id":74237,"date":"2020-01-26T14:40:00","date_gmt":"2020-01-26T19:40:00","guid":{"rendered":"https:\/\/linitiative.ca\/International\/mohamed-kasdallah-un-service-militaire-de-la-deuxieme-chance-un-concept-de-lutte-contre-la-deliquescence-des-jeunes\/"},"modified":"2020-01-26T14:40:00","modified_gmt":"2020-01-26T19:40:00","slug":"mohamed-kasdallah-un-service-militaire-de-la-deuxieme-chance-un-concept-de-lutte-contre-la-deliquescence-des-jeunes","status":"publish","type":"post","link":"https:\/\/linitiative.ca\/International\/mohamed-kasdallah-un-service-militaire-de-la-deuxieme-chance-un-concept-de-lutte-contre-la-deliquescence-des-jeunes\/","title":{"rendered":"Mohamed Kasdallah &#8211; Un service (militaire) de la deuxi\u00e8me chance: Un concept  de  lutte contre la d\u00e9liquescence des jeunes"},"content":{"rendered":"<p><img decoding=\"async\" src=\"\/uploads\/FCK_files\/Mohamed-Kasdallah(1)(1).jpg\" alt=\"\" width=\"30%\" vspace=\"5\" hspace=\"5\" align=\"right\"\/>En proposant ce titre, j\u2019ai voulu aborder un th\u00e8me qui aura des chances d\u2019\u00eatre prochainement au c\u0153ur des d\u00e9bats \u00e0 la lumi\u00e8re de l\u2019arriv\u00e9e au pouvoir de son initiateur principal qui n\u2019est autre que le Chef du Gouvernement pressenti Monsieur Ely\u00e8s Fakhfakh. \u00abLe service de la 2<sup>\u00e8me<\/sup>\u00a0 chance\u00bb, c\u2019est le nom\u00a0 donn\u00e9 par ce dernier au concept\u00a0 pr\u00e9conis\u00e9. Sans parti pris, je trouve l\u2019id\u00e9e g\u00e9niale mais qui\u00a0 reste tributaire de l\u2019adh\u00e9sion de la masse pour qu\u2019elle prenne toute la dimension et s\u2019\u00e9l\u00e8ve au rang de trouvaille.<\/p>\n<h2>Un service de deuxi\u00e8me chance: de quoi s\u2019agit-il?<\/h2>\n<p>Dans le programme \u00e9lectoral pour les pr\u00e9sidentielles, il a \u00e9t\u00e9 sugg\u00e9r\u00e9 par\u00a0 M. Ely\u00e8s Fakhfakh\u00a0 un syst\u00e8me de r\u00e9cup\u00e9ration et de sauvetage des dizaines de milliers de jeunes tunisiens\u00a0 ayant\u00a0 quitt\u00e9 pr\u00e9matur\u00e9ment\u00a0 l\u2019\u00e9cole et abandonn\u00e9s\u00a0 sur la route. Ces jeunes devront \u00eatre confi\u00e9s \u00e0 l\u2019Institution militaire pour faire d\u2019eux des citoyens\u00a0 modernes pleinement int\u00e9gr\u00e9s dans une soci\u00e9t\u00e9 anim\u00e9e d\u2019un solide esprit de d\u00e9fense.<\/p>\n<p>Il serait vain et surtout pr\u00e9somptueux de balayer en ce court article l\u2019ensemble du sujet mais il est possible d\u2019explorer quelques orientations de recherches et de d\u00e9velopper des orientations susceptibles de contribuer \u00e0 la r\u00e9alisation de cette vision.<\/p>\n<p>L\u2019Arm\u00e9e b\u00e9n\u00e9ficie aujourd\u2019hui et depuis le d\u00e9but de la r\u00e9volution, d\u2019une image tr\u00e8s positive et d\u2019un large soutien de l\u2019opinion. C\u2019est donc \u00e0 l\u2019aune de ce constat qu\u2019il est int\u00e9ressent d\u2019examiner certains aspects de la faisabilit\u00e9 de cette r\u00e9flexion dans la perspective de la maintenir \u00e0 long terme sur un chemin de l\u2019excellence mais aussi qu\u2019il va falloir d\u00e9velopper et entretenir pour faire face aux d\u00e9fis sp\u00e9cifiques des d\u00e9cennies \u00e0 venir.<\/p>\n<p>Une approche en trois points sera retenue:<\/p>\n<h3>\u2022 En amont du service actif<\/h3>\n<p>Il s\u2019agit de faire connaitre \u00e0 la jeunesse la place de la d\u00e9fense dans la soci\u00e9t\u00e9, d\u2019en cultiver les valeurs et de susciter\u00a0 chez\u00a0 elle\u00a0 un int\u00e9r\u00eat g\u00e9n\u00e9rateur de motivations. L\u2019effort essentiel\u00a0 pendant cette phase devrait \u00eatre\u00a0 port\u00e9 par des acteurs ext\u00e9rieurs \u00e0 la d\u00e9fense et en particulier le milieu \u00e9ducatif au sens large: famille, \u00e9cole, mouvements associatifs divers et toute autre institution dont on peut attendre une attitude plus constructive dans le domaine.<\/p>\n<h3>\u2022 Dans l\u2019exercice du service actif<\/h3>\n<p>Il importe que le jeune enr\u00f4l\u00e9\u00a0 dans ce service adapt\u00e9 trouve dans l\u2019arm\u00e9e ce qu\u2019il vient y chercher \u00e0 savoir, en plus d\u2019une formation\u00a0 militaire ad\u00e9quate, une formation professionnelle des plus fiables.<\/p>\n<p>Aussi, je souhaiterai mettre en avant trois qualit\u00e9s qu\u2019il faudra cultiver chez le jeune pendant son service: aguerrissement, polyvalence, et \u00e9quilibre psychologique. Ces qualit\u00e9s devront irriguer sa pr\u00e9paration \u00e0 confronter dans les meilleures conditions les d\u00e9fis du futur.<\/p>\n<p>Pour sp\u00e9cifique qu\u2019il soit, la formation du \u00abjeune citoyen soldat\u00bb n\u2019a de sens que dans le cadre de la Nation et en symbiose avec elle. Il importe donc de d\u00e9velopper et d\u2019entretenir les liens Arm\u00e9e-Nation en \u00e9veillant\u00a0 les consciences, \u00e9duquant\u00a0 les esprits et forgeant\u00a0 les \u00e2mes.<\/p>\n<h3>\u2022 En aval du service<\/h3>\n<p>L\u2019objectif \u00e0 poursuivre est de susciter et d\u2019entretenir chez le jeune rendu \u00e0 la vie civile un consensus au profit de la d\u00e9fense et des forces arm\u00e9es. En clair, il faudra faire de lui le meilleur avocat de l\u2019arm\u00e9e dans la soci\u00e9t\u00e9. Au-del\u00e0 de son assertion dans la r\u00e9serve citoyenne \u00e0 vocation relationnelle, il importe de porter un effort significatif sur la r\u00e9serve op\u00e9rationnelle dont le taux d\u2019emploi reste en-de\u00e7\u00e0 des possibilit\u00e9s offertes.<\/p>\n<p>Apr\u00e8s presque une d\u00e9cennie d\u2019exercices budg\u00e9taires d\u00e9ficitaires, la r\u00e9forme en g\u00e9n\u00e9ral n\u2019a pas gagn\u00e9 un pouce. H\u00e9las, nos gouvernants sont des hommes politiques avant d\u2019\u00eatre des hommes d\u2019Etat. Ils font de la politique \u00e0 coup de mesurettes sans aller au fond des choses.<\/p>\n<p>L\u2019\u00e9vocation de ce syst\u00e8me de \u00abservice de deuxi\u00e8me chance\u00bb par la t\u00eate de l\u2019ex\u00e9cutif donne l\u2019occasion \u00e0 l\u2019Arm\u00e9e de repenser en profondeur son action r\u00e9formatrice. F\u00e9rue de planification et d\u2019anticipation, l\u2019Arm\u00e9e nationale devrait d\u00e9gager des moyens importants pour une remont\u00e9e en puissance\u00a0 afin d\u2019entamer la concr\u00e9tisation du concept et faire aboutir ce syst\u00e8me r\u00e9novateur. Il convient de moderniser les infrastructures d\u2019accueil, les conditions de mobilit\u00e9 mais aussi les temps d\u2019entrainement, et surtout la r\u00e9g\u00e9n\u00e9ration des forces concernant tout le facteur humain.<\/p>\n<p>Il est de coutume dans certains pays, en France notamment, qu\u2019un exercice prospectif dit livre blanc (Ambition 2030 du Pr\u00e9sident de la R\u00e9publique) d\u00e9finisse les ambitions pour les prochaines ann\u00e9es et de ce fait, il constitue la donn\u00e9e d\u2019entr\u00e9e de l\u2019exercice budg\u00e9taire programmatique. Pourquoi ne pas s\u2019en inspirer?<br \/>\u00a0Il faut bien en convenir que la gestion du pays est en bout de course. Nous avons besoin d\u2019homme politique baroudeur, capable de d\u00e9cider, de mouiller le maillot, de prendre des risques et d\u2019occuper la place qui lui revient. J\u2019esp\u00e8re de tout c\u0153ur\u00a0 que la nouvelle \u00e9lite qui va prendre les r\u00eanes du pouvoir\u00a0 soit comp\u00e9tente, int\u00e8gre et fascin\u00e9e par l\u2019avenir.<\/p>\n<p>Demain se gagne aujourd\u2019hui, il faut donc stimuler l\u2019\u00e9mergence des synergies, f\u00e9d\u00e9rer les efforts, acc\u00e9der \u00e0 une vision globale et p\u00e9riph\u00e9rique des enjeux et porter son regard au-del\u00e0 de l\u2019horizon.<\/p>\n<p>Enfin, \u00e0 tous ceux qui ne voient que des nuages s\u2019accumuler au-dessus de nos t\u00eates tourment\u00e9es, il faut\u00a0 leur signaler qu\u2019il y a\u00a0 aussi du soleil\u00a0 et de l\u2019\u00e9clat dans les yeux.<\/p>\n<p class=\"c2\"><strong>Mohamed Kasdallah<\/strong><\/p>\n<p>Auteur:<br \/>\n<a href=\"https:\/\/www.leaders.com.tn\/article\/28965-mohamed-kasdallah-un-service-militaire-de-la-deuxieme-chance-un-concept-de-lutte-contre-la-deliquescence-des-jeunes\">Cliquez ici pour lire l&rsquo;article depuis sa source.<\/a><\/p>\n","protected":false},"excerpt":{"rendered":"<p>En proposant ce titre, j\u2019ai voulu aborder un th\u00e8me qui aura des chances d\u2019\u00eatre prochainement au c\u0153ur des d\u00e9bats \u00e0 la lumi\u00e8re de l\u2019arriv\u00e9e au pouvoir de son initiateur principal qui n\u2019est autre que le Chef du Gouvernement pressenti Monsieur Ely\u00e8s Fakhfakh. \u00abLe service de la 2\u00e8me\u00a0 chance\u00bb, c\u2019est le nom\u00a0 donn\u00e9 par ce dernier [&hellip;]<\/p>\n","protected":false},"author":1772,"featured_media":74238,"comment_status":"closed","ping_status":"closed","sticky":false,"template":"","format":"standard","meta":{"fifu_image_url":"","fifu_image_alt":"","footnotes":""},"categories":[73,55],"tags":[],"class_list":["post-74237","post","type-post","status-publish","format-standard","has-post-thumbnail","hentry","category-actualite","category-tunisie"],"_links":{"self":[{"href":"https:\/\/linitiative.ca\/International\/wp-json\/wp\/v2\/posts\/74237","targetHints":{"allow":["GET"]}}],"collection":[{"href":"https:\/\/linitiative.ca\/International\/wp-json\/wp\/v2\/posts"}],"about":[{"href":"https:\/\/linitiative.ca\/International\/wp-json\/wp\/v2\/types\/post"}],"author":[{"embeddable":true,"href":"https:\/\/linitiative.ca\/International\/wp-json\/wp\/v2\/users\/1772"}],"replies":[{"embeddable":true,"href":"https:\/\/linitiative.ca\/International\/wp-json\/wp\/v2\/comments?post=74237"}],"version-history":[{"count":0,"href":"https:\/\/linitiative.ca\/International\/wp-json\/wp\/v2\/posts\/74237\/revisions"}],"wp:featuredmedia":[{"embeddable":true,"href":"https:\/\/linitiative.ca\/International\/wp-json\/"}],"wp:attachment":[{"href":"https:\/\/linitiative.ca\/International\/wp-json\/wp\/v2\/media?parent=74237"}],"wp:term":[{"taxonomy":"category","embeddable":true,"href":"https:\/\/linitiative.ca\/International\/wp-json\/wp\/v2\/categories?post=74237"},{"taxonomy":"post_tag","embeddable":true,"href":"https:\/\/linitiative.ca\/International\/wp-json\/wp\/v2\/tags?post=74237"}],"curies":[{"name":"wp","href":"https:\/\/api.w.org\/{rel}","templated":true}]}}