{"id":74242,"date":"2020-01-26T05:00:00","date_gmt":"2020-01-26T10:00:00","guid":{"rendered":"https:\/\/linitiative.ca\/International\/gratin-dauphinois\/"},"modified":"2020-01-26T05:00:00","modified_gmt":"2020-01-26T10:00:00","slug":"gratin-dauphinois","status":"publish","type":"post","link":"https:\/\/linitiative.ca\/International\/gratin-dauphinois\/","title":{"rendered":"Gratin dauphinois"},"content":{"rendered":"<p><em><strong>2 kg de pomme de terre, 1 gousse d&rsquo;ail, 35 cl de cr\u00e8me liquide (le gratin est moins bon avec de la cr\u00e8me \u00e9paisse), 35 cl de lait, sel, pouvre<\/strong><\/em><br \/>Eplucher les pommes de terre et les couper en fines lamelles. Les laver afin de retirer l&rsquo;amidon et les s\u00e9cher autant que possible.<br \/>\u00a0Pr\u00e9chauffer le four \u00e0 180\u00b0C. Mettre de l&rsquo;ail \u00e9cras\u00e9 au fond du plat \u00e0 gratin, puis les lamelles de pomme de terre.<br \/>\u00a0M\u00e9langer la cr\u00e8me et le lait et recouvrir les pommes de terre. Saler, poivrer.<br \/>Enfourner pour 60 minutes.<\/p>\n<p>Auteur:<br \/>\n<a href=\"https:\/\/www.lesoirdalgerie.com\/femme-magazine\/gratin-dauphinois-37535\">Cliquez ici pour lire l&rsquo;article depuis sa source.<\/a><\/p>\n","protected":false},"excerpt":{"rendered":"<p>2 kg de pomme de terre, 1 gousse d&rsquo;ail, 35 cl de cr\u00e8me liquide (le gratin est moins bon avec de la cr\u00e8me \u00e9paisse), 35 cl de lait, sel, pouvreEplucher les pommes de terre et les couper en fines lamelles. Les laver afin de retirer l&rsquo;amidon et les s\u00e9cher autant que possible.\u00a0Pr\u00e9chauffer le four \u00e0 [&hellip;]<\/p>\n","protected":false},"author":1741,"featured_media":0,"comment_status":"closed","ping_status":"closed","sticky":false,"template":"","format":"standard","meta":{"fifu_image_url":"","fifu_image_alt":"","footnotes":""},"categories":[73,53],"tags":[],"class_list":["post-74242","post","type-post","status-publish","format-standard","hentry","category-actualite","category-algerie"],"_links":{"self":[{"href":"https:\/\/linitiative.ca\/International\/wp-json\/wp\/v2\/posts\/74242","targetHints":{"allow":["GET"]}}],"collection":[{"href":"https:\/\/linitiative.ca\/International\/wp-json\/wp\/v2\/posts"}],"about":[{"href":"https:\/\/linitiative.ca\/International\/wp-json\/wp\/v2\/types\/post"}],"author":[{"embeddable":true,"href":"https:\/\/linitiative.ca\/International\/wp-json\/wp\/v2\/users\/1741"}],"replies":[{"embeddable":true,"href":"https:\/\/linitiative.ca\/International\/wp-json\/wp\/v2\/comments?post=74242"}],"version-history":[{"count":0,"href":"https:\/\/linitiative.ca\/International\/wp-json\/wp\/v2\/posts\/74242\/revisions"}],"wp:attachment":[{"href":"https:\/\/linitiative.ca\/International\/wp-json\/wp\/v2\/media?parent=74242"}],"wp:term":[{"taxonomy":"category","embeddable":true,"href":"https:\/\/linitiative.ca\/International\/wp-json\/wp\/v2\/categories?post=74242"},{"taxonomy":"post_tag","embeddable":true,"href":"https:\/\/linitiative.ca\/International\/wp-json\/wp\/v2\/tags?post=74242"}],"curies":[{"name":"wp","href":"https:\/\/api.w.org\/{rel}","templated":true}]}}