{"id":74243,"date":"2020-01-26T05:00:00","date_gmt":"2020-01-26T10:00:00","guid":{"rendered":"https:\/\/linitiative.ca\/International\/jai-perdu-ma-voix\/"},"modified":"2020-01-26T05:00:00","modified_gmt":"2020-01-26T10:00:00","slug":"jai-perdu-ma-voix","status":"publish","type":"post","link":"https:\/\/linitiative.ca\/International\/jai-perdu-ma-voix\/","title":{"rendered":"J\u2019ai perdu ma voix !"},"content":{"rendered":"<p>Banale et b\u00e9nigne, l&rsquo;extinction de voix est classiquement due \u00e0 une inflammation du larynx ou laryngite.<\/p>\n<p>Si vous sollicitez \u00e0 l&rsquo;exc\u00e8s vos cordes vocales, celles-ci se fatiguent et deviennent l&rsquo;objet d&rsquo;une inflammation. C&rsquo;est le cas par exemple apr\u00e8s avoir cri\u00e9 \u00e0 pleine voix lors d&rsquo;une manifestation ou pour se faire entendre ou bien apr\u00e8s avoir chant\u00e9 pendant des heures.\u00a0<br \/>Les cordes vocales ont alors du mal \u00e0 vibrer et les sons \u00e9mis sont modifi\u00e9s, voire tr\u00e8s att\u00e9nu\u00e9s. A l&rsquo;extr\u00eame, vous devenez aphone.<\/p>\n<p><strong>Et si c&rsquo;\u00e9tait grave ?<\/strong><br \/>Pas de panique, l&rsquo;extinction de voix est un ph\u00e9nom\u00e8ne b\u00e9nin qui dispara\u00eet rapidement, le plus souvent en 24 &#8211; 48 heures, voire en quelques jours.<br \/>Dans tous les cas, une simple extinction de voix qui dure plus d&rsquo;une semaine doit amener \u00e0 consulter un ORL. Ce conseil est \u00e9galement valable en cas de voix bitonale (\u00e0 deux tons) ou de douleurs \u00e0 l&rsquo;oreille associ\u00e9es.<br \/>Enfin et surtout, si l&rsquo;extinction de voix est associ\u00e9e \u00e0 une g\u00eane respiratoire, cela peut \u00eatre grave. Il faut consulter rapidement un ORL, d&rsquo;autant plus s&rsquo;il s&rsquo;agit d&rsquo;un enfant car son larynx n&rsquo;est pas encore assez r\u00e9sistant pour lutter contre l&rsquo;inflammation. Le risque est que l&rsquo;extinction de voix t\u00e9moigne d&rsquo;une laryngite sous-glottique, voire d&rsquo;une \u00e9piglottite (inflammation de l&rsquo;\u00e9piglotte), rare mais grave.<\/p>\n<p><strong>Que faire en cas de simple extinction de voix ?<\/strong><br \/>Mettez vos cordes vocales au repos, c&rsquo;est un imp\u00e9ratif. Et surtout, ne vous forcez pas \u00e0 murmurer car l&rsquo;air froid qui rentre par la bouche aggrave la situation.<br \/>Gargarisez-vous avec de l&rsquo;eau ti\u00e8de et du miel de romarin ou de thym plusieurs fois par jour, ou bien avec de l&rsquo;eau et du sel.<br \/>Faites des inhalations d&rsquo;eucalyptus ou de thym.<br \/>Humidifiez votre chambre.<br \/>Contre l&rsquo;inflammation, vous pouvez prendre des anti-inflammatoires.<\/p>\n<p>Auteur:<br \/>\n<a href=\"https:\/\/www.lesoirdalgerie.com\/femme-magazine\/jai-perdu-ma-voix-37534\">Cliquez ici pour lire l&rsquo;article depuis sa source.<\/a><\/p>\n","protected":false},"excerpt":{"rendered":"<p>Banale et b\u00e9nigne, l&rsquo;extinction de voix est classiquement due \u00e0 une inflammation du larynx ou laryngite. Si vous sollicitez \u00e0 l&rsquo;exc\u00e8s vos cordes vocales, celles-ci se fatiguent et deviennent l&rsquo;objet d&rsquo;une inflammation. C&rsquo;est le cas par exemple apr\u00e8s avoir cri\u00e9 \u00e0 pleine voix lors d&rsquo;une manifestation ou pour se faire entendre ou bien apr\u00e8s avoir [&hellip;]<\/p>\n","protected":false},"author":1741,"featured_media":0,"comment_status":"closed","ping_status":"closed","sticky":false,"template":"","format":"standard","meta":{"fifu_image_url":"","fifu_image_alt":"","footnotes":""},"categories":[73,53],"tags":[],"class_list":["post-74243","post","type-post","status-publish","format-standard","hentry","category-actualite","category-algerie"],"_links":{"self":[{"href":"https:\/\/linitiative.ca\/International\/wp-json\/wp\/v2\/posts\/74243","targetHints":{"allow":["GET"]}}],"collection":[{"href":"https:\/\/linitiative.ca\/International\/wp-json\/wp\/v2\/posts"}],"about":[{"href":"https:\/\/linitiative.ca\/International\/wp-json\/wp\/v2\/types\/post"}],"author":[{"embeddable":true,"href":"https:\/\/linitiative.ca\/International\/wp-json\/wp\/v2\/users\/1741"}],"replies":[{"embeddable":true,"href":"https:\/\/linitiative.ca\/International\/wp-json\/wp\/v2\/comments?post=74243"}],"version-history":[{"count":0,"href":"https:\/\/linitiative.ca\/International\/wp-json\/wp\/v2\/posts\/74243\/revisions"}],"wp:attachment":[{"href":"https:\/\/linitiative.ca\/International\/wp-json\/wp\/v2\/media?parent=74243"}],"wp:term":[{"taxonomy":"category","embeddable":true,"href":"https:\/\/linitiative.ca\/International\/wp-json\/wp\/v2\/categories?post=74243"},{"taxonomy":"post_tag","embeddable":true,"href":"https:\/\/linitiative.ca\/International\/wp-json\/wp\/v2\/tags?post=74243"}],"curies":[{"name":"wp","href":"https:\/\/api.w.org\/{rel}","templated":true}]}}