{"id":74247,"date":"2020-01-26T05:28:55","date_gmt":"2020-01-26T10:28:55","guid":{"rendered":"https:\/\/linitiative.ca\/International\/algerie-afrique-du-sud-la-priere-de-labsent\/"},"modified":"2020-01-26T05:28:55","modified_gmt":"2020-01-26T10:28:55","slug":"algerie-afrique-du-sud-la-priere-de-labsent","status":"publish","type":"post","link":"https:\/\/linitiative.ca\/International\/algerie-afrique-du-sud-la-priere-de-labsent\/","title":{"rendered":"Alg\u00e9rie, Afrique du Sud : La pri\u00e8re de l\u2019absent"},"content":{"rendered":"<p><strong>L\u2019art d\u2019avoir tort<\/strong><\/p>\n<div class=\"c10\"\/>\n<p>Franchement de vous \u00e0 moi, on pensait que nos amis Alg\u00e9riens et Sud-africains se montreraient plus avis\u00e9s. Leur prise de position contre la CAF (Conf\u00e9d\u00e9ration Africaine de Football), pour avoir attribu\u00e9 la Coupe du Monde de Futsal \u00e0 la ville de <strong>La\u00e2youne<\/strong>, est une insulte \u00e0 l\u2019intelligence.\u00a0<\/p>\n<p>Bien s\u00fbr, politiquement, les responsables des deux pays peuvent pr\u00e9senter quelques raisons \u00e0 leur attitude, mais ce seraient des raisons superficielles qui, bient\u00f4t, risquent de finir par des excuses. Ces excuses que ces deux grands pays vont devoir pr\u00e9senter pour avoir ralenti le cours de l\u2019Histoire commune du continent africain, g\u00e2chant ainsi le d\u00e9veloppement et l\u2019avenir de centaines de milliers de jeunes, si ce n\u2019est des millions.<\/p>\n<p>\u00ab La main tendue \u00bb du Souverain marocain, le Roi Mohammed VI, pour r\u00e9gler le contentieux, made by feu Boum\u00e9dienne et quelques stipendi\u00e9s, n\u2019avait aucune arri\u00e8re-pens\u00e9e machiav\u00e9lique pour blesser l\u2019orgueil alg\u00e9rien.\u00a0<\/p>\n<p>Ceux qui ont suivi l\u2019\u00e9volution Royale du Maroc savent bien que le Maroc a mis sur sa feuille de route principale, le d\u00e9veloppement de l\u2019Afrique. Le progr\u00e8s continental profitera \u00e0 tous, et pas seulement au Royaume qui, Dieu merci, se porte vaille que vaille, relativement bien. Mais rien ne peut se concevoir ou se consolider, si votre plus proche voisin, s\u2019obstine \u00e0 vouloir tout contrecarrer.\u00a0<\/p>\n<p>Au si\u00e8cle dernier, au lendemain de la Marche Verte qui consacrait la V\u00e9rit\u00e9 au Sahara Marocain, feu Hassan II avait rejet\u00e9 d\u2019une pichenette verbale, la col\u00e8re du chef d\u2019Etat Alg\u00e9rien, cr\u00e9ateur de la RASD et souteneur des fantasmes du Polisario. A l\u2019\u00e9poque, lors d\u2019une interview en son palais de Skhirat, Hassan II a proph\u00e9tis\u00e9 : <em>\u00ab Cette RASD sera la supercherie du si\u00e8cle<\/em> \u00bb, d\u00e9claration qui n\u2019avait fait qu\u2019augmenter le ressenti et la fureur de nos antagonistes.\u00a0<\/p>\n<p>Le temps a ceci de particulier, c\u2019est qu\u2019il passe, car il n\u2019est pas immobile, et les positions non fond\u00e9es sur des r\u00e9alit\u00e9s historiques sont balay\u00e9es sans piti\u00e9, par le vent de l\u2019Histoire.<\/p>\n<p>Le temps a fait son \u0153uvre, les hommes ont chang\u00e9 et les situations aussi. Ceux qui s\u2019arcboutent sur des probl\u00e8mes fallacieux sont donc coupables devant l\u2019Humanit\u00e9 et seront jug\u00e9s \u00e0 l\u2019aune des catastrophes qu\u2019ils auront fabriqu\u00e9es.<\/p>\n<p>Peut-\u00eatre, on n\u2019est pas dans le secret des Dieux, que loin des feux de l\u2019actualit\u00e9, et des d\u00e9clarations furibardes, ceux qui de l\u2019autre c\u00f4t\u00e9 des fronti\u00e8res ont du bon sens, sont en train de r\u00e9fl\u00e9chir \u00e0 un retour \u00e0 la normale. \u00ab La Main tendue \u00bb a d\u00fb faire son bout de chemin.<\/p>\n<p>Pour apaiser les tensions et vider les quiproquos de leurs substances, le sport \u00e0 toujours offert des solutions aux peuples.<\/p>\n<p>On ne rappellera pas la partie de tennis de table (ping-pong) jou\u00e9e par Nixon et <strong>Mao Zedong<\/strong> \u00e0 P\u00e9kin et qui a permis de faire reprendre langue aux deux puissances internationales qui, du coup, se sont calm\u00e9es, m\u00eame si aujourd\u2019hui, rien n\u2019est vraiment apais\u00e9 entre USA et Chine, mais du moins, il y a eu dialogue et respect, au-del\u00e0 des int\u00e9r\u00eats divergents.<\/p>\n<p>Des pays ne peuvent vivre les uns sans les autres. La\u00e2youne et son rendez-vous continental, de Futsal pour lequel Alg\u00e9riens et Sud-Africains s\u2019\u00e9taient, sur le terrain, officiellement qualifi\u00e9s, offraient une belle opportunit\u00e9 pour escamoter beaucoup de malentendus. H\u00e9las, les obstinations ont pris le meilleur sur la Raison.<\/p>\n<p>Dommage, vraiment dommage, mais tant pis pour les absents qui auront encore tort. Tort d\u2019avoir priv\u00e9 leur jeunesse d\u2019un rendez-vous des plus sympathiques.<\/p>\n<p>Tort aussi d\u2019avoir rat\u00e9 l\u2019occasion historique de rendre la pareille \u00e0 un Royaume, le Maroc, qui les a soutenus dans toutes les luttes pour la Libert\u00e9 et la Dignit\u00e9.<\/p>\n<p>L\u2019Histoire s\u2019en souviendra et l\u2019Histoire seule jugera, mais c\u2019est piti\u00e9, comme l\u2019\u00e9crivent les po\u00e8tes, que de voir le mensonge et la b\u00eatise, masquer l\u2019\u00e9lan des peuples.<\/p>\n<p>Rassurons-nous, tout cela n\u2019est que provisoire.<\/p>\n<p>Ce qui doit nous unir est plus important, on dira m\u00eame vital, que ce qui actuellement nous divise et comme le temps joue pour nous, on sera, inchaa Allah, bient\u00f4t fix\u00e9s et confort\u00e9s.<\/p>\n<p>D\u2019ici l\u00e0, h\u00e9las, que de g\u00e9n\u00e9rations et d\u2019occasions perdues. Des pertes dont les opportunistes et les va-t\u2019en-guerre font leur miel.<\/p>\n<p>Mais cela est une autre histoire.<\/p>\n<p><strong>La bonne id\u00e9e du coach Belmadi<\/strong><\/p>\n<p>L\u2019<strong>Alg\u00e9rie<\/strong> est championne d\u2019Afrique en titre du football. Le coach national Belmadi a choisi de battre le fer encore chaud. Ayant le vent en poupe depuis son triomphe au Caire (CAN 2019), celui que la presse vomissait quelques jours seulement avant la comp\u00e9tition, a d\u00e9cid\u00e9 d\u2019en profiter pour aller plus loin, beaucoup plus loin.<\/p>\n<div class=\"wp-block-image\"><img loading=\"lazy\" decoding=\"async\" src=\"https:\/\/www.challenge.ma\/wp-content\/uploads\/2020\/01\/00-400-1024x682.jpg\" alt=\"\" class=\"wp-image-128990\" width=\"260\" height=\"173\" srcset=\"https:\/\/www.challenge.ma\/wp-content\/uploads\/2020\/01\/00-400-1024x682.jpg 1024w, https:\/\/www.challenge.ma\/wp-content\/uploads\/2020\/01\/00-400-300x200.jpg 300w, https:\/\/www.challenge.ma\/wp-content\/uploads\/2020\/01\/00-400-768x512.jpg 768w, https:\/\/www.challenge.ma\/wp-content\/uploads\/2020\/01\/00-400-360x240.jpg 360w, https:\/\/www.challenge.ma\/wp-content\/uploads\/2020\/01\/00-400-750x500.jpg 750w, https:\/\/www.challenge.ma\/wp-content\/uploads\/2020\/01\/00-400.jpg 1181w\" sizes=\"auto, (max-width: 260px) 100vw, 260px\"\/><\/div>\n<p>Quelques jours avant le tirage des \u00e9liminatoires pour la coupe du monde 2022 (Qatar), il a d\u00e9clar\u00e9: <em>\u00abOn ne doit pas se contenter de nous qualifier, c\u2019est l\u00e0 un objectif normal pour l\u2019Alg\u00e9rie. On va au Mondial pour l\u2019emporter \u00bb<\/em>.<\/p>\n<p><strong>Et pourquoi pas ? Il faut \u00eatre ambitieux dans la vie.<\/strong><\/p>\n<p>C\u2019est l\u00e0 une vraie bonne id\u00e9e. Et on vous expliquera pourquoi, la semaine prochaine. Inchaa Allah.<\/p>\n<div class=\"c17\">\n<fieldset class=\"c16\">\n<legend><strong><span class=\"c11\">Challenge<\/span><span class=\"c12\">news<\/span><\/strong><\/legend>\n<div class=\"c15\">Le meilleur de Challenge s\u00e9lectionn\u00e9 par la r\u00e9daction :<\/p>\n<\/div>\n<\/fieldset>\n<\/div>\n<p>Auteur: Najib Salmi<br \/>\n<a href=\"https:\/\/www.challenge.ma\/algerie-afrique-du-sud-la-priere-de-labsent-128986\/\">Cliquez ici pour lire l&rsquo;article depuis sa source.<\/a><\/p>\n","protected":false},"excerpt":{"rendered":"<p>L\u2019art d\u2019avoir tort Franchement de vous \u00e0 moi, on pensait que nos amis Alg\u00e9riens et Sud-africains se montreraient plus avis\u00e9s. Leur prise de position contre la CAF (Conf\u00e9d\u00e9ration Africaine de Football), pour avoir attribu\u00e9 la Coupe du Monde de Futsal \u00e0 la ville de La\u00e2youne, est une insulte \u00e0 l\u2019intelligence.\u00a0 Bien s\u00fbr, politiquement, les responsables [&hellip;]<\/p>\n","protected":false},"author":1787,"featured_media":74248,"comment_status":"closed","ping_status":"closed","sticky":false,"template":"","format":"standard","meta":{"fifu_image_url":"","fifu_image_alt":"","footnotes":""},"categories":[78,54],"tags":[],"class_list":["post-74247","post","type-post","status-publish","format-standard","has-post-thumbnail","hentry","category-economie","category-maroc"],"_links":{"self":[{"href":"https:\/\/linitiative.ca\/International\/wp-json\/wp\/v2\/posts\/74247","targetHints":{"allow":["GET"]}}],"collection":[{"href":"https:\/\/linitiative.ca\/International\/wp-json\/wp\/v2\/posts"}],"about":[{"href":"https:\/\/linitiative.ca\/International\/wp-json\/wp\/v2\/types\/post"}],"author":[{"embeddable":true,"href":"https:\/\/linitiative.ca\/International\/wp-json\/wp\/v2\/users\/1787"}],"replies":[{"embeddable":true,"href":"https:\/\/linitiative.ca\/International\/wp-json\/wp\/v2\/comments?post=74247"}],"version-history":[{"count":0,"href":"https:\/\/linitiative.ca\/International\/wp-json\/wp\/v2\/posts\/74247\/revisions"}],"wp:featuredmedia":[{"embeddable":true,"href":"https:\/\/linitiative.ca\/International\/wp-json\/"}],"wp:attachment":[{"href":"https:\/\/linitiative.ca\/International\/wp-json\/wp\/v2\/media?parent=74247"}],"wp:term":[{"taxonomy":"category","embeddable":true,"href":"https:\/\/linitiative.ca\/International\/wp-json\/wp\/v2\/categories?post=74247"},{"taxonomy":"post_tag","embeddable":true,"href":"https:\/\/linitiative.ca\/International\/wp-json\/wp\/v2\/tags?post=74247"}],"curies":[{"name":"wp","href":"https:\/\/api.w.org\/{rel}","templated":true}]}}