{"id":74249,"date":"2020-01-26T15:29:33","date_gmt":"2020-01-26T20:29:33","guid":{"rendered":"https:\/\/linitiative.ca\/International\/basket-kobe-bryant-est-mort-dans-un-accident-dhelicoptere\/"},"modified":"2020-01-26T15:29:33","modified_gmt":"2020-01-26T20:29:33","slug":"basket-kobe-bryant-est-mort-dans-un-accident-dhelicoptere","status":"publish","type":"post","link":"https:\/\/linitiative.ca\/International\/basket-kobe-bryant-est-mort-dans-un-accident-dhelicoptere\/","title":{"rendered":"Basket: Kobe Bryant est mort dans un accident d\u2019h\u00e9licopt\u00e8re"},"content":{"rendered":"<p><strong>Le basketteur am\u00e9ricain, star de la NBA, Kobe Bryant est d\u00e9c\u00e9d\u00e9 dimanche matin dans le crash de son h\u00e9licopt\u00e8re, intervenu \u00e0 Calabasas dans le sud de la Californie, selon le site am\u00e9ricain d\u2019actualit\u00e9s sur les c\u00e9l\u00e9brit\u00e9s TMZ.<\/strong><\/p>\n<div class=\"c10\"\/>\n<p>Des t\u00e9moins oculaires ont indiqu\u00e9 avoir entendu le moteur de l\u2019h\u00e9licopt\u00e8re cracher avant qu\u2019il ne tombe en panne. La cause de l\u2019accident fait l\u2019objet d\u2019une enqu\u00eate, selon TMZ.<\/p>\n<p>Plusieurs m\u00e9dias US se sont fait l\u2019\u00e9cho du crash et du d\u00e9c\u00e8s de Kobe Bryant, qui \u00e9tait connu pour son penchant \u00e0 se d\u00e9placer souvent en h\u00e9licopt\u00e8re dans une ville notoire pour ses embouteillages interminables.<\/p>\n<p>Kobe Bryant, \u00e2g\u00e9 de 41 ans, avait notamment \u00e9volu\u00e9 pendant 20 ans au sein de la franchise NBA des Los Angeles Lakers.<\/p>\n<p><img decoding=\"async\" src=\"https:\/\/www.challenge.ma\/wp-content\/uploads\/2020\/01\/kobe-bryant-helicopter-1024x682.jpg\" alt=\"\" class=\"wp-image-129046\" srcset=\"https:\/\/www.challenge.ma\/wp-content\/uploads\/2020\/01\/kobe-bryant-helicopter.jpg 1024w, https:\/\/www.challenge.ma\/wp-content\/uploads\/2020\/01\/kobe-bryant-helicopter-300x200.jpg 300w, https:\/\/www.challenge.ma\/wp-content\/uploads\/2020\/01\/kobe-bryant-helicopter-768x512.jpg 768w, https:\/\/www.challenge.ma\/wp-content\/uploads\/2020\/01\/kobe-bryant-helicopter-360x240.jpg 360w, https:\/\/www.challenge.ma\/wp-content\/uploads\/2020\/01\/kobe-bryant-helicopter-750x500.jpg 750w\" sizes=\"(max-width: 1024px) 100vw, 1024px\"\/><\/p>\n<p>En 20 ans de carri\u00e8re, Kobe Bryant a remport\u00e9 5 finales de la NBA, dont deux fois nomm\u00e9 meilleur joueur en finales (MVP). Il a \u00e9galement \u00e9t\u00e9 \u00e9lu 18 fois dans l\u2019\u00e9quipe All Star et a marqu\u00e9 81 points en un match contre les Raptors de Toronto en 2006. Il s\u2019agit du deuxi\u00e8me total de points le plus \u00e9lev\u00e9 de l\u2019histoire de la NBA derri\u00e8re seulement les 100 points de Wilt Chamberlain.<\/p>\n<p>Quintuple champion NBA, il est l\u2019un des sept joueurs \u00e0 avoir inscrit plus de 30.000 points en carri\u00e8re. Le crash de l\u2019h\u00e9licopt\u00e8re a \u00e9t\u00e9 confirm\u00e9 par le Los Angeles Times, sans faire mention de l\u2019identit\u00e9 des victimes.<\/p>\n<div class=\"c17\">\n<fieldset class=\"c16\">\n<legend><strong><span class=\"c11\">Challenge<\/span><span class=\"c12\">news<\/span><\/strong><\/legend>\n<div class=\"c15\">Le meilleur de Challenge s\u00e9lectionn\u00e9 par la r\u00e9daction :<\/p>\n<\/div>\n<\/fieldset>\n<\/div>\n<p>Auteur: challenge<br \/>\n<a href=\"https:\/\/www.challenge.ma\/basket-kobe-bryant-est-mort-dans-un-accident-dhelicoptere-129041\/\">Cliquez ici pour lire l&rsquo;article depuis sa source.<\/a><\/p>\n","protected":false},"excerpt":{"rendered":"<p>Le basketteur am\u00e9ricain, star de la NBA, Kobe Bryant est d\u00e9c\u00e9d\u00e9 dimanche matin dans le crash de son h\u00e9licopt\u00e8re, intervenu \u00e0 Calabasas dans le sud de la Californie, selon le site am\u00e9ricain d\u2019actualit\u00e9s sur les c\u00e9l\u00e9brit\u00e9s TMZ. Des t\u00e9moins oculaires ont indiqu\u00e9 avoir entendu le moteur de l\u2019h\u00e9licopt\u00e8re cracher avant qu\u2019il ne tombe en panne. [&hellip;]<\/p>\n","protected":false},"author":1787,"featured_media":74250,"comment_status":"closed","ping_status":"closed","sticky":false,"template":"","format":"standard","meta":{"fifu_image_url":"","fifu_image_alt":"","footnotes":""},"categories":[78,54],"tags":[],"class_list":["post-74249","post","type-post","status-publish","format-standard","has-post-thumbnail","hentry","category-economie","category-maroc"],"_links":{"self":[{"href":"https:\/\/linitiative.ca\/International\/wp-json\/wp\/v2\/posts\/74249","targetHints":{"allow":["GET"]}}],"collection":[{"href":"https:\/\/linitiative.ca\/International\/wp-json\/wp\/v2\/posts"}],"about":[{"href":"https:\/\/linitiative.ca\/International\/wp-json\/wp\/v2\/types\/post"}],"author":[{"embeddable":true,"href":"https:\/\/linitiative.ca\/International\/wp-json\/wp\/v2\/users\/1787"}],"replies":[{"embeddable":true,"href":"https:\/\/linitiative.ca\/International\/wp-json\/wp\/v2\/comments?post=74249"}],"version-history":[{"count":0,"href":"https:\/\/linitiative.ca\/International\/wp-json\/wp\/v2\/posts\/74249\/revisions"}],"wp:featuredmedia":[{"embeddable":true,"href":"https:\/\/linitiative.ca\/International\/wp-json\/"}],"wp:attachment":[{"href":"https:\/\/linitiative.ca\/International\/wp-json\/wp\/v2\/media?parent=74249"}],"wp:term":[{"taxonomy":"category","embeddable":true,"href":"https:\/\/linitiative.ca\/International\/wp-json\/wp\/v2\/categories?post=74249"},{"taxonomy":"post_tag","embeddable":true,"href":"https:\/\/linitiative.ca\/International\/wp-json\/wp\/v2\/tags?post=74249"}],"curies":[{"name":"wp","href":"https:\/\/api.w.org\/{rel}","templated":true}]}}