{"id":74251,"date":"2020-01-26T15:33:38","date_gmt":"2020-01-26T20:33:38","guid":{"rendered":"https:\/\/linitiative.ca\/International\/essaouira-abrite-un-nouveau-joyau-architectural\/"},"modified":"2020-01-26T15:33:38","modified_gmt":"2020-01-26T20:33:38","slug":"essaouira-abrite-un-nouveau-joyau-architectural","status":"publish","type":"post","link":"https:\/\/linitiative.ca\/International\/essaouira-abrite-un-nouveau-joyau-architectural\/","title":{"rendered":"Essaouira abrite un nouveau joyau architectural"},"content":{"rendered":"<p><strong>Le projet mobilise des investissements de l\u2019ordre de 350 millions de DH et sera r\u00e9alis\u00e9 sur un terrain de 3,6 ha.<\/strong><\/p>\n<div class=\"c10\"\/>\n<p>Essaouira accueille un nouveau projet Royal. SM le Roi Mohammed VI a lanc\u00e9 la r\u00e9alisation de la Cit\u00e9 des arts et de la culture. Ce projet mobilise des investissements de l\u2019ordre de 350 millions de DH et sera r\u00e9alis\u00e9 sur un terrain de 3,6 ha. Il devra permettre \u00e0 la ville de disposer d\u2019un grand espace de formation et de r\u00e9p\u00e9titions pour les troupes de musique et de th\u00e9\u00e2tre, \u00e0 la mesure de la renomm\u00e9e et de la stature internationales de Mogador.<\/p>\n<p><img decoding=\"async\" src=\"https:\/\/www.challenge.ma\/wp-content\/uploads\/2020\/01\/Mohammed-VI-Cite%CC%81-des-arts-et-de-la-culture-Essaouira-1024x683.jpg\" alt=\"\" class=\"wp-image-128920\" srcset=\"https:\/\/www.challenge.ma\/wp-content\/uploads\/2020\/01\/Mohammed-VI-Cite\u0301-des-arts-et-de-la-culture-Essaouira-1024x683.jpg 1024w, https:\/\/www.challenge.ma\/wp-content\/uploads\/2020\/01\/Mohammed-VI-Cite\u0301-des-arts-et-de-la-culture-Essaouira-300x200.jpg 300w, https:\/\/www.challenge.ma\/wp-content\/uploads\/2020\/01\/Mohammed-VI-Cite\u0301-des-arts-et-de-la-culture-Essaouira-768x512.jpg 768w, https:\/\/www.challenge.ma\/wp-content\/uploads\/2020\/01\/Mohammed-VI-Cite\u0301-des-arts-et-de-la-culture-Essaouira-360x240.jpg 360w, https:\/\/www.challenge.ma\/wp-content\/uploads\/2020\/01\/Mohammed-VI-Cite\u0301-des-arts-et-de-la-culture-Essaouira-750x500.jpg 750w, https:\/\/www.challenge.ma\/wp-content\/uploads\/2020\/01\/Mohammed-VI-Cite\u0301-des-arts-et-de-la-culture-Essaouira.jpg 1200w\" sizes=\"(max-width: 1024px) 100vw, 1024px\"\/><\/p>\n<p>La future Cit\u00e9 des arts et de la culture comprendra notamment un grand th\u00e9\u00e2tre d\u2019une capacit\u00e9 de 1.000 places, un conservatoire de musique, une maison du livre, un mus\u00e9e des arts traditionnels et un autre de th\u00e9, une esplanade (sc\u00e8ne ext\u00e9rieure) pouvant accueillir jusqu\u2019\u00e0 30.000 personnes et un parking souterrain. Ce projet sera r\u00e9alis\u00e9 dans un d\u00e9lai de 48 mois, dans le cadre d\u2019un partenariat entre le minist\u00e8re de l\u2019Int\u00e9rieur (130 millions de DH), le minist\u00e8re de l\u2019\u00c9conomie, des Finances et de la R\u00e9forme de l\u2019administration (50 millions de DH), le minist\u00e8re de l\u2019Agriculture, de la P\u00eache maritime, du D\u00e9veloppement rural, de l\u2019Eau et des For\u00eats (assiette fonci\u00e8re), le minist\u00e8re de l\u2019Am\u00e9nagement du territoire national, de l\u2019Urbanisme, de l\u2019Habitat et de la Politique de la Ville (50 millions de DH), le minist\u00e8re de la Culture, de la Jeunesse et des Sports (60 millions de DH) et le Conseil r\u00e9gional de Marrakech-Safi (60 millions de DH).<\/p>\n<p>SM le Roi a pr\u00e9sid\u00e9, \u00e0 cette occasion, la c\u00e9r\u00e9monie de signature de la convention de financement relative \u00e0 ce projet. Elle a \u00e9t\u00e9 sign\u00e9e par Abdelouafi Laftit, ministre de l\u2019Int\u00e9rieur, Mohamed Bencha\u00e2boun, ministre de l\u2019\u00c9conomie, des Finances et de la R\u00e9forme de l\u2019Administration, Aziz Akhannouch, ministre de l\u2019Agriculture, de la P\u00eache maritime, du D\u00e9veloppement rural, de l\u2019Eau et des For\u00eats, Nouzha Bouchareb, ministre de l\u2019Am\u00e9nagement du Territoire national, de l\u2019Urbanisme, de l\u2019Habitat et de la Politique de la Ville et El Hassan Abyaba, ministre de la Culture, de la Jeunesse et des Sports, porte-parole du gouvernement. Elle a \u00e9galement \u00e9t\u00e9 sign\u00e9e par Karim Kassi Lahlou, Wali de la r\u00e9gion Marrakech-Safi, Gouverneur de la pr\u00e9fecture de Marrakech, Ahmed Akhchichine, Pr\u00e9sident du Conseil r\u00e9gional de Marrakech-Safi et Adil El Malki, Gouverneur de la province d\u2019Essaouira.<\/p>\n<p><strong>La derni\u00e8re \u0153uvre d\u2019Oscar Niemeyer<\/strong><\/p>\n<p>La gen\u00e8se de ce projet remonte \u00e0 2012. L\u2019ex-ambassadeur du Br\u00e9sil au Maroc, Frederico Meyer, d\u00e9couvre alors avec \u00e9merveillement Essaouira, ce rare ensemble historique urbain dessin\u00e9 par l\u2019architecte Th\u00e9odore Cornu, disciple de S\u00e9bastien Vauban, lui-m\u00eame architecte et urbaniste militaire du 18\u00e8me si\u00e8cle. Il entreprend ainsi les contacts initiaux avec Feu Oscar Niemeyer. L\u2019Architecte qui a marqu\u00e9 le 20\u00e8me si\u00e8cle de son empreinte \u00e9ternelle a ainsi voulu, depuis Rio de Janeiro et quelques semaines avant sa mort, offrir \u00e0 Essaouira l\u2019esquisse du projet architectural qui va structurer son futur. Cette offrande d\u2019exception sera la derni\u00e8re \u0153uvre du grand architecte disparu.<\/p>\n<p>Les architectes Rachid Andaloussi et Fikri Benabdallah ont par la suite accompagn\u00e9 le projet en s\u2019associant avec le cabinet de Neymer pour doter Essaouira d\u2019un espace embl\u00e9matique qui sera l\u2019un des c\u0153urs battants du Maroc de la culture, de la pluralit\u00e9 et d\u2019ouverture sur d\u2019autres cultures.<\/p>\n<p>Cette \u0153uvre est principalement constitu\u00e9e de trois morphologies, g\u00e9om\u00e9triquement distinctes et reli\u00e9es entre elles par le parcours curviligne et gracieux d\u2019une marquise de distribution qui conf\u00e8re \u00e1 l\u2019ensemble son unicit\u00e9 architecturale ainsi qu\u2019une force sculpturale spectaculaire.<\/p>\n<div class=\"c17\">\n<fieldset class=\"c16\">\n<legend><strong><span class=\"c11\">Challenge<\/span><span class=\"c12\">news<\/span><\/strong><\/legend>\n<div class=\"c15\">Le meilleur de Challenge s\u00e9lectionn\u00e9 par la r\u00e9daction :<\/p>\n<\/div>\n<\/fieldset>\n<\/div>\n<p>Auteur: challenge<br \/>\n<a href=\"https:\/\/www.challenge.ma\/essaouira-abrite-un-nouveau-joyau-architectural-128918\/\">Cliquez ici pour lire l&rsquo;article depuis sa source.<\/a><\/p>\n","protected":false},"excerpt":{"rendered":"<p>Le projet mobilise des investissements de l\u2019ordre de 350 millions de DH et sera r\u00e9alis\u00e9 sur un terrain de 3,6 ha. Essaouira accueille un nouveau projet Royal. SM le Roi Mohammed VI a lanc\u00e9 la r\u00e9alisation de la Cit\u00e9 des arts et de la culture. Ce projet mobilise des investissements de l\u2019ordre de 350 millions [&hellip;]<\/p>\n","protected":false},"author":1787,"featured_media":74252,"comment_status":"closed","ping_status":"closed","sticky":false,"template":"","format":"standard","meta":{"fifu_image_url":"","fifu_image_alt":"","footnotes":""},"categories":[78,54],"tags":[],"class_list":["post-74251","post","type-post","status-publish","format-standard","has-post-thumbnail","hentry","category-economie","category-maroc"],"_links":{"self":[{"href":"https:\/\/linitiative.ca\/International\/wp-json\/wp\/v2\/posts\/74251","targetHints":{"allow":["GET"]}}],"collection":[{"href":"https:\/\/linitiative.ca\/International\/wp-json\/wp\/v2\/posts"}],"about":[{"href":"https:\/\/linitiative.ca\/International\/wp-json\/wp\/v2\/types\/post"}],"author":[{"embeddable":true,"href":"https:\/\/linitiative.ca\/International\/wp-json\/wp\/v2\/users\/1787"}],"replies":[{"embeddable":true,"href":"https:\/\/linitiative.ca\/International\/wp-json\/wp\/v2\/comments?post=74251"}],"version-history":[{"count":0,"href":"https:\/\/linitiative.ca\/International\/wp-json\/wp\/v2\/posts\/74251\/revisions"}],"wp:featuredmedia":[{"embeddable":true,"href":"https:\/\/linitiative.ca\/International\/wp-json\/"}],"wp:attachment":[{"href":"https:\/\/linitiative.ca\/International\/wp-json\/wp\/v2\/media?parent=74251"}],"wp:term":[{"taxonomy":"category","embeddable":true,"href":"https:\/\/linitiative.ca\/International\/wp-json\/wp\/v2\/categories?post=74251"},{"taxonomy":"post_tag","embeddable":true,"href":"https:\/\/linitiative.ca\/International\/wp-json\/wp\/v2\/tags?post=74251"}],"curies":[{"name":"wp","href":"https:\/\/api.w.org\/{rel}","templated":true}]}}