{"id":74253,"date":"2020-01-26T15:04:06","date_gmt":"2020-01-26T20:04:06","guid":{"rendered":"https:\/\/linitiative.ca\/International\/par-yassine-brahim-ce-qua-dit-elyes-fakhfakh-et-la-position-dattayar-sont-des-deceptions\/"},"modified":"2020-01-26T15:04:06","modified_gmt":"2020-01-26T20:04:06","slug":"par-yassine-brahim-ce-qua-dit-elyes-fakhfakh-et-la-position-dattayar-sont-des-deceptions","status":"publish","type":"post","link":"https:\/\/linitiative.ca\/International\/par-yassine-brahim-ce-qua-dit-elyes-fakhfakh-et-la-position-dattayar-sont-des-deceptions\/","title":{"rendered":"Par Yassine Brahim : Ce qu\u2019a dit Elyes Fakhfakh et la position d\u2019Attayar sont des d\u00e9ceptions"},"content":{"rendered":"<div class=\"post-cont-in left relative\">\n<p class=\"c2\"><em>Yassine Brahim a r\u00e9agi \u00e0 l\u2019actualit\u00e9 politique via un post sur sa page Facebook :<\/em><\/p>\n<div class=\"code-block code-block-1 c4\"><ins class=\"adsbygoogle c3\" data-ad-layout=\"in-article\" data-ad-format=\"fluid\" data-ad-client=\"ca-pub-2102118777505746\" data-ad-slot=\"7301775417\"\/> <\/div>\n<p>Le pays est en crise, surtout morale, avec cons\u00e9quence \u00e9conomique et sociale. La responsabilit\u00e9 est large mais avec des poids diff\u00e9rents.<br \/>Ayant pris de la distance et vivant avec tous les Tunisiens un moment important, je vais me permettre de donner un avis sur ce qui se passe en tant que politique ayant activement v\u00e9cu autour de la chose publique les 9 derni\u00e8res ann\u00e9es de ma vie.<\/p>\n<p>Les plus grands responsables politiques de cette situation de crise sont pour moi une bonne partie d\u2019<a href=\"https:\/\/www.tunisienumerique.com\/tunisie-actualite\/ennahdha\/\" title=\"Ennahdha\" target=\"_top\" class=\"auto-link\" rel=\"noopener noreferrer\">Ennahdha<\/a>, de Nida et de Tahya Tounes. Ennahdha apr\u00e9s avoir fait perdre 3 ans au pays de 2011 \u00e0 2014, puis 2 ans avec les attentats dus \u00e0 leur gestion des extr\u00e9mistes durant la Troika, s\u2019est mise avec une partie de Nida devenue Tahya Tounes \u00e0 instaurer la politique des \u00ab dossiers \u00bb invent\u00e9s contre les adversaires. J\u2019en ai \u00e9t\u00e9 avec Afek une victime en Novembre 2015.<\/p>\n<p>Ayant bien d\u00e9marr\u00e9 au gouvernement Essid, mon parti commen\u00e7ant \u00e0 s\u00e9rieusement appara\u00eetre dans les sondages, on invente une histoire, Lazard. Mehdi Ben Gharbia a m\u00eame r\u00e9v\u00e9l\u00e9 maintenant \u00e0 plusieurs proches qu\u2019il a \u00e9t\u00e9 mandat\u00e9 pour ce faire. Affaire vide, on a rat\u00e9 une occasion de travailler avec l\u2019une des meilleures banques du monde, \u00e0 un prix cadeau, fait par eux suite aux attentats de Juin 2015.<\/p>\n<p>Juillet 2017, Fadhel Abdelkafi commence \u00e0 briller et pourrait \u00eatre un candidat s\u00e9rieux pour remplacer un <a href=\"https:\/\/www.tunisienumerique.com\/tunisie-actualite\/youssef-chahed\/\" title=\"Youssef Chahed\" target=\"_top\" class=\"auto-link\" rel=\"noopener noreferrer\">Youssef Chahed<\/a> assez m\u00e9diocre dans la conduite de son gouvernement, on lui sort un dossier de nulle part, je me demande m\u00eame si ce n\u2019est pas MBG qui s\u2019en est charg\u00e9. Fadhel a d\u00fb aller en cassation pour \u00eatre blanchi! Khaled Kaddour, d\u00e9mis de ses fonctions pour un contrat p\u00e9trolier que l\u2019Etat a renouvel\u00e9 quelques mois plus tard plus cher\u2026<\/p>\n<p>Cette tactique qui consiste \u00e0 affaiblir ou \u00e0 \u00e9liminer des adversaires avec du fake et des dossiers, certains la consid\u00e8rent de bonne guerre et c\u2019est cela la politique. Je reste convaincu que non. Les gens qui veulent vraiment contribuer au d\u00e9veloppement de leur pays en participant aux affaires publiques doivent tendre la main et encourager ceux qui font avancer les choses et ne pas rentrer dans des bas calculs et employer des m\u00e9thodes condamnables en abusant de leur pouvoir ex\u00e9cutif et\/ou de leur r\u00e9seau dans le pouvoir judiciaire.<\/p>\n<p>La grosse affaire dans ce cadre l\u00e0 est celle de <a href=\"https:\/\/www.tunisienumerique.com\/tunisie-actualite\/nabil-karoui\/\" title=\"Nabil Karoui\" target=\"_top\" class=\"auto-link\" rel=\"noopener noreferrer\">Nabil Karoui<\/a>. Alors Nabil finalement il est blanchi ou condamnable? Ou est ce que cela va d\u00e9pendre de ce que veut Ennahdha ou Tahya Tounes de lui \u00e0 un instant T?<\/p>\n<p>Quand j\u2019ai vu la candidature d\u2019Elyes Fakhfekh pr\u00e9sent\u00e9e par Tahya Tounes, je me suis dit mince! Le cauchemar pourrait perdurer. C\u2019est soi-disant le candidat du Pr\u00e9sident mais ce dernier semble \u00eatre bien ma\u00eetris\u00e9 par les grands penseurs politicards de Tahya Tounes en collaboration avec une faction d\u2019Ennahdha.<\/p>\n<p>Fakhfekh qui se pr\u00e9tend propre et r\u00e9volutionnaire est le candidat du parti des dossiers et de tous les mauvais choix \u00e9conomiques avec leur cons\u00e9quence sociale faits depuis 3 ans. En fait c\u2019est le candidat d\u2019Ennahdha (une faction d\u00e9sormais) qui a utilis\u00e9 comme elle l\u2019a fait pour renverser BCE, le bras TT pour convaincre KS. EF qui juge Kalb Tounes corrompu et le PSD ancien r\u00e9gime, devrait juste jeter un coup d\u2019oeil rapide aux CV de pas mal de d\u00e9put\u00e9s de TT. Rien que l\u2019affaire des wagons de la SNCFT pour le transport du phosphate devrait le perturber.<\/p>\n<p>Ce qu\u2019a dit EF pendant sa conf\u00e9rence de presse est politiquement d\u00e9cevant.<\/p>\n<p>Une autre grosse d\u00e9ception pour moi concerne le parti Tayar. Il est clair que le parti est tiraill\u00e9 sur la question de sa relation avec Ennahdha. En s\u2019alliant avec eux pour former un gouvernement, Tayar se tire une balle dans le pied.<\/p>\n<p>Maintenant si EF et Tayar\/Chaab veulent fermer les yeux car ils doivent composer, autant profiter de l\u2019aubaine du vote du 10 janvier 2020 o\u00f9 juste 73 d\u00e9put\u00e9s ont vot\u00e9 pour un gouvernement Ennahdha. C\u2019est la taille de l\u2019opposition possible \u00e0 un gouvernement r\u00e9ellement progressiste, audacieux et repr\u00e9sentant un changement dans le pays.<\/p>\n<p>EF pourrait alors montrer ses convictions profondes de social d\u00e9mocrate et enclencher la r\u00e9volution culturelle en mettant les islamistes de tous bords dans l\u2019opposition. Tayar\/Chaab peuvent y jouer un r\u00f4le important en tant que premier groupe parlementaire. Je suis certain qu\u2019une entente avec <a href=\"https:\/\/www.tunisienumerique.com\/tunisie-actualite\/qalb-tounes\/\" title=\"Qalb Tounes\" target=\"_top\" class=\"auto-link\" rel=\"noopener noreferrer\">Qalb Tounes<\/a> est possible. TT voulant absolument participer au pouvoir suivra. Le groupe Al Islah dans lequel on est du moment qu\u2019Ennahdha est dehors suivra. Abir a d\u00e9clar\u00e9 qu\u2019elle soutiendrait une telle d\u00e9marche.<\/p>\n<p>Le pays bougera bien plus vite quand une majorit\u00e9 progressiste et comp\u00e9tente g\u00e9rera les affaires publiques. Il faudra moraliser derri\u00e8re mais sans les islamistes qui seront toujours l\u00e0 pour diviser, acheter, faire peur.<\/p>\n<p>Une opportunit\u00e9 possible se pr\u00e9sente \u00e0 <a href=\"https:\/\/www.tunisienumerique.com\/tunisie-actualite\/elyes-fakhfakh\/\" title=\"Elyes Fakhfakh\" target=\"_top\" class=\"auto-link\" rel=\"noopener noreferrer\">Elyes Fakhfakh<\/a> et <a href=\"https:\/\/www.tunisienumerique.com\/tunisie-actualite\/mohamed-abbou\/\" title=\"Mohamed Abbou\" target=\"_top\" class=\"auto-link\" rel=\"noopener noreferrer\">Mohamed Abbou<\/a> \/Zouhair Meghzaoui. Ils la saisissent et une grande chance se pr\u00e9sente pour que le pays sorte de ce marasme dans les ann\u00e9es \u00e0 venir. Ils rentrent dans le sch\u00e9ma Troiko-TT-Tawafuk-dossiers et autres tactiques politicardes et nous voil\u00e0 partis pour encore quelques ann\u00e9es difficiles.<\/p>\n<div class=\"swp_social_panel swp_horizontal_panel swp_flat_fresh swp_default_full_color swp_individual_full_color swp_other_full_color scale-100 scale-\" data-min-width=\"1100\" data-float-color=\"#ffffff\" data-float=\"bottom\" data-float-mobile=\"bottom\" data-transition=\"slide\">\n<div class=\"nc_tweetContainer swp_share_button total_shares total_sharesalt\"><span class=\"swp_count\">81 <span class=\"swp_label\">Partages<\/span><\/span><\/div>\n<\/div>\n<p><strong>Que se passe-t-il en Tunisie?<\/strong><br \/>Nous expliquons sur notre <a href=\"https:\/\/www.youtube.com\/channel\/UCRzypVq0B_yBad5eGrwBx0Q?sub_confirmation=1\" target=\"_blank\" rel=\"noopener noreferrer\">cha\u00eene YouTube<\/a> . <a href=\"https:\/\/www.youtube.com\/channel\/UCRzypVq0B_yBad5eGrwBx0Q?sub_confirmation=1\" target=\"_blank\" rel=\"noopener noreferrer\">Abonnez-vous!<\/a><\/p>\n<div class=\"mvp-org-wrap mvp-org-logo\" itemprop=\"publisher\" itemscope=\"\" itemtype=\"https:\/\/schema.org\/Organization\"><img decoding=\"async\" src=\"https:\/\/www.tunisienumerique.com\/wp-content\/uploads\/2017\/02\/logo_tunisie_numerique.png\"\/><\/div>\n<div class=\"mvp-related-posts left relative\">\n<h4 class=\"post-header\"><span class=\"post-header\">Lire aussi<\/span><\/h4>\n<\/div>\n<\/div>\n<p>Auteur: Tunisie Num\u00e9rique<br \/>\n<a href=\"https:\/\/www.tunisienumerique.com\/par-yassine-brahim-ce-qua-dit-elyes-fakhfakh-et-la-position-dattayar-sont-des-deceptions\/\">Cliquez ici pour lire l&rsquo;article depuis sa source.<\/a><\/p>\n","protected":false},"excerpt":{"rendered":"<p>Yassine Brahim a r\u00e9agi \u00e0 l\u2019actualit\u00e9 politique via un post sur sa page Facebook : Le pays est en crise, surtout morale, avec cons\u00e9quence \u00e9conomique et sociale. La responsabilit\u00e9 est large mais avec des poids diff\u00e9rents.Ayant pris de la distance et vivant avec tous les Tunisiens un moment important, je vais me permettre de donner [&hellip;]<\/p>\n","protected":false},"author":1789,"featured_media":74254,"comment_status":"closed","ping_status":"closed","sticky":false,"template":"","format":"standard","meta":{"fifu_image_url":"","fifu_image_alt":"","footnotes":""},"categories":[73,55],"tags":[],"class_list":["post-74253","post","type-post","status-publish","format-standard","has-post-thumbnail","hentry","category-actualite","category-tunisie"],"_links":{"self":[{"href":"https:\/\/linitiative.ca\/International\/wp-json\/wp\/v2\/posts\/74253","targetHints":{"allow":["GET"]}}],"collection":[{"href":"https:\/\/linitiative.ca\/International\/wp-json\/wp\/v2\/posts"}],"about":[{"href":"https:\/\/linitiative.ca\/International\/wp-json\/wp\/v2\/types\/post"}],"author":[{"embeddable":true,"href":"https:\/\/linitiative.ca\/International\/wp-json\/wp\/v2\/users\/1789"}],"replies":[{"embeddable":true,"href":"https:\/\/linitiative.ca\/International\/wp-json\/wp\/v2\/comments?post=74253"}],"version-history":[{"count":0,"href":"https:\/\/linitiative.ca\/International\/wp-json\/wp\/v2\/posts\/74253\/revisions"}],"wp:featuredmedia":[{"embeddable":true,"href":"https:\/\/linitiative.ca\/International\/wp-json\/"}],"wp:attachment":[{"href":"https:\/\/linitiative.ca\/International\/wp-json\/wp\/v2\/media?parent=74253"}],"wp:term":[{"taxonomy":"category","embeddable":true,"href":"https:\/\/linitiative.ca\/International\/wp-json\/wp\/v2\/categories?post=74253"},{"taxonomy":"post_tag","embeddable":true,"href":"https:\/\/linitiative.ca\/International\/wp-json\/wp\/v2\/tags?post=74253"}],"curies":[{"name":"wp","href":"https:\/\/api.w.org\/{rel}","templated":true}]}}