{"id":74255,"date":"2020-01-26T15:36:50","date_gmt":"2020-01-26T20:36:50","guid":{"rendered":"https:\/\/linitiative.ca\/International\/tunisie-braquage-dans-un-salon-de-coiffure-a-el-menzah\/"},"modified":"2020-01-26T15:36:50","modified_gmt":"2020-01-26T20:36:50","slug":"tunisie-braquage-dans-un-salon-de-coiffure-a-el-menzah","status":"publish","type":"post","link":"https:\/\/linitiative.ca\/International\/tunisie-braquage-dans-un-salon-de-coiffure-a-el-menzah\/","title":{"rendered":"Tunisie \u2013 Braquage dans un salon de coiffure \u00e0 El Menzah"},"content":{"rendered":"<div class=\"post-cont-in left relative\">\n<p>Un individu a fait irruption, il y a quelques minutes dans un salon de coiffure sis \u00e0 El Menzah 9. Il s\u2019est attaqu\u00e9 aux clients, ainsi qu\u2019au personnel, avant de partir avec les objets et les t\u00e9l\u00e9phones portables qu\u2019il a subtilis\u00e9s aux personnes qui \u00e9taient dans le local.<\/p>\n<div class=\"code-block code-block-1 c3\"><ins class=\"adsbygoogle c2\" data-ad-layout=\"in-article\" data-ad-format=\"fluid\" data-ad-client=\"ca-pub-2102118777505746\" data-ad-slot=\"7301775417\"\/> <\/div>\n<p>Alert\u00e9e, la police est en train d\u2019effectuer un large ratissage dans l\u2019entourage du salon.<\/p>\n<div class=\"swp_social_panel swp_horizontal_panel swp_flat_fresh swp_default_full_color swp_individual_full_color swp_other_full_color scale-100 scale-\" data-min-width=\"1100\" data-float-color=\"#ffffff\" data-float=\"bottom\" data-float-mobile=\"bottom\" data-transition=\"slide\">\n<div class=\"nc_tweetContainer swp_share_button total_shares total_sharesalt\"><span class=\"swp_count\">252 <span class=\"swp_label\">Partages<\/span><\/span><\/div>\n<\/div>\n<p><strong>Que se passe-t-il en Tunisie?<\/strong><br \/>Nous expliquons sur notre <a href=\"https:\/\/www.youtube.com\/channel\/UCRzypVq0B_yBad5eGrwBx0Q?sub_confirmation=1\" target=\"_blank\" rel=\"noopener noreferrer\">cha\u00eene YouTube<\/a> . <a href=\"https:\/\/www.youtube.com\/channel\/UCRzypVq0B_yBad5eGrwBx0Q?sub_confirmation=1\" target=\"_blank\" rel=\"noopener noreferrer\">Abonnez-vous!<\/a><\/p>\n<div class=\"mvp-org-wrap mvp-org-logo\" itemprop=\"publisher\" itemscope=\"\" itemtype=\"https:\/\/schema.org\/Organization\"><img decoding=\"async\" src=\"https:\/\/www.tunisienumerique.com\/wp-content\/uploads\/2017\/02\/logo_tunisie_numerique.png\"\/><\/div>\n<div class=\"mvp-related-posts left relative\">\n<h4 class=\"post-header\"><span class=\"post-header\">Lire aussi<\/span><\/h4>\n<\/div>\n<\/div>\n<p>Auteur: LM<br \/>\n<a href=\"https:\/\/www.tunisienumerique.com\/tunisie-braquage-dans-un-salon-de-coiffure-a-el-menzah\/\">Cliquez ici pour lire l&rsquo;article depuis sa source.<\/a><\/p>\n","protected":false},"excerpt":{"rendered":"<p>Un individu a fait irruption, il y a quelques minutes dans un salon de coiffure sis \u00e0 El Menzah 9. Il s\u2019est attaqu\u00e9 aux clients, ainsi qu\u2019au personnel, avant de partir avec les objets et les t\u00e9l\u00e9phones portables qu\u2019il a subtilis\u00e9s aux personnes qui \u00e9taient dans le local. Alert\u00e9e, la police est en train d\u2019effectuer [&hellip;]<\/p>\n","protected":false},"author":1789,"featured_media":74256,"comment_status":"closed","ping_status":"closed","sticky":false,"template":"","format":"standard","meta":{"fifu_image_url":"","fifu_image_alt":"","footnotes":""},"categories":[73,55],"tags":[],"class_list":["post-74255","post","type-post","status-publish","format-standard","has-post-thumbnail","hentry","category-actualite","category-tunisie"],"_links":{"self":[{"href":"https:\/\/linitiative.ca\/International\/wp-json\/wp\/v2\/posts\/74255","targetHints":{"allow":["GET"]}}],"collection":[{"href":"https:\/\/linitiative.ca\/International\/wp-json\/wp\/v2\/posts"}],"about":[{"href":"https:\/\/linitiative.ca\/International\/wp-json\/wp\/v2\/types\/post"}],"author":[{"embeddable":true,"href":"https:\/\/linitiative.ca\/International\/wp-json\/wp\/v2\/users\/1789"}],"replies":[{"embeddable":true,"href":"https:\/\/linitiative.ca\/International\/wp-json\/wp\/v2\/comments?post=74255"}],"version-history":[{"count":0,"href":"https:\/\/linitiative.ca\/International\/wp-json\/wp\/v2\/posts\/74255\/revisions"}],"wp:featuredmedia":[{"embeddable":true,"href":"https:\/\/linitiative.ca\/International\/wp-json\/"}],"wp:attachment":[{"href":"https:\/\/linitiative.ca\/International\/wp-json\/wp\/v2\/media?parent=74255"}],"wp:term":[{"taxonomy":"category","embeddable":true,"href":"https:\/\/linitiative.ca\/International\/wp-json\/wp\/v2\/categories?post=74255"},{"taxonomy":"post_tag","embeddable":true,"href":"https:\/\/linitiative.ca\/International\/wp-json\/wp\/v2\/tags?post=74255"}],"curies":[{"name":"wp","href":"https:\/\/api.w.org\/{rel}","templated":true}]}}