{"id":74257,"date":"2020-01-26T15:47:08","date_gmt":"2020-01-26T20:47:08","guid":{"rendered":"https:\/\/linitiative.ca\/International\/kobe-bryant-legende-de-la-nba-est-mort-dans-un-accident-dhelicoptere\/"},"modified":"2020-01-26T15:47:08","modified_gmt":"2020-01-26T20:47:08","slug":"kobe-bryant-legende-de-la-nba-est-mort-dans-un-accident-dhelicoptere","status":"publish","type":"post","link":"https:\/\/linitiative.ca\/International\/kobe-bryant-legende-de-la-nba-est-mort-dans-un-accident-dhelicoptere\/","title":{"rendered":"Kobe Bryant, l\u00e9gende de la NBA, est mort dans un accident d\u2019h\u00e9licopt\u00e8re"},"content":{"rendered":"<div class=\"post-cont-in left relative\">\n<p>Kobe Bryant, quintuple champion NBA, troisi\u00e8me meilleur marqueur de l\u2019histoire de la ligue am\u00e9ricaine et retrait\u00e9 depuis 2016, est d\u00e9c\u00e9d\u00e9 dans un accident d\u2019h\u00e9licopt\u00e8re en Californie, au sud-ouest des Etats-Unis.<\/p>\n<div class=\"code-block code-block-1 c3\"><ins class=\"adsbygoogle c2\" data-ad-layout=\"in-article\" data-ad-format=\"fluid\" data-ad-client=\"ca-pub-2102118777505746\" data-ad-slot=\"7301775417\"\/> <\/div>\n<p data-original-fontsize=\"19px\" data-original-lineheight=\"30px\">L\u2019arri\u00e8re mythique des Lakers de Los Angeles, o\u00f9 il a \u00e9volu\u00e9 20 saisons, voyageait avec plusieurs personnes \u00e0 bord de son h\u00e9licopt\u00e8re priv\u00e9 quand un feu se serait d\u00e9clar\u00e9. Personne n\u2019aurait surv\u00e9cu \u00e0 bord. On ne sait pas si la compagne du joueur, Vanessa Bryant, ni ses quatre filles, font partie des victimes.<\/p>\n<div class=\"swp_social_panel swp_horizontal_panel swp_flat_fresh swp_default_full_color swp_individual_full_color swp_other_full_color scale-100 scale-\" data-min-width=\"1100\" data-float-color=\"#ffffff\" data-float=\"bottom\" data-float-mobile=\"bottom\" data-transition=\"slide\">\n<div class=\"nc_tweetContainer swp_share_button total_shares total_sharesalt\"><span class=\"swp_count\">4 <span class=\"swp_label\">Partages<\/span><\/span><\/div>\n<\/div>\n<p><strong>Que se passe-t-il en Tunisie?<\/strong><br \/>Nous expliquons sur notre <a href=\"https:\/\/www.youtube.com\/channel\/UCRzypVq0B_yBad5eGrwBx0Q?sub_confirmation=1\" target=\"_blank\" rel=\"noopener noreferrer\">cha\u00eene YouTube<\/a> . <a href=\"https:\/\/www.youtube.com\/channel\/UCRzypVq0B_yBad5eGrwBx0Q?sub_confirmation=1\" target=\"_blank\" rel=\"noopener noreferrer\">Abonnez-vous!<\/a><\/p>\n<div class=\"mvp-org-wrap mvp-org-logo\" itemprop=\"publisher\" itemscope=\"\" itemtype=\"https:\/\/schema.org\/Organization\"><img decoding=\"async\" src=\"https:\/\/www.tunisienumerique.com\/wp-content\/uploads\/2017\/02\/logo_tunisie_numerique.png\"\/><\/div>\n<div class=\"mvp-related-posts left relative\">\n<h4 class=\"post-header\"><span class=\"post-header\">Lire aussi<\/span><\/h4>\n<\/div>\n<\/div>\n<p>Auteur: LM<br \/>\n<a href=\"https:\/\/www.tunisienumerique.com\/kobe-bryant-legende-de-la-nba-est-mort-dans-un-accident-dhelicoptere\/\">Cliquez ici pour lire l&rsquo;article depuis sa source.<\/a><\/p>\n","protected":false},"excerpt":{"rendered":"<p>Kobe Bryant, quintuple champion NBA, troisi\u00e8me meilleur marqueur de l\u2019histoire de la ligue am\u00e9ricaine et retrait\u00e9 depuis 2016, est d\u00e9c\u00e9d\u00e9 dans un accident d\u2019h\u00e9licopt\u00e8re en Californie, au sud-ouest des Etats-Unis. L\u2019arri\u00e8re mythique des Lakers de Los Angeles, o\u00f9 il a \u00e9volu\u00e9 20 saisons, voyageait avec plusieurs personnes \u00e0 bord de son h\u00e9licopt\u00e8re priv\u00e9 quand un [&hellip;]<\/p>\n","protected":false},"author":1789,"featured_media":74258,"comment_status":"closed","ping_status":"closed","sticky":false,"template":"","format":"standard","meta":{"fifu_image_url":"","fifu_image_alt":"","footnotes":""},"categories":[73,55],"tags":[],"class_list":["post-74257","post","type-post","status-publish","format-standard","has-post-thumbnail","hentry","category-actualite","category-tunisie"],"_links":{"self":[{"href":"https:\/\/linitiative.ca\/International\/wp-json\/wp\/v2\/posts\/74257","targetHints":{"allow":["GET"]}}],"collection":[{"href":"https:\/\/linitiative.ca\/International\/wp-json\/wp\/v2\/posts"}],"about":[{"href":"https:\/\/linitiative.ca\/International\/wp-json\/wp\/v2\/types\/post"}],"author":[{"embeddable":true,"href":"https:\/\/linitiative.ca\/International\/wp-json\/wp\/v2\/users\/1789"}],"replies":[{"embeddable":true,"href":"https:\/\/linitiative.ca\/International\/wp-json\/wp\/v2\/comments?post=74257"}],"version-history":[{"count":0,"href":"https:\/\/linitiative.ca\/International\/wp-json\/wp\/v2\/posts\/74257\/revisions"}],"wp:featuredmedia":[{"embeddable":true,"href":"https:\/\/linitiative.ca\/International\/wp-json\/"}],"wp:attachment":[{"href":"https:\/\/linitiative.ca\/International\/wp-json\/wp\/v2\/media?parent=74257"}],"wp:term":[{"taxonomy":"category","embeddable":true,"href":"https:\/\/linitiative.ca\/International\/wp-json\/wp\/v2\/categories?post=74257"},{"taxonomy":"post_tag","embeddable":true,"href":"https:\/\/linitiative.ca\/International\/wp-json\/wp\/v2\/tags?post=74257"}],"curies":[{"name":"wp","href":"https:\/\/api.w.org\/{rel}","templated":true}]}}