{"id":74264,"date":"2020-01-26T15:31:19","date_gmt":"2020-01-26T20:31:19","guid":{"rendered":"https:\/\/linitiative.ca\/International\/designation-du-dauphin-du-president-burundaislapres-nkurunziza-se-precise\/"},"modified":"2020-01-26T15:31:19","modified_gmt":"2020-01-26T20:31:19","slug":"designation-du-dauphin-du-president-burundaislapres-nkurunziza-se-precise","status":"publish","type":"post","link":"https:\/\/linitiative.ca\/International\/designation-du-dauphin-du-president-burundaislapres-nkurunziza-se-precise\/","title":{"rendered":"DESIGNATION DU DAUPHIN DU PRESIDENT BURUNDAIS:L\u2019apr\u00e8s-Nkurunziza se pr\u00e9cise"},"content":{"rendered":"<div class=\"stream-item stream-item-above-post-content\">\n<p><noscript><\/p>\n<p><a href=\"\/\/www3.smartadserver.com\/ac?jump=1&#038;nwid=2136&#038;siteid=240610&#038;pgname=rg&#038;fmtid=49046&#038;visit=m&#038;tmstp=[timestamp]&#038;out=nonrich\" target=\"_blank\" rel=\"noopener noreferrer\"><img decoding=\"async\" src=\"\/\/www3.smartadserver.com\/ac?out=nonrich&#038;nwid=2136&#038;siteid=240610&#038;pgname=rg&#038;fmtid=49046&#038;visit=m&#038;tmstp=[timestamp]\" border=\"0\" alt=\"\"\/><\/a><\/p>\n<p><\/noscript><\/div>\n<p class=\"c3\">Le 8 juin 2018, alors que le Burundi venait d\u2019adopter une nouvelle Constitution par r\u00e9f\u00e9rendum, permettant \u00e0 Pierre Nkurunziza de briguer deux nouveaux mandats \u00a0de sept ans, ce dernier, \u00e0 la surprise g\u00e9n\u00e9rale, avait annonc\u00e9 qu\u2019il ne serait pas candidat \u00e0 sa succession en 2020. Depuis lors, le cap a \u00e9t\u00e9 maintenu. En effet, le \u00a021 janvier dernier, l\u2019Assembl\u00e9e nationale a adopt\u00e9 un projet de loi qui assure \u00e0 Pierre Nkurunziza une vie de pacha \u00e0 la fin de son mandat. Dans la foul\u00e9e, Pierre Nkurunziza a fait ses adieux \u00e0 ses partisans au cours de la cl\u00f4ture de trois jours de pri\u00e8res organis\u00e9es par le parti CNDD-FDD, le parti au pouvoir. Le 26 janvier dernier, l\u2019apr\u00e8s-Nkurunziza s\u2019est pr\u00e9cis\u00e9 par la d\u00e9signation de son dauphin. La personne qui a l\u2019honneur de jouer d\u00e9sormais ce r\u00f4le est l\u2019un des ap\u00f4tres les plus proches du pr\u00e9sident Nkurunziza. En effet, le g\u00e9n\u00e9ral Evariste Ndayishimiye, puisque c\u2019est de lui qu\u2019il s\u2019agit, fait partie du groupe de g\u00e9n\u00e9raux issus de l\u2019ex-principale r\u00e9bellion <em>hutu<\/em> au pouvoir depuis 2005.<\/p>\n<p class=\"c3\"><strong>Le g\u00e9n\u00e9ral Evariste aura toutes les chances de succ\u00e9der \u00e0 son mentor Nkurunziza<\/strong><\/p>\n<p class=\"c3\">A cela, il faut ajouter qu\u2019il occupait le poste de secr\u00e9taire g\u00e9n\u00e9ral du CNDD-FDD. Pierre Nkurunziza a donc jet\u00e9 son d\u00e9volu sur un homme qui lui doit tout. De ce point de vue, sa d\u00e9signation comme dauphin est loin d\u2019\u00eatre une surprise. L\u2019on peut d\u00e9j\u00e0 saluer Pierre Nkurunziza pour avoir tenu effectivement parole. Et de la part d\u2019un homme qui, nagu\u00e8re, se faisait passer pour un envoy\u00e9 de Dieu pour diriger le Burundi, le simple fait d\u2019accepter de passer le t\u00e9moin \u00e0 un autre Burundais, f\u00fbt-il de son \u00e9curie, est un acte qui peut lui valoir des sympathies.<\/p>\n<p class=\"c3\">Le 20 mai prochain donc, sauf tremblement de terre ou retournement de derni\u00e8re minute, le g\u00e9n\u00e9ral Evariste aura toutes les chances de succ\u00e9der \u00e0 son mentor Nkurunziza. En effet, depuis 2005, date de l\u2019av\u00e8nement de ce dernier au pouvoir, c\u2019est le CNDD-FDD qui r\u00e9gente le Burundi. En r\u00e9alit\u00e9, c\u2019est un parti qui a pratiquement le statut de parti-Etat et qui, de ce fait, avait r\u00e9ussi \u00e0 bouter hors du pays toutes les formations politiques qui osaient critiquer l\u2019Evangile selon Saint Pierre Nkurunziza. Et ce n\u2019est pas parce que ce dernier s\u2019en va que le pays va changer de fond en comble, comme par enchantement, au point de devenir un haut lieu de la d\u00e9mocratie. Car, il ne faut pas se faire beaucoup d\u2019illusions. Pierre Nkurunziza ne va jamais se choisir un dauphin qui va imm\u00e9diatement, une fois \u00e9lu, le tra\u00eener devant les tribunaux. Et quand on conna\u00eet l\u2019immensit\u00e9 et la gravit\u00e9 des d\u00e9rives dont il s\u2019est rendu coupable pendant son r\u00e8gne, l\u2019on peut comprendre pourquoi il veut un dauphin susceptible de lui assurer une retraite paisible et dor\u00e9e.<\/p>\n<p class=\"c3\">En effet, sous son mandat, Pierre Nkurunziza a s\u00e9vi contre le Burundi. Des violences y ont fait, d\u2019apr\u00e8s les estimations de la Cour p\u00e9nale internationale (CPI), au moins 1200 morts et plus de 400 000 r\u00e9fugi\u00e9s entre avril 2015 et mai 2017. Nkurunziza a donc int\u00e9r\u00eat \u00e0 s\u2019offrir un successeur qui ne se permettra pas un droit d\u2019inventaire sans complaisance.<\/p>\n<p class=\"c3\">D\u2019ailleurs, on peut se poser la question de savoir si le g\u00e9n\u00e9ral choisi par le dictateur, a lui-m\u00eame int\u00e9r\u00eat \u00e0 ouvrir les placards de son mentor puisqu\u2019il l\u2019a accompagn\u00e9 de mani\u00e8re active, \u00e0 transformer le Burundi en satrapie. Mais \u00a0\u00a0sait-on jamais\u00a0!<\/p>\n<p class=\"c3\"><strong>Le Burundi aussi est capable d\u2019une mue avec le g\u00e9n\u00e9ral\u00a0 Evariste<\/strong><\/p>\n<p class=\"c3\"><strong>L<\/strong>e g\u00e9n\u00e9ral Evariste peut surprendre agr\u00e9ablement. En tout cas, l\u2019on peut esp\u00e9rer qu\u2019il s\u2019illustre, dans l\u2019hypoth\u00e8se o\u00f9 il est \u00e9lu par le peuple burundais en mai prochain, dans une sorte de devoir d\u2019ingratitude envers son mentor de mani\u00e8re \u00e0 inscrire le Burundi post-Nkurunziza dans une logique de v\u00e9rit\u00e9, de justice et de r\u00e9conciliation. En tout cas, c\u2019est un passage obligatoire pour une refondation politique du Burundi, sur des bases assainies. Et pour r\u00e9unir les ingr\u00e9dients d\u2019un tel paradigme politique, il doit se donner les moyens de marcher sur les traces de l\u2019actuel Premier ministre \u00e9thiopien, Abiy Ahmed. Ce dernier, en effet, n\u2019a pas eu peur de rompre, de mani\u00e8re significative, avec les m\u00e9thodes exp\u00e9ditives et dictatoriales de ceux qui l\u2019ont hiss\u00e9 au sommet de l\u2019Ethiopie. R\u00e9sultat\u00a0: le pays, sous sa gouvernance, est en train de s\u2019am\u00e9nager une place dans le concert des nations civilis\u00e9es. Le Burundi aussi est capable d\u2019une telle mue avec le g\u00e9n\u00e9ral\u00a0 Evariste, m\u00eame s\u2019il faut reconna\u00eetre que ses \u00e9tats de service et son parcours politique n\u2019invitent pas \u00e0 l\u2019optimisme quant \u00e0 ses chances d\u2019incarner un changement de qualit\u00e9 pour le Burundi.<\/p>\n<p class=\"c3\">En attendant, le cas burundais peut inspirer l\u2019enseignement suivant\u00a0: les dictateurs co\u00fbtent cher \u00e0 leur pays quand ils sont au pouvoir. Quand ils n\u2019y sont plus, ils co\u00fbtent toujours\u00a0 cher. Apr\u00e8s Kabila en RDC, c\u2019est Pierre Nkurunziza qui se taille une retraite dor\u00e9e. Le paradoxe est que cela se passe dans un pays o\u00f9 le simple fait, pour le citoyen lambda, de se payer un m\u00e9dicament g\u00e9n\u00e9rique pour soigner des maux de t\u00eate, demeure un luxe.<\/p>\n<p class=\"c3\"><strong><em>\u00ab Le Pays \u00bba<\/em><\/strong><\/p>\n<p>Auteur: Le Pays<br \/>\n<a href=\"http:\/\/lepays.bf\/designation-du-dauphin-du-president-burundaislapres-nkurunziza-se-precise\/\">Cliquez ici pour lire l&rsquo;article depuis sa source.<\/a><\/p>\n","protected":false},"excerpt":{"rendered":"<p>Le 8 juin 2018, alors que le Burundi venait d\u2019adopter une nouvelle Constitution par r\u00e9f\u00e9rendum, permettant \u00e0 Pierre Nkurunziza de briguer deux nouveaux mandats \u00a0de sept ans, ce dernier, \u00e0 la surprise g\u00e9n\u00e9rale, avait annonc\u00e9 qu\u2019il ne serait pas candidat \u00e0 sa succession en 2020. Depuis lors, le cap a \u00e9t\u00e9 maintenu. En effet, le [&hellip;]<\/p>\n","protected":false},"author":1813,"featured_media":0,"comment_status":"closed","ping_status":"closed","sticky":false,"template":"","format":"standard","meta":{"fifu_image_url":"","fifu_image_alt":"","footnotes":""},"categories":[73,81],"tags":[],"class_list":["post-74264","post","type-post","status-publish","format-standard","hentry","category-actualite","category-burkina-faso"],"_links":{"self":[{"href":"https:\/\/linitiative.ca\/International\/wp-json\/wp\/v2\/posts\/74264","targetHints":{"allow":["GET"]}}],"collection":[{"href":"https:\/\/linitiative.ca\/International\/wp-json\/wp\/v2\/posts"}],"about":[{"href":"https:\/\/linitiative.ca\/International\/wp-json\/wp\/v2\/types\/post"}],"author":[{"embeddable":true,"href":"https:\/\/linitiative.ca\/International\/wp-json\/wp\/v2\/users\/1813"}],"replies":[{"embeddable":true,"href":"https:\/\/linitiative.ca\/International\/wp-json\/wp\/v2\/comments?post=74264"}],"version-history":[{"count":0,"href":"https:\/\/linitiative.ca\/International\/wp-json\/wp\/v2\/posts\/74264\/revisions"}],"wp:attachment":[{"href":"https:\/\/linitiative.ca\/International\/wp-json\/wp\/v2\/media?parent=74264"}],"wp:term":[{"taxonomy":"category","embeddable":true,"href":"https:\/\/linitiative.ca\/International\/wp-json\/wp\/v2\/categories?post=74264"},{"taxonomy":"post_tag","embeddable":true,"href":"https:\/\/linitiative.ca\/International\/wp-json\/wp\/v2\/tags?post=74264"}],"curies":[{"name":"wp","href":"https:\/\/api.w.org\/{rel}","templated":true}]}}