{"id":74265,"date":"2020-01-26T04:54:00","date_gmt":"2020-01-26T09:54:00","guid":{"rendered":"https:\/\/linitiative.ca\/International\/rapport-2018-de-la-cour-des-comptes-un-tres-faible-taux-de-recouvrement-de-la-tva\/"},"modified":"2020-01-26T04:54:00","modified_gmt":"2020-01-26T09:54:00","slug":"rapport-2018-de-la-cour-des-comptes-un-tres-faible-taux-de-recouvrement-de-la-tva","status":"publish","type":"post","link":"https:\/\/linitiative.ca\/International\/rapport-2018-de-la-cour-des-comptes-un-tres-faible-taux-de-recouvrement-de-la-tva\/","title":{"rendered":"Rapport 2018 de la Cour des comptes\u00a0: Un \u00ab\u00a0tr\u00e8s faible\u00a0\u00bb taux de recouvrement de la TVA"},"content":{"rendered":"<div class=\"td-post-featured-image\"><a href=\"https:\/\/i0.wp.com\/www.sidwaya.info\/wp-content\/uploads\/2020\/01\/taxe.jpg?fit=900%2C600&#038;ssl=1\" data-caption=\"?????????\"><img loading=\"lazy\" decoding=\"async\" width=\"696\" height=\"464\" class=\"entry-thumb td-modal-image\" src=\"https:\/\/i0.wp.com\/www.sidwaya.info\/wp-content\/uploads\/2020\/01\/taxe.jpg?resize=696%2C464&#038;ssl=1\" srcset=\"https:\/\/i0.wp.com\/www.sidwaya.info\/wp-content\/uploads\/2020\/01\/taxe.jpg?w=900&#038;ssl=1 900w, https:\/\/i0.wp.com\/www.sidwaya.info\/wp-content\/uploads\/2020\/01\/taxe.jpg?resize=300%2C200&#038;ssl=1 300w, https:\/\/i0.wp.com\/www.sidwaya.info\/wp-content\/uploads\/2020\/01\/taxe.jpg?resize=768%2C512&#038;ssl=1 768w, https:\/\/i0.wp.com\/www.sidwaya.info\/wp-content\/uploads\/2020\/01\/taxe.jpg?resize=696%2C464&#038;ssl=1 696w, https:\/\/i0.wp.com\/www.sidwaya.info\/wp-content\/uploads\/2020\/01\/taxe.jpg?resize=630%2C420&#038;ssl=1 630w\" sizes=\"auto, (max-width: 696px) 100vw, 696px\" alt=\"\" title=\"taxe\"\/><\/a>?????????<\/div>\n<p><strong>La Cour des comptes a pr\u00e9sent\u00e9 son rapport 2018 aux hommes et femmes de m\u00e9dias lors d\u2019un d\u00e9jeuner de presse, le 24 janvier 2020, \u00e0 Ouagadougou.<\/strong><\/p>\n<p>Les irr\u00e9gularit\u00e9s constat\u00e9es par la cour des comptes dans la gestion des finances publiques et contenues dans son rapport 2018 ont \u00e9t\u00e9 pr\u00e9sent\u00e9s aux journalistes lors d\u2019un d\u00e9jeuner de presse anim\u00e9 par le pr\u00e9sident de l\u2019institution, Jean Emile Somda, et ses proches collaborateurs, le 24 janvier 2020, \u00e0 Ouagadougou.<\/p>\n<div class=\"td-a-rec td-a-rec-id-content_inline tdi_30_872 td_block_template_1\"><a href=\"https:\/\/www.sidwaya.info\/wp-content\/uploads\/2019\/12\/Bandeau-sitebonneannee.jpg\"><img loading=\"lazy\" decoding=\"async\" class=\"aligncenter size-full wp-image-17812\" src=\"https:\/\/www.sidwaya.info\/wp-content\/uploads\/2019\/12\/Bandeau-sitebonneannee.jpg\" alt=\"\" width=\"720\" height=\"90\"\/><\/a><\/div>\n<p>Au titre du contr\u00f4le des op\u00e9rations de l\u2019Etat, ledit rapport rev\u00e8le une absence d\u2019information sur le financement du d\u00e9ficit budg\u00e9taire de 2016, un tr\u00e8s faible taux de recouvrement des restes \u00e0 recouvrer de certains imp\u00f4ts tels les BIC, la TVA int\u00e9rieure et l\u2019IRVM malgr\u00e9 leur caract\u00e8re certain, liquide et exigible, une baisse continue du recouvrement des recettes fiscales qui est pass\u00e9 de 65,40% en 2014\u00a0\u00e0 59,81 % en 2016. Il ressort \u00e9galement qu\u2019aucune d\u00e9pense n\u2019a \u00e9t\u00e9 effectu\u00e9e au titre des comptes d\u2019affectation sp\u00e9ciale destin\u00e9s aux cantines scolaires du secondaire, \u00e0 l\u2019op\u00e9ration lotissement des centres urbains et ruraux du Burkina et au Fonds de d\u00e9veloppement de la statistique, a fait savoir le pr\u00e9sident de la cour.<\/p>\n<p>Pour ce qui est du contr\u00f4le des op\u00e9rations des collectivit\u00e9s territoriales, le rapport a port\u00e9 sur la gestion des communes urbaine de R\u00e9o et de Dori. Et les anomalies constat\u00e9es sont, entre autres, des retards dans le traitement des salaires, des irr\u00e9gularit\u00e9s dans l\u2019ex\u00e9cution des march\u00e9s, l\u2019absence de codification des biens, la non formalisation des postes de travail et un cumul de t\u00e2ches, la mauvaise tenue des registres de d\u00e9lib\u00e9ration, la non mise en \u0153uvre des recommandations ant\u00e9rieures.<\/p>\n<p>Au niveau du contr\u00f4le des entreprises publiques, la Cour de contr\u00f4le s\u2019est int\u00e9ress\u00e9e \u00e0 la gestion du Projet emploi des jeunes et d\u00e9veloppement des comp\u00e9tences (PEJDC), exercices 2014-2016 et du programme de modernisation de l\u2019administration publique (PMAP), exercice 2017.<\/p>\n<p>Perception de doubles salaires par certains agents, paiement d\u2019indemnit\u00e9s indues, augmentation irr\u00e9guli\u00e8re de salaires des agents, non-respect des taux de prise en charge des frais de mission \u00e0 l\u2019ext\u00e9rieur, faible niveau de d\u00e9caissement et de consommation du financement, tenues r\u00e9guli\u00e8res des sessions du comit\u00e9 de pilotage, constituent, entre autres, des fautes de gestion relev\u00e9es par la cour.<\/p>\n<p>Les questions des journalistes \u00e9taient relatives \u00e0 l\u2019impact des rapports de la cour des comptes sur la gestion des finances publiques, aux crit\u00e8res de choix des structures contr\u00f4l\u00e9es, la fusion de la Cour des comptes et de l\u2019ASCE-LC, l\u2019absence de la liste des entreprises concern\u00e9es par les restes \u00e0 recouvrer, l\u2019op\u00e9ration casier vide annonc\u00e9 lors de la rentr\u00e9e judiciaire. Sur ce dernier point, Jean Emile Somda a indiqu\u00e9 l\u2019apurement de 285 comptes sera enclench\u00e9 bient\u00f4t.<\/p>\n<p>Avec un budget d\u2019environ 280 millions de FCFA, la Cour des comptes manque de ressources financi\u00e8res et humaines n\u00e9cessaires pour mener \u00e0 bien sa mission de contr\u00f4le de la gestion des finances publiques, a d\u00e9plor\u00e9 son pr\u00e9sident.<\/p>\n<p><strong>Mahamadi SEBOGO<\/strong><\/p>\n<p><strong><a href=\"mailto:windmad76@gmail.com\">windmad76@gmail.com<\/a><\/strong><\/p>\n<div class=\"td-a-rec td-a-rec-id-content_bottom tdi_31_32e td_block_template_1\"><img loading=\"lazy\" decoding=\"async\" class=\"aligncenter size-full wp-image-9623\" src=\"https:\/\/www.sidwaya.info\/wp-content\/uploads\/2019\/06\/Projet-bannie%CC%80re-Orange-mobile.jpg\" alt=\"\" width=\"728\" height=\"81\"\/><\/div>\n<p>Auteur: Wamini SIDWAYA<br \/>\n<a href=\"https:\/\/www.sidwaya.info\/blog\/2020\/01\/26\/rapport-2018-de-la-cour-des-comptes-un-tres-faible-taux-de-recouvrement-de-la-tva\/\">Cliquez ici pour lire l&rsquo;article depuis sa source.<\/a><\/p>\n","protected":false},"excerpt":{"rendered":"<p>????????? La Cour des comptes a pr\u00e9sent\u00e9 son rapport 2018 aux hommes et femmes de m\u00e9dias lors d\u2019un d\u00e9jeuner de presse, le 24 janvier 2020, \u00e0 Ouagadougou. Les irr\u00e9gularit\u00e9s constat\u00e9es par la cour des comptes dans la gestion des finances publiques et contenues dans son rapport 2018 ont \u00e9t\u00e9 pr\u00e9sent\u00e9s aux journalistes lors d\u2019un d\u00e9jeuner [&hellip;]<\/p>\n","protected":false},"author":1816,"featured_media":0,"comment_status":"closed","ping_status":"closed","sticky":false,"template":"","format":"standard","meta":{"fifu_image_url":"","fifu_image_alt":"","footnotes":""},"categories":[73,81],"tags":[],"class_list":["post-74265","post","type-post","status-publish","format-standard","hentry","category-actualite","category-burkina-faso"],"_links":{"self":[{"href":"https:\/\/linitiative.ca\/International\/wp-json\/wp\/v2\/posts\/74265","targetHints":{"allow":["GET"]}}],"collection":[{"href":"https:\/\/linitiative.ca\/International\/wp-json\/wp\/v2\/posts"}],"about":[{"href":"https:\/\/linitiative.ca\/International\/wp-json\/wp\/v2\/types\/post"}],"author":[{"embeddable":true,"href":"https:\/\/linitiative.ca\/International\/wp-json\/wp\/v2\/users\/1816"}],"replies":[{"embeddable":true,"href":"https:\/\/linitiative.ca\/International\/wp-json\/wp\/v2\/comments?post=74265"}],"version-history":[{"count":0,"href":"https:\/\/linitiative.ca\/International\/wp-json\/wp\/v2\/posts\/74265\/revisions"}],"wp:attachment":[{"href":"https:\/\/linitiative.ca\/International\/wp-json\/wp\/v2\/media?parent=74265"}],"wp:term":[{"taxonomy":"category","embeddable":true,"href":"https:\/\/linitiative.ca\/International\/wp-json\/wp\/v2\/categories?post=74265"},{"taxonomy":"post_tag","embeddable":true,"href":"https:\/\/linitiative.ca\/International\/wp-json\/wp\/v2\/tags?post=74265"}],"curies":[{"name":"wp","href":"https:\/\/api.w.org\/{rel}","templated":true}]}}