{"id":74266,"date":"2020-01-26T04:58:20","date_gmt":"2020-01-26T09:58:20","guid":{"rendered":"https:\/\/linitiative.ca\/International\/communique-de-presse-de-lupc-sur-lattaque-de-barsalogho\/"},"modified":"2020-01-26T04:58:20","modified_gmt":"2020-01-26T09:58:20","slug":"communique-de-presse-de-lupc-sur-lattaque-de-barsalogho","status":"publish","type":"post","link":"https:\/\/linitiative.ca\/International\/communique-de-presse-de-lupc-sur-lattaque-de-barsalogho\/","title":{"rendered":"Communiqu\u00e9 de presse de l\u2019UPC sur l\u2019attaque de Barsalogho"},"content":{"rendered":"<div class=\"td-post-featured-image\"><a href=\"https:\/\/i2.wp.com\/www.sidwaya.info\/wp-content\/uploads\/2020\/01\/arton91909.jpg?fit=480%2C339&#038;ssl=1\" data-caption=\"\"><img loading=\"lazy\" decoding=\"async\" width=\"480\" height=\"339\" class=\"entry-thumb td-modal-image\" src=\"https:\/\/i2.wp.com\/www.sidwaya.info\/wp-content\/uploads\/2020\/01\/arton91909.jpg?resize=480%2C339&#038;ssl=1\" srcset=\"https:\/\/i2.wp.com\/www.sidwaya.info\/wp-content\/uploads\/2020\/01\/arton91909.jpg?w=480&#038;ssl=1 480w, https:\/\/i2.wp.com\/www.sidwaya.info\/wp-content\/uploads\/2020\/01\/arton91909.jpg?resize=300%2C212&#038;ssl=1 300w, https:\/\/i2.wp.com\/www.sidwaya.info\/wp-content\/uploads\/2020\/01\/arton91909.jpg?resize=100%2C70&#038;ssl=1 100w\" sizes=\"auto, (max-width: 480px) 100vw, 480px\" alt=\"\" title=\"arton91909\"\/><\/a><\/div>\n<p>La Nation burkinab\u00e8 a \u00e9t\u00e9 une fois de plus endeuill\u00e9e. Nos ennemis ont assassin\u00e9 36 compatriotes dans la commune de Barsalogho, province du Sanmatenga, dans la soir\u00e9e du lundi 20 janvier 2020. C\u2019\u00e9tait lors de deux attaques ayant cibl\u00e9 des paysans des villages de Nagraogo \u00a0et de Alamou.<\/p>\n<p>En ces circonstances tr\u00e8s douloureuses, l\u2019UPC pr\u00e9sente ses vives condol\u00e9ances aux familles des victimes et \u00e0 l\u2019ensemble du peuple burkinab\u00e8.<\/p>\n<div class=\"td-a-rec td-a-rec-id-content_inline tdi_30_217 td_block_template_1\"><a href=\"https:\/\/www.sidwaya.info\/wp-content\/uploads\/2019\/12\/Bandeau-sitebonneannee.jpg\"><img loading=\"lazy\" decoding=\"async\" class=\"aligncenter size-full wp-image-17812\" src=\"https:\/\/www.sidwaya.info\/wp-content\/uploads\/2019\/12\/Bandeau-sitebonneannee.jpg\" alt=\"\" width=\"720\" height=\"90\"\/><\/a><\/div>\n<p>Suite \u00e0 cette attaque, le Pr\u00e9sident du Faso a d\u00e9cr\u00e9t\u00e9 un deuil national de 48 heures, et a publi\u00e9 un message assurant que \u00ab\u00a0nous sommes sur la bonne voie\u00a0\u00bb. Ce qui est inqui\u00e9tant, c\u2019est le fait que depuis son accession au pouvoir, le Chef de l\u2019Etat a d\u00e9cr\u00e9t\u00e9 384 heures de deuils nationaux\u00a0 pour des attaques terroristes de grande ampleur, sans que des d\u00e9cisions fortes, en termes de solutions concr\u00e8tes, ne soient prises \u00a0pour arr\u00eater l\u2019hydre terroriste.<\/p>\n<p>Depuis le d\u00e9but des attaques, l\u2019UPC a toujours fait bloc autour de nos vaillantes Forces de D\u00e9fense et de S\u00e9curit\u00e9 (FDS) qui incarnent l\u2019unit\u00e9 nationale. Notre parti, en plus de proposer ses id\u00e9es, \u00a0a toujours vot\u00e9 les lois visant le bien-\u00eatre de nos FDS et une d\u00e9fense plus efficace de la Patrie. C\u2019est dans cette logique que le 21 janvier dernier, nos d\u00e9put\u00e9s, avec les autres d\u00e9put\u00e9s de l\u2019Opposition, ont vot\u00e9 favorablement la Loi sur les volontaires de la D\u00e9fense.<\/p>\n<p>Mais qu\u2019il soit bien entendu que l\u2019unit\u00e9 nationale ne saurait \u00eatre le fait de se taire et de laisser le MPP enfoncer notre pays dans l\u2019ab\u00eeme et l\u2019incertitude.<\/p>\n<p>Pour nous, la bravoure et le professionnalisme de nos FDS \u00a0ne souffrent d\u2019aucun doute. Ce qui est en cause, c\u2019est le manque de comp\u00e9tence, de vision et de volont\u00e9 des gouvernants.<\/p>\n<p>L\u2019UPC invite \u00e0 nouveau ses militants et l\u2019ensemble des citoyens \u00e0 pr\u00eater main forte \u00e0 nos FDS partout et en tout temps, pour combattre les ennemis sans visage.<\/p>\n<p class=\"c1\"><strong>Ouagadougou, le 24 janvier 2020<\/strong><\/p>\n<p class=\"c1\"><strong>Pour le Bureau politique national de l\u2019UPC,<\/strong><\/p>\n<p class=\"c1\"><strong>Le Secr\u00e9taire g\u00e9n\u00e9ral national,<\/strong><\/p>\n<p class=\"c1\"><strong>Rabi YAMEOGO<\/strong><\/p>\n<div class=\"td-a-rec td-a-rec-id-content_bottom tdi_31_828 td_block_template_1\"><img loading=\"lazy\" decoding=\"async\" class=\"aligncenter size-full wp-image-9623\" src=\"https:\/\/www.sidwaya.info\/wp-content\/uploads\/2019\/06\/Projet-bannie%CC%80re-Orange-mobile.jpg\" alt=\"\" width=\"728\" height=\"81\"\/><\/div>\n<p>Auteur: Wamini SIDWAYA<br \/>\n<a href=\"https:\/\/www.sidwaya.info\/blog\/2020\/01\/26\/communique-de-presse-de-lupc-sur-lattaque-de-barsalogho\/\">Cliquez ici pour lire l&rsquo;article depuis sa source.<\/a><\/p>\n","protected":false},"excerpt":{"rendered":"<p>La Nation burkinab\u00e8 a \u00e9t\u00e9 une fois de plus endeuill\u00e9e. Nos ennemis ont assassin\u00e9 36 compatriotes dans la commune de Barsalogho, province du Sanmatenga, dans la soir\u00e9e du lundi 20 janvier 2020. C\u2019\u00e9tait lors de deux attaques ayant cibl\u00e9 des paysans des villages de Nagraogo \u00a0et de Alamou. En ces circonstances tr\u00e8s douloureuses, l\u2019UPC pr\u00e9sente [&hellip;]<\/p>\n","protected":false},"author":1816,"featured_media":0,"comment_status":"closed","ping_status":"closed","sticky":false,"template":"","format":"standard","meta":{"fifu_image_url":"","fifu_image_alt":"","footnotes":""},"categories":[73,81],"tags":[],"class_list":["post-74266","post","type-post","status-publish","format-standard","hentry","category-actualite","category-burkina-faso"],"_links":{"self":[{"href":"https:\/\/linitiative.ca\/International\/wp-json\/wp\/v2\/posts\/74266","targetHints":{"allow":["GET"]}}],"collection":[{"href":"https:\/\/linitiative.ca\/International\/wp-json\/wp\/v2\/posts"}],"about":[{"href":"https:\/\/linitiative.ca\/International\/wp-json\/wp\/v2\/types\/post"}],"author":[{"embeddable":true,"href":"https:\/\/linitiative.ca\/International\/wp-json\/wp\/v2\/users\/1816"}],"replies":[{"embeddable":true,"href":"https:\/\/linitiative.ca\/International\/wp-json\/wp\/v2\/comments?post=74266"}],"version-history":[{"count":0,"href":"https:\/\/linitiative.ca\/International\/wp-json\/wp\/v2\/posts\/74266\/revisions"}],"wp:attachment":[{"href":"https:\/\/linitiative.ca\/International\/wp-json\/wp\/v2\/media?parent=74266"}],"wp:term":[{"taxonomy":"category","embeddable":true,"href":"https:\/\/linitiative.ca\/International\/wp-json\/wp\/v2\/categories?post=74266"},{"taxonomy":"post_tag","embeddable":true,"href":"https:\/\/linitiative.ca\/International\/wp-json\/wp\/v2\/tags?post=74266"}],"curies":[{"name":"wp","href":"https:\/\/api.w.org\/{rel}","templated":true}]}}