{"id":74267,"date":"2020-01-26T12:40:33","date_gmt":"2020-01-26T17:40:33","guid":{"rendered":"https:\/\/linitiative.ca\/International\/gnagna-est-un-policier-mortellement-fauche-a-manni\/"},"modified":"2020-01-26T12:40:33","modified_gmt":"2020-01-26T17:40:33","slug":"gnagna-est-un-policier-mortellement-fauche-a-manni","status":"publish","type":"post","link":"https:\/\/linitiative.ca\/International\/gnagna-est-un-policier-mortellement-fauche-a-manni\/","title":{"rendered":"Gnagna (Est)\u00a0: Un policier mortellement fauch\u00e9 \u00e0 Manni"},"content":{"rendered":"<p>Ce samedi 25 janvier 2020, dans la soir\u00e9e, un policier, de garde \u00e0 la caisse populaire de Manni, a \u00e9t\u00e9 abattu, \u00e0 bout portant, par deux individus sur une moto de petite cylindr\u00e9e, a-t-on appris de sources locales. A en croire ces m\u00eames sources, l\u2019infortun\u00e9 ayant suspect\u00e9 les deux hommes qui s\u2019\u00e9taient gar\u00e9s aux abords de la voie, non loin de la caisse, est all\u00e9 vers eux pour en savoir davantage. Sans m\u00eame pouvoir placer un mot, le flic aurait \u00e9t\u00e9 accueilli par des coups de feu. Gri\u00e8vement touch\u00e9, il aurait \u00e9t\u00e9 transport\u00e9 \u00e0 l\u2019h\u00f4pital avant de succomber, malheureusement, \u00e0 ses blessures. Nos informateurs ont indiqu\u00e9 qu\u2019apr\u00e8s leur forfait, ses bourreaux se sont fondus dans la population.<\/p>\n<p>J.S<\/p>\n<div class=\"td-a-rec td-a-rec-id-content_inline tdi_30_56b td_block_template_1\"><a href=\"https:\/\/www.sidwaya.info\/wp-content\/uploads\/2019\/12\/Bandeau-sitebonneannee.jpg\"><img loading=\"lazy\" decoding=\"async\" class=\"aligncenter size-full wp-image-17812\" src=\"https:\/\/www.sidwaya.info\/wp-content\/uploads\/2019\/12\/Bandeau-sitebonneannee.jpg\" alt=\"\" width=\"720\" height=\"90\"\/><\/a><\/div>\n<div class=\"td-a-rec td-a-rec-id-content_bottom tdi_31_3e3 td_block_template_1\"><img loading=\"lazy\" decoding=\"async\" class=\"aligncenter size-full wp-image-9623\" src=\"https:\/\/www.sidwaya.info\/wp-content\/uploads\/2019\/06\/Projet-bannie%CC%80re-Orange-mobile.jpg\" alt=\"\" width=\"728\" height=\"81\"\/><\/div>\n<p>Auteur: BS. Sidwaya<br \/>\n<a href=\"https:\/\/www.sidwaya.info\/blog\/2020\/01\/26\/gnagna-est-un-policier-mortellement-fauche-a-manni\/\">Cliquez ici pour lire l&rsquo;article depuis sa source.<\/a><\/p>\n","protected":false},"excerpt":{"rendered":"<p>Ce samedi 25 janvier 2020, dans la soir\u00e9e, un policier, de garde \u00e0 la caisse populaire de Manni, a \u00e9t\u00e9 abattu, \u00e0 bout portant, par deux individus sur une moto de petite cylindr\u00e9e, a-t-on appris de sources locales. A en croire ces m\u00eames sources, l\u2019infortun\u00e9 ayant suspect\u00e9 les deux hommes qui s\u2019\u00e9taient gar\u00e9s aux abords [&hellip;]<\/p>\n","protected":false},"author":1816,"featured_media":74268,"comment_status":"closed","ping_status":"closed","sticky":false,"template":"","format":"standard","meta":{"fifu_image_url":"","fifu_image_alt":"","footnotes":""},"categories":[73,81],"tags":[],"class_list":["post-74267","post","type-post","status-publish","format-standard","has-post-thumbnail","hentry","category-actualite","category-burkina-faso"],"_links":{"self":[{"href":"https:\/\/linitiative.ca\/International\/wp-json\/wp\/v2\/posts\/74267","targetHints":{"allow":["GET"]}}],"collection":[{"href":"https:\/\/linitiative.ca\/International\/wp-json\/wp\/v2\/posts"}],"about":[{"href":"https:\/\/linitiative.ca\/International\/wp-json\/wp\/v2\/types\/post"}],"author":[{"embeddable":true,"href":"https:\/\/linitiative.ca\/International\/wp-json\/wp\/v2\/users\/1816"}],"replies":[{"embeddable":true,"href":"https:\/\/linitiative.ca\/International\/wp-json\/wp\/v2\/comments?post=74267"}],"version-history":[{"count":0,"href":"https:\/\/linitiative.ca\/International\/wp-json\/wp\/v2\/posts\/74267\/revisions"}],"wp:featuredmedia":[{"embeddable":true,"href":"https:\/\/linitiative.ca\/International\/wp-json\/"}],"wp:attachment":[{"href":"https:\/\/linitiative.ca\/International\/wp-json\/wp\/v2\/media?parent=74267"}],"wp:term":[{"taxonomy":"category","embeddable":true,"href":"https:\/\/linitiative.ca\/International\/wp-json\/wp\/v2\/categories?post=74267"},{"taxonomy":"post_tag","embeddable":true,"href":"https:\/\/linitiative.ca\/International\/wp-json\/wp\/v2\/tags?post=74267"}],"curies":[{"name":"wp","href":"https:\/\/api.w.org\/{rel}","templated":true}]}}