{"id":74269,"date":"2020-01-26T12:47:36","date_gmt":"2020-01-26T17:47:36","guid":{"rendered":"https:\/\/linitiative.ca\/International\/region-du-nord-33-terroristes-abattus-dans-la-nuit-du-24-au-25-janvier-2020\/"},"modified":"2020-01-26T12:47:36","modified_gmt":"2020-01-26T17:47:36","slug":"region-du-nord-33-terroristes-abattus-dans-la-nuit-du-24-au-25-janvier-2020","status":"publish","type":"post","link":"https:\/\/linitiative.ca\/International\/region-du-nord-33-terroristes-abattus-dans-la-nuit-du-24-au-25-janvier-2020\/","title":{"rendered":"R\u00e9gion du nord: 33 terroristes abattus dans la nuit du 24 au 25 janvier 2020"},"content":{"rendered":"<p>Selon des sources proches de la s\u00e9curit\u00e9, dans la nuit du 24 au 25 janvier 2020 vers 21h30 des forces de s\u00e9curit\u00e9 et de d\u00e9fense ont op\u00e9r\u00e9 \u00a0des frappes a\u00e9riennes dans la zone de Tiawbal et environnants dans la province du Yatenga. Bilan : 33 terroristes tu\u00e9s et plus de 20 motocyclettes d\u00e9truites.<\/p>\n<div class=\"td-a-rec td-a-rec-id-content_bottom tdi_30_e52 td_block_template_1\"><img loading=\"lazy\" decoding=\"async\" class=\"aligncenter size-full wp-image-9623\" src=\"https:\/\/www.sidwaya.info\/wp-content\/uploads\/2019\/06\/Projet-bannie%CC%80re-Orange-mobile.jpg\" alt=\"\" width=\"728\" height=\"81\"\/><\/div>\n<p>Auteur: BS. Sidwaya<br \/>\n<a href=\"https:\/\/www.sidwaya.info\/blog\/2020\/01\/26\/region-du-nord-33-terroristes-abattus-dans-la-nuit-du-24-au-25-janvier-2020\/\">Cliquez ici pour lire l&rsquo;article depuis sa source.<\/a><\/p>\n","protected":false},"excerpt":{"rendered":"<p>Selon des sources proches de la s\u00e9curit\u00e9, dans la nuit du 24 au 25 janvier 2020 vers 21h30 des forces de s\u00e9curit\u00e9 et de d\u00e9fense ont op\u00e9r\u00e9 \u00a0des frappes a\u00e9riennes dans la zone de Tiawbal et environnants dans la province du Yatenga. Bilan : 33 terroristes tu\u00e9s et plus de 20 motocyclettes d\u00e9truites. Auteur: BS. [&hellip;]<\/p>\n","protected":false},"author":1816,"featured_media":74270,"comment_status":"closed","ping_status":"closed","sticky":false,"template":"","format":"standard","meta":{"fifu_image_url":"","fifu_image_alt":"","footnotes":""},"categories":[73,81],"tags":[],"class_list":["post-74269","post","type-post","status-publish","format-standard","has-post-thumbnail","hentry","category-actualite","category-burkina-faso"],"_links":{"self":[{"href":"https:\/\/linitiative.ca\/International\/wp-json\/wp\/v2\/posts\/74269","targetHints":{"allow":["GET"]}}],"collection":[{"href":"https:\/\/linitiative.ca\/International\/wp-json\/wp\/v2\/posts"}],"about":[{"href":"https:\/\/linitiative.ca\/International\/wp-json\/wp\/v2\/types\/post"}],"author":[{"embeddable":true,"href":"https:\/\/linitiative.ca\/International\/wp-json\/wp\/v2\/users\/1816"}],"replies":[{"embeddable":true,"href":"https:\/\/linitiative.ca\/International\/wp-json\/wp\/v2\/comments?post=74269"}],"version-history":[{"count":0,"href":"https:\/\/linitiative.ca\/International\/wp-json\/wp\/v2\/posts\/74269\/revisions"}],"wp:featuredmedia":[{"embeddable":true,"href":"https:\/\/linitiative.ca\/International\/wp-json\/"}],"wp:attachment":[{"href":"https:\/\/linitiative.ca\/International\/wp-json\/wp\/v2\/media?parent=74269"}],"wp:term":[{"taxonomy":"category","embeddable":true,"href":"https:\/\/linitiative.ca\/International\/wp-json\/wp\/v2\/categories?post=74269"},{"taxonomy":"post_tag","embeddable":true,"href":"https:\/\/linitiative.ca\/International\/wp-json\/wp\/v2\/tags?post=74269"}],"curies":[{"name":"wp","href":"https:\/\/api.w.org\/{rel}","templated":true}]}}