{"id":74271,"date":"2020-01-26T12:50:07","date_gmt":"2020-01-26T17:50:07","guid":{"rendered":"https:\/\/linitiative.ca\/International\/irak-des-milliers-detudiants-defient-le-pouvoir\/"},"modified":"2020-01-26T12:50:07","modified_gmt":"2020-01-26T17:50:07","slug":"irak-des-milliers-detudiants-defient-le-pouvoir","status":"publish","type":"post","link":"https:\/\/linitiative.ca\/International\/irak-des-milliers-detudiants-defient-le-pouvoir\/","title":{"rendered":"Irak: des milliers d\u2019\u00e9tudiants d\u00e9fient le pouvoir"},"content":{"rendered":"<p>Des milliers d\u2019\u00e9tudiants irakiens ont afflu\u00e9 dimanche vers les sites n\u00e9vralgiques de la contestation, faisant le V de la victoire et d\u00e9fiant les forces de s\u00e9curit\u00e9 qui ont ouvert le feu \u00e0 balles r\u00e9elles, faisant un mort.<\/p>\n<p>D\u00e9termin\u00e9s, agitant le drapeau irakien, les manifestants qui r\u00e9clament depuis le 1er octobre des r\u00e9formes politiques profondes ont \u00e0 nouveau envahi des rues et des places de Bagdad et de plusieurs villes du sud du pays, d\u2019o\u00f9 ils avaient \u00e9t\u00e9 d\u00e9log\u00e9s la veille.<\/p>\n<p>\u00ab\u00a0Seulement pour toi, Irak!\u00a0\u00bb, avait inscrit l\u2019un d\u2019eux sur une pancarte dans la ville sainte de Kerbala, dans le sud, en r\u00e9f\u00e9rence au refus du mouvement de toute r\u00e9cup\u00e9ration par les partis politiques ou puissances \u00e9trang\u00e8res.<\/p>\n<p>A Nassiriya, une autre ville du sud de l\u2019Irak, les forces de s\u00e9curit\u00e9 ont tir\u00e9 \u00e0 balles r\u00e9elles pour disperser les manifestants, rassembl\u00e9s en grand nombre apr\u00e8s avoir \u00e9t\u00e9 chass\u00e9s par la police des grandes art\u00e8res menant au site principal de la protestation, place Habboubi.<\/p>\n<p>Un manifestant est mort apr\u00e8s avoir \u00e9t\u00e9 bless\u00e9 par balles et des dizaines d\u2019autres ont \u00e9t\u00e9 bless\u00e9s, selon une source m\u00e9dicale.<\/p>\n<p>Redoutant que leur mouvement soit \u00e9cras\u00e9 apr\u00e8s le retrait vendredi du soutien du leader chiite Moqtada Sadr, suivi d\u2019une intervention des forces de s\u00e9curit\u00e9 pour les d\u00e9loger, les manifestants ont r\u00e9investi depuis samedi soir les principales places de la contestation.<\/p>\n<p>Samedi, quatre manifestants ont \u00e9t\u00e9 tu\u00e9s \u00e0 Bagdad et dans le sud, selon un bilan actualis\u00e9.<\/p>\n<p>A Bagdad, les forces de s\u00e9curit\u00e9 ont \u00e9galement tir\u00e9 dimanche \u00e0 balles r\u00e9elles pour disperser de petits rassemblements sur les places Khallani et Wathba, \u00e0 proximit\u00e9 de la place Tahrir, \u00e9picentre de la contestation, selon une source polici\u00e8re. Au moins 17 manifestants ont \u00e9t\u00e9 bless\u00e9s, dont six par balles, selon cette m\u00eame source.<\/p>\n<p>Les manifestants ont lanc\u00e9 des pierres ou des cocktails Molotov sur la police anti-\u00e9meutes.<\/p>\n<p>\u2013 \u00ab\u00a0Indigne\u00a0\u00bb \u2013<\/p>\n<p>A Bassora, \u00e0 l\u2019extr\u00eame sud du pays, des centaines d\u2019\u00e9tudiants ont protest\u00e9 contre le d\u00e9mant\u00e8lement de leur campement par les forces anti-\u00e9meutes la veille, selon un correspondant de l\u2019AFP.<\/p>\n<p>A Kout, des \u00e9tudiants ont mont\u00e9 de nouvelles tentes pour remplacer celles d\u00e9mantel\u00e9es la veille. Dans la ville sainte de Najaf, des \u00e9tudiants ont bloqu\u00e9 plusieurs routes, dont celle menant \u00e0 l\u2019a\u00e9roport.<\/p>\n<p>Depuis le 1er octobre, le mouvement in\u00e9dit car spontan\u00e9, domin\u00e9 par la jeunesse, a \u00e9t\u00e9 \u00e9maill\u00e9 de violences qui ont fait au moins 470 morts, en grande majorit\u00e9 des manifestants, selon des sources m\u00e9dicales et polici\u00e8res.<\/p>\n<p>Apr\u00e8s avoir d\u00e9nonc\u00e9 dans un premier temps le manque d\u2019emplois et de services et la corruption end\u00e9mique, la contestation r\u00e9clame d\u00e9sormais des \u00e9lections anticip\u00e9es et un Premier ministre ind\u00e9pendant.<\/p>\n<p>En d\u00e9cembre, le Parlement a approuv\u00e9 une nouvelle loi \u00e9lectorale et, sous la pression de la rue, le Premier ministre Adel Abdel Mahdi a d\u00e9missionn\u00e9.<\/p>\n<p>Mais il continue de g\u00e9rer les affaires courantes, les partis politiques ne parvenant pas \u00e0 s\u2019entendre sur un successeur.<\/p>\n<p>Cette impasse politique a \u00e9t\u00e9 d\u00e9nonc\u00e9e samedi par la repr\u00e9sentante de l\u2019ONU en Irak, Jeanine Hennis-Plasschaert, qui a d\u00e9clar\u00e9 que \u00ab\u00a0l\u2019ind\u00e9cision\u00a0\u00bb actuelle \u00e9tait \u00ab\u00a0indigne des espoirs des Irakiens exprim\u00e9s courageusement depuis quatre mois\u00a0\u00bb.<\/p>\n<p>\u00ab\u00a0Tandis que le bilan des morts et des bless\u00e9s ne cesse d\u2019augmenter\u00a0\u00bb, les initiatives prises jusqu\u2019\u00e0 pr\u00e9sents \u00ab\u00a0resteront des coquilles vides si elles ne sont pas men\u00e9es \u00e0 leur terme\u00a0\u00bb.<\/p>\n<p>\u2013 Volte-face de Sadr \u2013<\/p>\n<p>Depuis vendredi, les manifestants redoutent que le retrait par Moqtada Sadr de son soutien au mouvement laisse le champ libre au pouvoir pour le r\u00e9primer.<\/p>\n<p>L\u2019influent leader chiite s\u2019est un temps pos\u00e9 en h\u00e9raut de la contestation, qui avait nou\u00e9 une alliance avec le bras arm\u00e9 de son mouvement, les brigades de la Paix.<\/p>\n<p>Mais dans une volte-face, Sadr a annonc\u00e9 vendredi soir qu\u2019il ne s\u2019impliquerait plus dans le mouvement, apr\u00e8s un rassemblement \u00e0 Bagdad de milliers de ses partisans r\u00e9clamant le d\u00e9part des 5.200 soldats am\u00e9ricains stationn\u00e9es en Irak.<\/p>\n<p>Aussit\u00f4t, ses partisans, qui soutenaient jusqu\u2019alors la contestation et \u00e9taient consid\u00e9r\u00e9s comme les mieux organis\u00e9s, ont d\u00e9mont\u00e9 leurs tentes install\u00e9es depuis octobre \u00e0 Bagdad et dans le sud.<\/p>\n<p>Selon les analystes, Sadr cherche \u00e0 maintenir sa cr\u00e9dibilit\u00e9 dans la rue, tout en s\u2019attirant les faveurs du puissant voisin iranien, puissance agissante en Irak qui devrait jouer un r\u00f4le important dans le choix du successeur de M. Abdel Mahdi.<\/p>\n<p>Les n\u00e9gociations sont actuellement au point mort, en l\u2019absence de deux acteurs cl\u00e9s, le g\u00e9n\u00e9ral iranien Qassem Soleimani et son lieutenant irakien, Abou Mehdi al-Mouhandis, tous deux tu\u00e9s dans une frappe de drone am\u00e9ricaine \u00e0 Bagdad le 3 janvier.<\/p>\n<p>Auteur: AFP<br \/>\n<a href=\"https:\/\/www.journalducameroun.com\/irak-des-milliers-detudiants-defient-le-pouvoir\/\">Cliquez ici pour lire l&rsquo;article depuis sa source.<\/a><\/p>\n","protected":false},"excerpt":{"rendered":"<p>Des milliers d\u2019\u00e9tudiants irakiens ont afflu\u00e9 dimanche vers les sites n\u00e9vralgiques de la contestation, faisant le V de la victoire et d\u00e9fiant les forces de s\u00e9curit\u00e9 qui ont ouvert le feu \u00e0 balles r\u00e9elles, faisant un mort. D\u00e9termin\u00e9s, agitant le drapeau irakien, les manifestants qui r\u00e9clament depuis le 1er octobre des r\u00e9formes politiques profondes ont [&hellip;]<\/p>\n","protected":false},"author":1965,"featured_media":0,"comment_status":"closed","ping_status":"closed","sticky":false,"template":"","format":"standard","meta":{"fifu_image_url":"","fifu_image_alt":"","footnotes":""},"categories":[73,82],"tags":[],"class_list":["post-74271","post","type-post","status-publish","format-standard","hentry","category-actualite","category-cameroun"],"_links":{"self":[{"href":"https:\/\/linitiative.ca\/International\/wp-json\/wp\/v2\/posts\/74271","targetHints":{"allow":["GET"]}}],"collection":[{"href":"https:\/\/linitiative.ca\/International\/wp-json\/wp\/v2\/posts"}],"about":[{"href":"https:\/\/linitiative.ca\/International\/wp-json\/wp\/v2\/types\/post"}],"author":[{"embeddable":true,"href":"https:\/\/linitiative.ca\/International\/wp-json\/wp\/v2\/users\/1965"}],"replies":[{"embeddable":true,"href":"https:\/\/linitiative.ca\/International\/wp-json\/wp\/v2\/comments?post=74271"}],"version-history":[{"count":0,"href":"https:\/\/linitiative.ca\/International\/wp-json\/wp\/v2\/posts\/74271\/revisions"}],"wp:attachment":[{"href":"https:\/\/linitiative.ca\/International\/wp-json\/wp\/v2\/media?parent=74271"}],"wp:term":[{"taxonomy":"category","embeddable":true,"href":"https:\/\/linitiative.ca\/International\/wp-json\/wp\/v2\/categories?post=74271"},{"taxonomy":"post_tag","embeddable":true,"href":"https:\/\/linitiative.ca\/International\/wp-json\/wp\/v2\/tags?post=74271"}],"curies":[{"name":"wp","href":"https:\/\/api.w.org\/{rel}","templated":true}]}}