{"id":74273,"date":"2020-01-26T13:18:03","date_gmt":"2020-01-26T18:18:03","guid":{"rendered":"https:\/\/linitiative.ca\/International\/leglise-catholique-craint-des-infiltrations-et-delocalise-sa-marche-a-la-cathedrale-dabidjan\/"},"modified":"2020-01-26T13:18:03","modified_gmt":"2020-01-26T18:18:03","slug":"leglise-catholique-craint-des-infiltrations-et-delocalise-sa-marche-a-la-cathedrale-dabidjan","status":"publish","type":"post","link":"https:\/\/linitiative.ca\/International\/leglise-catholique-craint-des-infiltrations-et-delocalise-sa-marche-a-la-cathedrale-dabidjan\/","title":{"rendered":"L\u2019\u00e9glise catholique craint des \u00ab infiltrations\u00bb et d\u00e9localise sa marche \u00e0 la cath\u00e9drale d\u2019Abidjan"},"content":{"rendered":"<div readability=\"32\">\n<p>Publi\u00e9 le 26.01.2020 \u00e0 19h18 par APA News<\/p>\n<\/div>\n<div readability=\"75\">\n<p>L\u2019\u00e9glise catholique ivoirienne a chang\u00e9 l\u2019itin\u00e9raire de sa \u00ab marche priante\u00bb pour la paix en C\u00f4te d\u2019Ivoire pr\u00e9vue le 15 f\u00e9vrier prochain dans la capitale \u00e9conomique ivoirienne en la maintenant \u00abexclusivement \u00bb dans l\u2019enceinte de la cath\u00e9drale Saint-Paul d\u2019Abidjan craignant des \u00ab dangers d\u2019infiltration \u00bb, a annonc\u00e9 dimanche dans une conf\u00e9rence de presse, le P\u00e8re Augustin Obrou, le charg\u00e9 de communication de l\u2019archev\u00eaque d\u2019Abidjan.\u00a0\u00ab Son Eminence Jean-Pierre Cardinal Kutwa, conscient de la primaut\u00e9 de Dieu et de la n\u00e9cessit\u00e9 de la paix pour la r\u00e9conciliation maintient cette pri\u00e8re rogatoire en faveur de la paix en C\u00f4te d\u2019Ivoire qui se tiendra le samedi 15 f\u00e9vrier 2020. Cependant face aux dangers d\u2019infiltration et soucieux de la s\u00e9curit\u00e9 de ses fid\u00e8les, Son Eminence demande que cette journ\u00e9e de pri\u00e8re se tienne exclusivement au sein de la cath\u00e9drale Saint-Paul du Plateau\u00bb, a dit le P\u00e8re Obrou \u00e0 la presse.<\/p>\n<p>Auparavant le porte-voix de l\u2019archev\u00eaque d\u2019Abidjan a \u00a0expliqu\u00e9 les circonstances qui ont amen\u00e9 le clerg\u00e9 \u00e0 d\u00e9cider d\u2019organiser une marche pour la paix en C\u00f4te d\u2019Ivoire. \u00ab C\u2019est une activit\u00e9 programm\u00e9e depuis le mois d\u2019octobre et qui n\u2019est pas cons\u00e9cutive au message des archev\u00eaques et \u00e9v\u00eaques d\u00e9livr\u00e9 \u00e0 Korhogo le 19 janvier 2020 m\u00eame si leurs objectifs concernent tous la paix par la r\u00e9conciliation \u00bb, a justifi\u00e9 le P\u00e8re Obrou.<\/p>\n<p>Selon lui, l\u2019objectif majeur de ce rassemblement \u00a0initi\u00e9 par l\u2019aum\u00f4nerie de la pastorale des jeunes, est de r\u00e9affirmer l\u2019importance de vivre dans un environnement stable, pr\u00f4ner la paix entre les jeunes et montrer la n\u00e9cessit\u00e9 de vivre dans la fraternit\u00e9 et la coh\u00e9sion.<\/p>\n<p>\u00a0\u00ab Malheureusement, la mise en \u0153uvre de ce projet souffre d\u2019interpr\u00e9tations ambivalentes, contradictoires et ambigu\u00ebs. Cela risque si l\u2019on n\u2019y prend garde de d\u00e9naturer l\u2019intention et l\u2019objectif strictement spirituels de cette initiative louable\u00bb, a d\u00e9nonc\u00e9 le P\u00e8re Obrou, soulignant que \u00ab l\u2019\u00e9glise ne saurait \u00eatre la caisse de r\u00e9sonance de quelque association ou groupe que ce soit\u00bb.<\/p>\n<p>Poursuivant, il a insist\u00e9 que face \u00e0 ces interpr\u00e9tations \u00ab fallacieuses et de ses adh\u00e9sions r\u00e9cup\u00e9ratrices \u00bb, l\u2019\u00e9glise veut \u00ab demeurer vigilante et aller \u00e0 l\u2019essentiel de son action\u00bb \u00a0qui est d\u2019aider la C\u00f4te d\u2019Ivoire \u00e0 \u0153uvrer pour la non-violence et la paix.<\/p>\n<p>Cette marche d\u00e9nomm\u00e9e \u00ab Allons \u00e0 la paix\u00bb pr\u00e9vue le 15 f\u00e9vrier prochain, devrait initialement avant cette d\u00e9localisation, d\u00e9buter \u00e0 la \u00ab Place de la R\u00e9publique \u00bb et prendre fin \u00e0 la cath\u00e9drale Saint-Paul du Plateau.<\/p>\n<\/div>\n<p>Auteur: APA News<br \/>\n<a href=\"https:\/\/www.journalducameroun.com\/leglise-catholique-craint-des-infiltrations-et-delocalise-sa-marche-a-la-cathedrale-dabidjan\/\">Cliquez ici pour lire l&rsquo;article depuis sa source.<\/a><\/p>\n","protected":false},"excerpt":{"rendered":"<p>Publi\u00e9 le 26.01.2020 \u00e0 19h18 par APA News L\u2019\u00e9glise catholique ivoirienne a chang\u00e9 l\u2019itin\u00e9raire de sa \u00ab marche priante\u00bb pour la paix en C\u00f4te d\u2019Ivoire pr\u00e9vue le 15 f\u00e9vrier prochain dans la capitale \u00e9conomique ivoirienne en la maintenant \u00abexclusivement \u00bb dans l\u2019enceinte de la cath\u00e9drale Saint-Paul d\u2019Abidjan craignant des \u00ab dangers d\u2019infiltration \u00bb, a annonc\u00e9 [&hellip;]<\/p>\n","protected":false},"author":1965,"featured_media":0,"comment_status":"closed","ping_status":"closed","sticky":false,"template":"","format":"standard","meta":{"fifu_image_url":"","fifu_image_alt":"","footnotes":""},"categories":[73,82],"tags":[],"class_list":["post-74273","post","type-post","status-publish","format-standard","hentry","category-actualite","category-cameroun"],"_links":{"self":[{"href":"https:\/\/linitiative.ca\/International\/wp-json\/wp\/v2\/posts\/74273","targetHints":{"allow":["GET"]}}],"collection":[{"href":"https:\/\/linitiative.ca\/International\/wp-json\/wp\/v2\/posts"}],"about":[{"href":"https:\/\/linitiative.ca\/International\/wp-json\/wp\/v2\/types\/post"}],"author":[{"embeddable":true,"href":"https:\/\/linitiative.ca\/International\/wp-json\/wp\/v2\/users\/1965"}],"replies":[{"embeddable":true,"href":"https:\/\/linitiative.ca\/International\/wp-json\/wp\/v2\/comments?post=74273"}],"version-history":[{"count":0,"href":"https:\/\/linitiative.ca\/International\/wp-json\/wp\/v2\/posts\/74273\/revisions"}],"wp:attachment":[{"href":"https:\/\/linitiative.ca\/International\/wp-json\/wp\/v2\/media?parent=74273"}],"wp:term":[{"taxonomy":"category","embeddable":true,"href":"https:\/\/linitiative.ca\/International\/wp-json\/wp\/v2\/categories?post=74273"},{"taxonomy":"post_tag","embeddable":true,"href":"https:\/\/linitiative.ca\/International\/wp-json\/wp\/v2\/tags?post=74273"}],"curies":[{"name":"wp","href":"https:\/\/api.w.org\/{rel}","templated":true}]}}