{"id":74276,"date":"2020-01-27T07:52:32","date_gmt":"2020-01-27T12:52:32","guid":{"rendered":"https:\/\/linitiative.ca\/International\/football-feminin-le-maroc-affronte-la-tunisie-en-amical\/"},"modified":"2020-01-27T07:52:32","modified_gmt":"2020-01-27T12:52:32","slug":"football-feminin-le-maroc-affronte-la-tunisie-en-amical","status":"publish","type":"post","link":"https:\/\/linitiative.ca\/International\/football-feminin-le-maroc-affronte-la-tunisie-en-amical\/","title":{"rendered":"Football f\u00e9minin : Le Maroc affronte la Tunisie en amical"},"content":{"rendered":"<header>\n<div class=\"entry-post-meta\">\n<div class=\"author-link\">Publi\u00e9 par <a itemprop=\"author\" itemscope=\"\" itemtype=\"https:\/\/schema.org\/Person\" href=\"http:\/\/aujourdhui.ma\/profile\/kaid\" rel=\"author\"><span itemprop=\"name\">ALM<\/span><\/a><\/div>\n<p>Date\u00a0:<time content=\"2020-01-27T13:52:32+00:00\" class=\"entry-date updated\" datetime=\"2020-01-27T13:52:32+00:00\">janvier 27, 2020<\/time><\/p>\n<div class=\"entry-cat\">dans:<a href=\"http:\/\/aujourdhui.ma\/category\/sports\" rel=\"category tag\">Sports<\/a><\/div>\n<p>0 Vues<\/p>\n<\/div>\n<\/header>\n<div class=\"entry-content clearfix\" readability=\"41\"><img decoding=\"async\" class=\"post_layout_5_img\" src=\"http:\/\/aujourdhui.ma\/wp-content\/uploads\/2020\/01\/Football-fe%CC%81minin-L%E2%80%99e%CC%81quipe-national.jpg?x29840\" alt=\"Football f\u00e9minin : Le Maroc affronte la Tunisie en amical\"\/><\/p>\n<p class=\"p1\"><span class=\"s1 c5\"><span class=\"c4\"><strong>La s\u00e9lection marocaine f\u00e9minine disputera deux matchs amicaux face \u00e0 son homologue tunisienne les 28 et 31 janvier, a annonc\u00e9 samedi la F\u00e9d\u00e9ration royale marocaine de football (FRMF).<\/strong><\/span><\/span> <span id=\"more-331112\"\/><\/p>\n<p class=\"p1\"><span class=\"s1\">La premi\u00e8re confrontation entre les deux s\u00e9lections se d\u00e9roulera mardi au stade Boubker Ammar \u00e0 Sal\u00e9 (15h00), tandis que la seconde est programm\u00e9e trois jours plus tard au stade municipal de T\u00e9mara (11h00). Cette double confrontation fait partie du programme de pr\u00e9paration des Lionnes de l\u2019Atlas aux prochaines \u00e9ch\u00e9ances, a pr\u00e9cis\u00e9 le communiqu\u00e9.<\/span><\/p>\n<\/div>\n<p>Auteur: ALM<br \/>\n<a href=\"http:\/\/aujourdhui.ma\/sports\/football-feminin-le-maroc-affronte-la-tunisie-en-amical\">Cliquez ici pour lire l&rsquo;article depuis sa source.<\/a><\/p>\n","protected":false},"excerpt":{"rendered":"<p>Publi\u00e9 par ALM Date\u00a0:janvier 27, 2020 dans:Sports 0 Vues La s\u00e9lection marocaine f\u00e9minine disputera deux matchs amicaux face \u00e0 son homologue tunisienne les 28 et 31 janvier, a annonc\u00e9 samedi la F\u00e9d\u00e9ration royale marocaine de football (FRMF). La premi\u00e8re confrontation entre les deux s\u00e9lections se d\u00e9roulera mardi au stade Boubker Ammar \u00e0 Sal\u00e9 (15h00), tandis [&hellip;]<\/p>\n","protected":false},"author":1759,"featured_media":0,"comment_status":"closed","ping_status":"closed","sticky":false,"template":"","format":"standard","meta":{"fifu_image_url":"","fifu_image_alt":"","footnotes":""},"categories":[73,54],"tags":[],"class_list":["post-74276","post","type-post","status-publish","format-standard","hentry","category-actualite","category-maroc"],"_links":{"self":[{"href":"https:\/\/linitiative.ca\/International\/wp-json\/wp\/v2\/posts\/74276","targetHints":{"allow":["GET"]}}],"collection":[{"href":"https:\/\/linitiative.ca\/International\/wp-json\/wp\/v2\/posts"}],"about":[{"href":"https:\/\/linitiative.ca\/International\/wp-json\/wp\/v2\/types\/post"}],"author":[{"embeddable":true,"href":"https:\/\/linitiative.ca\/International\/wp-json\/wp\/v2\/users\/1759"}],"replies":[{"embeddable":true,"href":"https:\/\/linitiative.ca\/International\/wp-json\/wp\/v2\/comments?post=74276"}],"version-history":[{"count":0,"href":"https:\/\/linitiative.ca\/International\/wp-json\/wp\/v2\/posts\/74276\/revisions"}],"wp:attachment":[{"href":"https:\/\/linitiative.ca\/International\/wp-json\/wp\/v2\/media?parent=74276"}],"wp:term":[{"taxonomy":"category","embeddable":true,"href":"https:\/\/linitiative.ca\/International\/wp-json\/wp\/v2\/categories?post=74276"},{"taxonomy":"post_tag","embeddable":true,"href":"https:\/\/linitiative.ca\/International\/wp-json\/wp\/v2\/tags?post=74276"}],"curies":[{"name":"wp","href":"https:\/\/api.w.org\/{rel}","templated":true}]}}