{"id":74281,"date":"2020-01-27T06:12:27","date_gmt":"2020-01-27T11:12:27","guid":{"rendered":"https:\/\/linitiative.ca\/International\/%ef%bb%bfsoiree-caritative-au-profit-des-enfants-atteints-dun-cancer\/"},"modified":"2020-01-27T06:12:27","modified_gmt":"2020-01-27T11:12:27","slug":"%ef%bb%bfsoiree-caritative-au-profit-des-enfants-atteints-dun-cancer","status":"publish","type":"post","link":"https:\/\/linitiative.ca\/International\/%ef%bb%bfsoiree-caritative-au-profit-des-enfants-atteints-dun-cancer\/","title":{"rendered":"\ufeffSoir\u00e9e caritative au profit des enfants atteints d\u2019un cancer"},"content":{"rendered":"<p class=\"has-text-color has-vivid-red-color c2\"><strong>Des artistes unissent leur voix pour la bonne cause<\/strong><\/p>\n<p class=\"has-text-color c3\"><strong>L\u2019Association Moroccan Millenium Leaders a organis\u00e9 une soir\u00e9e caritative destin\u00e9e \u00e0 collecter des fonds pour soutenir les enfants atteints d\u2019un cancer. Le samedi25 Janvier, le Th\u00e9\u00e2tre National Mohammed V de Rabat a vu chanter la diff\u00e9rence, le vivre ensemble, l\u2019acceptation de l\u2019autre et la tol\u00e9rance \u00e0 travers la chanson marocaine.<\/strong><\/p>\n<p>Cette soir\u00e9e a \u00e9t\u00e9 marqu\u00e9e par les performances de Raymonde Al Bidaouya, El Hajja El Hamdaouia et Mourad Bouriki. Ces trois artistes, se sont engag\u00e9es pour porter la voix de ces personnes atteintes d\u2019un cancer durant cette soir\u00e9e. A travers cette soir\u00e9e musicale, ces artistes ont contribu\u00e9 \u00e0 porter fi\u00e8rement les valeurs d\u2019un Maroc solidaire.<\/p>\n<p>Cette manifestation artistique a mis \u00e0 l\u2019honneur de grands ambassadeurs d\u2019un Maroc g\u00e9n\u00e9reux et talentueux qui ont mis en valeur un patrimoine de voix riche et vari\u00e9, puissant dans la culture marocaine.<\/p>\n<p>Pour cette soir\u00e9e riche en promesses, un d\u00eener de gala et une vente aux ench\u00e8res ont \u00e9t\u00e9 les moments cl\u00e9s de l\u2019\u00e9v\u00e8nement. \u00abLes recettes de ce spectacle caritatif, organis\u00e9 par l\u2019association Moroccan Millennium Leaders, ont \u00e9t\u00e9 revers\u00e9es sur un compte bancaire, au b\u00e9n\u00e9fice de ces enfants qui pr\u00e9sentent l\u2019avenir de notre pays. Nous devons nous en pr\u00e9occuper et leur tendre la main d\u00e8s aujourd\u2019hui\u00bb, soulignent les organisateurs.<\/p>\n<p>La soir\u00e9e a \u00e9t\u00e9 rythm\u00e9e par le talentueux Mourad Bouriki, qui a inaugur\u00e9 la soir\u00e9e, suivi de l\u2019incroyable artiste Hajja El Hamdaouia, qui a laiss\u00e9 ensuite place \u00e0 l\u2019incontournable r\u00e9f\u00e9rence de la \u00abAita\u00bb marocaine, Raymonde El Bidaouia.<\/p>\n<p>Il est \u00e0 noter que, la collecte de la billetterie permettra aux organisateurs de ce concert de financer le r\u00e9am\u00e9nagement de chambres du CHU Ibn Sina, dans le service d\u2019oncologie de l\u2019h\u00f4pital d\u2019enfants de la capitale. Une fois r\u00e9am\u00e9nag\u00e9es, ces chambres seront pourvues de tout le mat\u00e9riel et du confort n\u00e9cessaires \u00e0 l\u2019accueil, dans de bonnes conditions, des enfants malades et de leurs parents.<\/p>\n<p class=\"c4\">O.k<\/p>\n<p>Auteur: M&rsquo;hammed rahal<br \/>\n<a href=\"http:\/\/albayane.press.ma\/%EF%BB%BFsoiree-caritative-au-profit-des-enfants-atteints-dun-cancer.html\">Cliquez ici pour lire l&rsquo;article depuis sa source.<\/a><\/p>\n","protected":false},"excerpt":{"rendered":"<p>Des artistes unissent leur voix pour la bonne cause L\u2019Association Moroccan Millenium Leaders a organis\u00e9 une soir\u00e9e caritative destin\u00e9e \u00e0 collecter des fonds pour soutenir les enfants atteints d\u2019un cancer. Le samedi25 Janvier, le Th\u00e9\u00e2tre National Mohammed V de Rabat a vu chanter la diff\u00e9rence, le vivre ensemble, l\u2019acceptation de l\u2019autre et la tol\u00e9rance \u00e0 [&hellip;]<\/p>\n","protected":false},"author":1760,"featured_media":0,"comment_status":"closed","ping_status":"closed","sticky":false,"template":"","format":"standard","meta":{"fifu_image_url":"","fifu_image_alt":"","footnotes":""},"categories":[73,54],"tags":[],"class_list":["post-74281","post","type-post","status-publish","format-standard","hentry","category-actualite","category-maroc"],"_links":{"self":[{"href":"https:\/\/linitiative.ca\/International\/wp-json\/wp\/v2\/posts\/74281","targetHints":{"allow":["GET"]}}],"collection":[{"href":"https:\/\/linitiative.ca\/International\/wp-json\/wp\/v2\/posts"}],"about":[{"href":"https:\/\/linitiative.ca\/International\/wp-json\/wp\/v2\/types\/post"}],"author":[{"embeddable":true,"href":"https:\/\/linitiative.ca\/International\/wp-json\/wp\/v2\/users\/1760"}],"replies":[{"embeddable":true,"href":"https:\/\/linitiative.ca\/International\/wp-json\/wp\/v2\/comments?post=74281"}],"version-history":[{"count":0,"href":"https:\/\/linitiative.ca\/International\/wp-json\/wp\/v2\/posts\/74281\/revisions"}],"wp:attachment":[{"href":"https:\/\/linitiative.ca\/International\/wp-json\/wp\/v2\/media?parent=74281"}],"wp:term":[{"taxonomy":"category","embeddable":true,"href":"https:\/\/linitiative.ca\/International\/wp-json\/wp\/v2\/categories?post=74281"},{"taxonomy":"post_tag","embeddable":true,"href":"https:\/\/linitiative.ca\/International\/wp-json\/wp\/v2\/tags?post=74281"}],"curies":[{"name":"wp","href":"https:\/\/api.w.org\/{rel}","templated":true}]}}